{"id":43915,"date":"2021-07-28T02:51:08","date_gmt":"2021-07-27T22:51:08","guid":{"rendered":"https:\/\/fedai.az\/?p=43915"},"modified":"2021-07-28T17:33:13","modified_gmt":"2021-07-28T13:33:13","slug":"tbmm-s%c9%99dri-baki-b%c9%99yannam%c9%99sini-tarixi-nailiyy%c9%99t-adlandirdi","status":"publish","type":"post","link":"https:\/\/fedai.az\/?p=43915","title":{"rendered":"TBMM s\u0259dri Bak\u0131 B\u0259yannam\u0259sini tarixi nailiyy\u0259t adland\u0131rd\u0131"},"content":{"rendered":"\n<p><strong>T\u00fcrkiy\u0259 B\u00f6y\u00fck Mill\u0259t M\u0259clisinin (TBMM) s\u0259dri Mustafa \u015eentop Az\u0259rbaycan\u0131n 44 g\u00fcnl\u00fck V\u0259t\u0259n m\u00fcharib\u0259sind\u0259ki haql\u0131 m\u00fcbariz\u0259sind\u0259 dost v\u0259 qarda\u015f \u00f6lk\u0259l\u0259rin rolundan dan\u0131\u015f\u0131b.<\/strong><\/p>\n\n\n\n<p>T\u00fcrkiy\u0259 parlamentinin s\u0259dri &#171;HaberGlobal&#187; televiziyas\u0131na ekskl\u00fcziv m\u00fcsahib\u0259sind\u0259 z\u0259f\u0259rd\u0259 T\u00fcrkiy\u0259 il\u0259 b\u0259rab\u0259r, Pakistan\u0131n da m\u0259n\u0259vi d\u0259st\u0259yinin olduqca vacib rol oynad\u0131\u011f\u0131n\u0131 bildirib: &#171;Bu m\u0259nada niy\u0259 bu h\u0259mr\u0259yliyi daha geni\u015f sferada inki\u015faf etdirm\u0259y\u0259k dey\u0259 d\u00fc\u015f\u00fcnd\u00fck. Bug\u00fcnk\u00fc imzalad\u0131\u011f\u0131m\u0131z Bak\u0131 B\u0259yannam\u0259si m\u0259hz bu fikir n\u0259tic\u0259sind\u0259 \u0259rs\u0259y\u0259 g\u0259lmi\u015f oldu&#187;.<\/p>\n\n\n\n<p><strong>M.\u015eentop bu bax\u0131mdan T\u00fcrkiy\u0259, Az\u0259rbaycan v\u0259 Pakistan parlament s\u0259drl\u0259rinin iyulun 27-d\u0259 imzalad\u0131qlar\u0131 Bak\u0131 B\u0259yannam\u0259sini tarixi nailiyy\u0259t adland\u0131r\u0131b.<\/strong><\/p>\n","protected":false},"excerpt":{"rendered":"<p>T\u00fcrkiy\u0259 B\u00f6y\u00fck Mill\u0259t M\u0259clisinin (TBMM) s\u0259dri Mustafa \u015eentop Az\u0259rbaycan\u0131n 44 g\u00fcnl\u00fck V\u0259t\u0259n m\u00fcharib\u0259sind\u0259ki haql\u0131 m\u00fcbariz\u0259sind\u0259 dost v\u0259 qarda\u015f \u00f6lk\u0259l\u0259rin rolundan dan\u0131\u015f\u0131b. T\u00fcrkiy\u0259 parlamentinin s\u0259dri<\/p>\n","protected":false},"author":2,"featured_media":43916,"comment_status":"closed","ping_status":"closed","sticky":false,"template":"","format":"standard","meta":{"footnotes":""},"categories":[1],"tags":[],"class_list":["post-43915","post","type-post","status-publish","format-standard","has-post-thumbnail","hentry","category-siyast"],"aioseo_notices":[],"_links":{"self":[{"href":"https:\/\/fedai.az\/index.php?rest_route=\/wp\/v2\/posts\/43915","targetHints":{"allow":["GET"]}}],"collection":[{"href":"https:\/\/fedai.az\/index.php?rest_route=\/wp\/v2\/posts"}],"about":[{"href":"https:\/\/fedai.az\/index.php?rest_route=\/wp\/v2\/types\/post"}],"author":[{"embeddable":true,"href":"https:\/\/fedai.az\/index.php?rest_route=\/wp\/v2\/users\/2"}],"replies":[{"embeddable":true,"href":"https:\/\/fedai.az\/index.php?rest_route=%2Fwp%2Fv2%2Fcomments&post=43915"}],"version-history":[{"count":2,"href":"https:\/\/fedai.az\/index.php?rest_route=\/wp\/v2\/posts\/43915\/revisions"}],"predecessor-version":[{"id":43943,"href":"https:\/\/fedai.az\/index.php?rest_route=\/wp\/v2\/posts\/43915\/revisions\/43943"}],"wp:featuredmedia":[{"embeddable":true,"href":"https:\/\/fedai.az\/index.php?rest_route=\/wp\/v2\/media\/43916"}],"wp:attachment":[{"href":"https:\/\/fedai.az\/index.php?rest_route=%2Fwp%2Fv2%2Fmedia&parent=43915"}],"wp:term":[{"taxonomy":"category","embeddable":true,"href":"https:\/\/fedai.az\/index.php?rest_route=%2Fwp%2Fv2%2Fcategories&post=43915"},{"taxonomy":"post_tag","embeddable":true,"href":"https:\/\/fedai.az\/index.php?rest_route=%2Fwp%2Fv2%2Ftags&post=43915"}],"curies":[{"name":"wp","href":"https:\/\/api.w.org\/{rel}","templated":true}]}}