{"id":43924,"date":"2021-07-28T11:33:54","date_gmt":"2021-07-28T07:33:54","guid":{"rendered":"https:\/\/fedai.az\/?p=43924"},"modified":"2021-07-28T11:43:19","modified_gmt":"2021-07-28T07:43:19","slug":"az%c9%99rbaycan-dovl%c9%99t-s%c9%99rh%c9%99dind%c9%99-baki-vaxti-il%c9%99-saat-1000-dan-etibar%c9%99n-at%c9%99sk%c9%99s-elan-olunub","status":"publish","type":"post","link":"https:\/\/fedai.az\/?p=43924","title":{"rendered":"Az\u0259rbaycan d\u00f6vl\u0259t s\u0259rh\u0259dind\u0259 Bak\u0131 vaxt\u0131 il\u0259 saat 10:00-dan etibar\u0259n at\u0259\u015fk\u0259s elan olunub"},"content":{"rendered":"\n<p><strong>Az\u0259rbaycan M\u00fcdafi\u0259 Nazirliyinin m\u0259lumat\u0131na g\u00f6r\u0259, bu g\u00fcn saat 00:50 rad\u0259l\u0259rind\u0259n ba\u015flayaraq Erm\u0259nistan silahl\u0131 q\u00fcvv\u0259l\u0259rinin b\u00f6lm\u0259l\u0259ri Basarke\u00e7\u0259r rayonu \u0259razisind\u0259ki m\u00fcxt\u0259lif istiqam\u0259tl\u0259rd\u0259 yerl\u0259\u015f\u0259n d\u00f6y\u00fc\u015f m\u00f6vqel\u0259rind\u0259n Az\u0259rbaycan Ordusunun K\u0259lb\u0259c\u0259r rayonu \u0259razisind\u0259ki m\u00f6vqel\u0259rini at\u0131c\u0131 silahlar v\u0259 qumbaraatanlardan n\u00f6vb\u0259ti d\u0259f\u0259 intensiv at\u0259\u015f\u0259 tutub. Qar\u015f\u0131 t\u0259r\u0259fd\u0259n a\u00e7\u0131lan at\u0259\u015f n\u0259tic\u0259sind\u0259 iki h\u0259rbi qulluq\u00e7umuz \u2014 \u018fliyev Sadiq Nizami o\u011flu v\u0259 \u0130mranl\u0131 \u0130mran Dilq\u0259m o\u011flu yaralan\u0131b.<\/strong><\/p>\n\n\n\n<p>Yaral\u0131lara ilkin tibbi yard\u0131m g\u00f6st\u0259rilib, onlar\u0131n h\u0259yatlar\u0131 \u00fc\u00e7\u00fcn t\u0259hl\u00fck\u0259 yoxdur.<\/p>\n\n\n\n<p><br>Az\u0259rbaycan Ordusunun bu istiqam\u0259td\u0259 yerl\u0259\u015f\u0259n b\u00f6lm\u0259l\u0259ri t\u0259r\u0259find\u0259n adekvat cavab t\u0259dbirl\u0259ri n\u0259tic\u0259sind\u0259 Erm\u0259nistan ordusunun 3 h\u0259rb\u00e7isi m\u0259hv edilib.<\/p>\n\n\n\n<p><br>Erm\u0259nistan M\u00fcdafi\u0259 Nazirliyi a\u00e7\u0131qlamas\u0131nda c\u0259bh\u0259d\u0259 intensiv d\u00f6y\u00fc\u015fl\u0259rin getdiyini, \u00fc\u00e7 erm\u0259ni h\u0259rb\u00e7inin \u00f6ld\u00fcy\u00fcn\u00fc, ikisinin is\u0259 yaraland\u0131\u011f\u0131n\u0131 a\u00e7\u0131qlay\u0131b.<\/p>\n\n\n\n<p>Daha sonra Az\u0259rbaycan M\u00fcdafi\u0259 Nazirliyi a\u00e7\u0131qlama yayaraq Erm\u0259nistan-Az\u0259rbaycan d\u00f6vl\u0259t s\u0259rh\u0259dind\u0259 Bak\u0131 vaxt\u0131 il\u0259 saat 10:00-dan etibar\u0259n at\u0259\u015fk\u0259sin elan olunmas\u0131 il\u0259 ba\u011fl\u0131 Rusiya t\u0259r\u0259finin t\u0259\u015f\u0259bb\u00fcs\u00fcn\u00fcn t\u0259r\u0259fimizd\u0259n q\u0259bul edildiyini b\u0259yan edib.<\/p>\n\n\n\n<p><br>Qeyd olunur ki, buna baxmayaraq, Erm\u0259nistan t\u0259r\u0259fi \u0259lav\u0259 olaraq tank v\u0259 120-millimetrlik minaatanlardan istifad\u0259 etm\u0259kl\u0259 v\u0259ziyy\u0259ti g\u0259rginl\u0259\u015fdirm\u0259kd\u0259 v\u0259 m\u00f6vqel\u0259rimizi at\u0259\u015f\u0259 tutmaqda davam edir.<\/p>\n\n\n\n<p>M\u0259nb\u0259: Veteran.az<\/p>\n","protected":false},"excerpt":{"rendered":"<p>Az\u0259rbaycan M\u00fcdafi\u0259 Nazirliyinin m\u0259lumat\u0131na g\u00f6r\u0259, bu g\u00fcn saat 00:50 rad\u0259l\u0259rind\u0259n ba\u015flayaraq Erm\u0259nistan silahl\u0131 q\u00fcvv\u0259l\u0259rinin b\u00f6lm\u0259l\u0259ri Basarke\u00e7\u0259r rayonu \u0259razisind\u0259ki m\u00fcxt\u0259lif istiqam\u0259tl\u0259rd\u0259 yerl\u0259\u015f\u0259n d\u00f6y\u00fc\u015f m\u00f6vqel\u0259rind\u0259n Az\u0259rbaycan<\/p>\n","protected":false},"author":2,"featured_media":43925,"comment_status":"closed","ping_status":"closed","sticky":false,"template":"","format":"standard","meta":{"footnotes":""},"categories":[4],"tags":[],"class_list":["post-43924","post","type-post","status-publish","format-standard","has-post-thumbnail","hentry","category-qarabag"],"aioseo_notices":[],"_links":{"self":[{"href":"https:\/\/fedai.az\/index.php?rest_route=\/wp\/v2\/posts\/43924","targetHints":{"allow":["GET"]}}],"collection":[{"href":"https:\/\/fedai.az\/index.php?rest_route=\/wp\/v2\/posts"}],"about":[{"href":"https:\/\/fedai.az\/index.php?rest_route=\/wp\/v2\/types\/post"}],"author":[{"embeddable":true,"href":"https:\/\/fedai.az\/index.php?rest_route=\/wp\/v2\/users\/2"}],"replies":[{"embeddable":true,"href":"https:\/\/fedai.az\/index.php?rest_route=%2Fwp%2Fv2%2Fcomments&post=43924"}],"version-history":[{"count":2,"href":"https:\/\/fedai.az\/index.php?rest_route=\/wp\/v2\/posts\/43924\/revisions"}],"predecessor-version":[{"id":43927,"href":"https:\/\/fedai.az\/index.php?rest_route=\/wp\/v2\/posts\/43924\/revisions\/43927"}],"wp:featuredmedia":[{"embeddable":true,"href":"https:\/\/fedai.az\/index.php?rest_route=\/wp\/v2\/media\/43925"}],"wp:attachment":[{"href":"https:\/\/fedai.az\/index.php?rest_route=%2Fwp%2Fv2%2Fmedia&parent=43924"}],"wp:term":[{"taxonomy":"category","embeddable":true,"href":"https:\/\/fedai.az\/index.php?rest_route=%2Fwp%2Fv2%2Fcategories&post=43924"},{"taxonomy":"post_tag","embeddable":true,"href":"https:\/\/fedai.az\/index.php?rest_route=%2Fwp%2Fv2%2Ftags&post=43924"}],"curies":[{"name":"wp","href":"https:\/\/api.w.org\/{rel}","templated":true}]}}