{"id":43932,"date":"2021-07-28T12:23:50","date_gmt":"2021-07-28T08:23:50","guid":{"rendered":"https:\/\/fedai.az\/?p=43932"},"modified":"2021-07-28T12:24:02","modified_gmt":"2021-07-28T08:24:02","slug":"at%c9%99sk%c9%99s-elan-ed%c9%99n-erm%c9%99nistan-at%c9%99si-k%c9%99sm%c9%99yib","status":"publish","type":"post","link":"https:\/\/fedai.az\/?p=43932","title":{"rendered":"At\u0259\u015fk\u0259s elan ed\u0259n Erm\u0259nistan at\u0259\u015fi k\u0259sm\u0259yib"},"content":{"rendered":"\n<p><strong>Az\u0259rbaycan M\u00fcdafi\u0259 Nazirliyinin \u0259n son m\u0259lumat\u0131na g\u00f6r\u0259, Erm\u0259nistanla s\u0259rh\u0259dd\u0259 h\u0259l\u0259 d\u0259 at\u0131\u015fma davam edir.<\/strong><\/p>\n\n\n\n<p>\u00c7\u0259r\u015f\u0259nb\u0259 g\u00fcn\u00fcn\u0259 ke\u00e7\u0259n gec\u0259 pozulan at\u0259\u015fk\u0259s n\u0259tic\u0259sind\u0259 \u00f6l\u0259n v\u0259 yaralananlar var<em><strong>.<\/strong><\/em><\/p>\n\n\n\n<p>Erm\u0259nistan 3 h\u0259rb\u00e7isinin \u00f6ld\u00fcy\u00fcn\u00fc, ikisinin yaraland\u0131\u011f\u0131n\u0131 bildirib. Az\u0259rbaycan da iki h\u0259rb\u00e7isinin yaraland\u0131\u011f\u0131n\u0131 a\u00e7\u0131qlay\u0131b.<\/p>\n\n\n\n<p>Az\u0259rbaycan v\u0259 Erm\u0259nistan at\u0259\u015fk\u0259sin pozulmas\u0131nda bir-birini ittiham edir.<\/p>\n\n\n\n<p>Az\u0259rbaycan M\u00fcdafi\u0259 Nazirliyi yayd\u0131\u011f\u0131 son m\u0259lumatda bildirib ki, Erm\u0259nistan-Az\u0259rbaycan d\u00f6vl\u0259t s\u0259rh\u0259dind\u0259 Bak\u0131 vaxt\u0131 il\u0259 saat 10:00-dan etibar\u0259n at\u0259\u015fk\u0259sin elan olunmas\u0131 il\u0259 ba\u011fl\u0131 Rusiya t\u0259r\u0259finin t\u0259\u015f\u0259bb\u00fcs\u00fcn\u00fc q\u0259bul ets\u0259l\u0259r d\u0259, &#171;Erm\u0259nistan t\u0259r\u0259fi \u0259lav\u0259 olaraq tank v\u0259 120-millimetrlik minaatanlardan istifad\u0259 etm\u0259kl\u0259 v\u0259ziyy\u0259ti g\u0259rginl\u0259\u015fdirm\u0259kd\u0259 v\u0259 m\u00f6vqel\u0259ri at\u0259\u015f\u0259 tutmaqda davam edir&#187;.&nbsp;<\/p>\n\n\n\n<p>Az\u0259rbaycan M\u00fcdafi\u0259 Nazirliyi a\u00e7\u0131qlay\u0131b ki, iyulun 28-n\u0259 ke\u00e7\u0259n gec\u0259 Erm\u0259nistan silahl\u0131 q\u00fcvv\u0259l\u0259rinin b\u00f6lm\u0259l\u0259ri Basarke\u00e7\u0259r rayonu \u0259razisind\u0259n Az\u0259rbaycan ordusunun K\u0259lb\u0259c\u0259r rayonu \u0259razisind\u0259ki m\u00f6vqel\u0259rini at\u0131c\u0131 silahlar v\u0259 qumbaraatanlardan n\u00f6vb\u0259ti d\u0259f\u0259 intensiv at\u0259\u015f\u0259 tutub.<\/p>\n\n\n\n<p>N\u0259tic\u0259d\u0259 Az\u0259rbaycan\u0131n iki h\u0259rbi qulluq\u00e7usu &#8212; \u018fliyev Sadiq Nizami o\u011flu v\u0259 \u0130mranl\u0131 \u0130mran Dilq\u0259m o\u011flu yaralan\u0131b, nazirlik bildirib.<\/p>\n\n\n\n<p>M\u0259nb\u0259: BBC<\/p>\n","protected":false},"excerpt":{"rendered":"<p>Az\u0259rbaycan M\u00fcdafi\u0259 Nazirliyinin \u0259n son m\u0259lumat\u0131na g\u00f6r\u0259, Erm\u0259nistanla s\u0259rh\u0259dd\u0259 h\u0259l\u0259 d\u0259 at\u0131\u015fma davam edir. \u00c7\u0259r\u015f\u0259nb\u0259 g\u00fcn\u00fcn\u0259 ke\u00e7\u0259n gec\u0259 pozulan at\u0259\u015fk\u0259s n\u0259tic\u0259sind\u0259 \u00f6l\u0259n v\u0259 yaralananlar<\/p>\n","protected":false},"author":2,"featured_media":43933,"comment_status":"closed","ping_status":"closed","sticky":false,"template":"","format":"standard","meta":{"footnotes":""},"categories":[4],"tags":[],"class_list":["post-43932","post","type-post","status-publish","format-standard","has-post-thumbnail","hentry","category-qarabag"],"aioseo_notices":[],"_links":{"self":[{"href":"https:\/\/fedai.az\/index.php?rest_route=\/wp\/v2\/posts\/43932","targetHints":{"allow":["GET"]}}],"collection":[{"href":"https:\/\/fedai.az\/index.php?rest_route=\/wp\/v2\/posts"}],"about":[{"href":"https:\/\/fedai.az\/index.php?rest_route=\/wp\/v2\/types\/post"}],"author":[{"embeddable":true,"href":"https:\/\/fedai.az\/index.php?rest_route=\/wp\/v2\/users\/2"}],"replies":[{"embeddable":true,"href":"https:\/\/fedai.az\/index.php?rest_route=%2Fwp%2Fv2%2Fcomments&post=43932"}],"version-history":[{"count":1,"href":"https:\/\/fedai.az\/index.php?rest_route=\/wp\/v2\/posts\/43932\/revisions"}],"predecessor-version":[{"id":43934,"href":"https:\/\/fedai.az\/index.php?rest_route=\/wp\/v2\/posts\/43932\/revisions\/43934"}],"wp:featuredmedia":[{"embeddable":true,"href":"https:\/\/fedai.az\/index.php?rest_route=\/wp\/v2\/media\/43933"}],"wp:attachment":[{"href":"https:\/\/fedai.az\/index.php?rest_route=%2Fwp%2Fv2%2Fmedia&parent=43932"}],"wp:term":[{"taxonomy":"category","embeddable":true,"href":"https:\/\/fedai.az\/index.php?rest_route=%2Fwp%2Fv2%2Fcategories&post=43932"},{"taxonomy":"post_tag","embeddable":true,"href":"https:\/\/fedai.az\/index.php?rest_route=%2Fwp%2Fv2%2Ftags&post=43932"}],"curies":[{"name":"wp","href":"https:\/\/api.w.org\/{rel}","templated":true}]}}