{"id":43964,"date":"2021-07-29T01:23:10","date_gmt":"2021-07-28T21:23:10","guid":{"rendered":"https:\/\/fedai.az\/?p=43964"},"modified":"2021-07-29T01:23:14","modified_gmt":"2021-07-28T21:23:14","slug":"az%c9%99rbaycan-ordusu-surung%c9%99n-muharib%c9%99-taktikasini-ugurla-h%c9%99yata-kecirir-erm%c9%99ni-mediasi","status":"publish","type":"post","link":"https:\/\/fedai.az\/?p=43964","title":{"rendered":"Az\u0259rbaycan Ordusu &#171;S\u00fcr\u00fcng\u0259n m\u00fcharib\u0259&#187; taktikas\u0131n\u0131 u\u011furla h\u0259yata ke\u00e7irir &#8212; Erm\u0259ni medias\u0131"},"content":{"rendered":"\n<p><strong>Basarke\u00e7\u0259r \u0259razisind\u0259ki t\u0259mas x\u0259ttind\u0259ki v\u0259ziyy\u0259t\u0259 sahib olan @wargonzo layih\u0259si Az\u0259rbaycan Ordususunun u\u011furlu \u0259m\u0259liyyat\u0131ndan b\u0259hs edib.<\/strong><\/p>\n\n\n\n<p>Bloger Mikael Badalyana istinad\u0259n x\u0259b\u0259r verir ki, r\u0259smi m\u0259nb\u0259l\u0259r \u00fc\u00e7 h\u0259rb\u00e7inin h\u0259lak oldu\u011funu des\u0259 d\u0259, ordu komandanl\u0131\u011f\u0131 itkil\u0259rin say\u0131n\u0131n daha \u00e7ox ola bil\u0259c\u0259yini bildirir.<\/p>\n\n\n\n<p>\u201cAz\u0259rbaycan piyada q\u00fcvv\u0259l\u0259ri b\u00f6lg\u0259d\u0259 yerl\u0259\u015f\u0259n \u0259n az\u0131 daha iki postu \u0259l\u0259 ke\u00e7irib\u201d, \u2013 dey\u0259 m\u0259lumatda bildirilir.<\/p>\n\n\n\n<p>Erm\u0259ni m\u0259tbuat\u0131 Ankara v\u0259 Bak\u0131n\u0131n ortaq bir ordu yaradaca\u011f\u0131 bar\u0259d\u0259 b\u0259yanatlar\u0131n\u0131 t\u0259sad\u00fcfi saym\u0131r. H\u0259rbi ekspertl\u0259r iddia edir ki, T\u00fcrkiy\u0259 parlamentinin spikerinin diqq\u0259t\u0259layiq bir a\u00e7\u0131qlamas\u0131 fonunda ba\u015fqa bir eskalasiya ba\u015f verir. \u201c\u00d6t\u0259nilki m\u00fcharib\u0259 mahiyy\u0259tin\u0259 varsaq g\u00f6r\u0259rik ki, t\u00fcrk zabitl\u0259rinin r\u0259hb\u0259rlik etdiyi ortaq ordu r\u0259smi b\u0259yannam\u0259l\u0259rd\u0259n \u00e7ox \u0259vv\u0259l yarad\u0131l\u0131b. Onu da qeyd etm\u0259k vacibdir ki, haz\u0131rda Az\u0259rbaycan Silahl\u0131 Q\u00fcvv\u0259l\u0259rinin h\u0259rbi \u0259m\u0259liyyatlar\u0131 he\u00e7 bir halda Rusiya Federasiyas\u0131n\u0131n s\u00fclhm\u0259raml\u0131 q\u00fcvv\u0259l\u0259rinin \u0259m\u0259liyyat zonas\u0131nda ba\u015f vermir. Bu da \u0259sas m\u0259qam say\u0131lmal\u0131d\u0131r.<\/p>\n\n\n\n<p>Az\u0259rbaycanl\u0131lar Erm\u0259nistan\u0131n d\u0259rinlikl\u0259rin\u0259 do\u011fru h\u0259r\u0259k\u0259t edirl\u0259r. \u00dcst\u0259lik, h\u0259r\u0259k\u0259tl\u0259ri a\u00e7\u0131q \u015f\u0259kild\u0259 Ukrayna Silahl\u0131 Q\u00fcvv\u0259l\u0259rinin alt\u0131 ildir \u2013 2015-ci ild\u0259 Minsk raz\u0131la\u015fmalar\u0131 imzaland\u0131qdan sonra f\u0259al \u015f\u0259kild\u0259 istifad\u0259 etdiyi Kiyevin \u201cS\u00fcr\u00fcng\u0259n m\u00fcharib\u0259\u201d taktikas\u0131na b\u0259nz\u0259yir.<\/p>\n\n\n\n<p>\u018fvv\u0259lc\u0259 \u2013 top at\u0259\u015fi, daha sonra \u2013 piyadalar\u0131n \u201cboz zonada\u201d ir\u0259lil\u0259m\u0259si v\u0259 n\u0259hay\u0259t, d\u00fc\u015fm\u0259n m\u00f6vqel\u0259rini tutmaq \u00fc\u00e7\u00fcn birba\u015fa c\u0259hdl\u0259r.<\/p>\n\n\n\n<p>@Wargonzo layih\u0259sin\u0259 g\u00f6r\u0259, Bak\u0131n\u0131n \u201cS\u00fcr\u00fcng\u0259n m\u00fcharib\u0259\u201d taktikas\u0131 n\u0259tic\u0259sind\u0259 az\u0259rbaycanl\u0131lar neytral zonan\u0131n (b\u0259z\u0259n eni 3-5 km-\u0259 \u00e7at\u0131r) v\u0259 dig\u0259r istiqam\u0259tl\u0259rd\u0259 \u0259h\u0259miyy\u0259tli hiss\u0259l\u0259rini i\u015f\u011fal etm\u0259yi bacard\u0131lar. <\/p>\n\n\n\n<p>X\u00fcsusil\u0259, Az\u0259rbaycan piyada qo\u015funlar\u0131n\u0131n \u201cboz zona\u201d dak\u0131 h\u0259r\u0259k\u0259tl\u0259ri Nax\u00e7\u0131vanla t\u0259mas x\u0259ttind\u0259ki Yerasx b\u00f6lg\u0259sind\u0259 d\u0259 qeyd\u0259 al\u0131n\u0131b\u201d.<\/p>\n\n\n\n<p>M\u0259nb\u0259: Konkret.az<\/p>\n","protected":false},"excerpt":{"rendered":"<p>Basarke\u00e7\u0259r \u0259razisind\u0259ki t\u0259mas x\u0259ttind\u0259ki v\u0259ziyy\u0259t\u0259 sahib olan @wargonzo layih\u0259si Az\u0259rbaycan Ordususunun u\u011furlu \u0259m\u0259liyyat\u0131ndan b\u0259hs edib. Bloger Mikael Badalyana istinad\u0259n x\u0259b\u0259r verir ki, r\u0259smi m\u0259nb\u0259l\u0259r<\/p>\n","protected":false},"author":2,"featured_media":43965,"comment_status":"closed","ping_status":"closed","sticky":false,"template":"","format":"standard","meta":{"footnotes":""},"categories":[4],"tags":[],"class_list":["post-43964","post","type-post","status-publish","format-standard","has-post-thumbnail","hentry","category-qarabag"],"aioseo_notices":[],"_links":{"self":[{"href":"https:\/\/fedai.az\/index.php?rest_route=\/wp\/v2\/posts\/43964","targetHints":{"allow":["GET"]}}],"collection":[{"href":"https:\/\/fedai.az\/index.php?rest_route=\/wp\/v2\/posts"}],"about":[{"href":"https:\/\/fedai.az\/index.php?rest_route=\/wp\/v2\/types\/post"}],"author":[{"embeddable":true,"href":"https:\/\/fedai.az\/index.php?rest_route=\/wp\/v2\/users\/2"}],"replies":[{"embeddable":true,"href":"https:\/\/fedai.az\/index.php?rest_route=%2Fwp%2Fv2%2Fcomments&post=43964"}],"version-history":[{"count":1,"href":"https:\/\/fedai.az\/index.php?rest_route=\/wp\/v2\/posts\/43964\/revisions"}],"predecessor-version":[{"id":43966,"href":"https:\/\/fedai.az\/index.php?rest_route=\/wp\/v2\/posts\/43964\/revisions\/43966"}],"wp:featuredmedia":[{"embeddable":true,"href":"https:\/\/fedai.az\/index.php?rest_route=\/wp\/v2\/media\/43965"}],"wp:attachment":[{"href":"https:\/\/fedai.az\/index.php?rest_route=%2Fwp%2Fv2%2Fmedia&parent=43964"}],"wp:term":[{"taxonomy":"category","embeddable":true,"href":"https:\/\/fedai.az\/index.php?rest_route=%2Fwp%2Fv2%2Fcategories&post=43964"},{"taxonomy":"post_tag","embeddable":true,"href":"https:\/\/fedai.az\/index.php?rest_route=%2Fwp%2Fv2%2Ftags&post=43964"}],"curies":[{"name":"wp","href":"https:\/\/api.w.org\/{rel}","templated":true}]}}