{"id":44079,"date":"2021-07-30T02:06:37","date_gmt":"2021-07-29T22:06:37","guid":{"rendered":"https:\/\/fedai.az\/?p=44079"},"modified":"2021-07-30T11:37:49","modified_gmt":"2021-07-30T07:37:49","slug":"dusm%c9%99n-etiraf-etdi-movqel%c9%99rimizi-darmadagin-etdil%c9%99r-postlari-el%c9%99-vururdular-ki-el%c9%99-bildik-ki-indi-kecib-k%c9%99nd%c9%99-gir%c9%99c%c9%99kl%c9%99r","status":"publish","type":"post","link":"https:\/\/fedai.az\/?p=44079","title":{"rendered":"D\u00fc\u015fm\u0259n etiraf etdi: &#171;M\u00f6vqel\u0259rimizi darmada\u011f\u0131n etdil\u0259r&#187;-&#171;Postlar\u0131 el\u0259 vururdular ki, el\u0259 bildik ki, indi ke\u00e7ib k\u0259nd\u0259 gir\u0259c\u0259kl\u0259r&#187;"},"content":{"rendered":"\n<p><strong>Erm\u0259nistan K\u0130V-l\u0259ri s\u0259rh\u0259dd\u0259 ba\u015f ver\u0259n at\u0131\u015fma zaman\u0131 Az\u0259rbaycan ordusunun f\u0259aliyy\u0259tind\u0259n yaz\u0131b.Geqarkunik rayonunda ya\u015fayan yerli \u0259hali bu bar\u0259d\u0259 m\u0259tbuata \u015fahidi olduqlar\u0131 hadis\u0259d\u0259n b\u0259hs edibl\u0259r.Onlar bildirib ki, at\u0131\u015fma zaman\u0131 Az\u0259rbaycan ordusu Erm\u0259nistan ordusunun m\u00f6vqel\u0259rin\u0259 sars\u0131d\u0131c\u0131 z\u0259rb\u0259l\u0259r endirib.<\/strong><\/p>\n\n\n\n<p>&#171;Postlar\u0131 el\u0259 vururdular ki, biz el\u0259 bildik ki, indi ke\u00e7ib k\u0259nd\u0259 gir\u0259c\u0259kl\u0259r&#187; dey\u0259 onlar bildirib.<\/p>\n\n\n\n<p>13\u058900 rad\u0259l\u0259rind\u0259n etibar\u0259n&nbsp; Erm\u0259nistan-Az\u0259rbaycan s\u0259rh\u0259ddind\u0259 Geqarkunik istiqam\u0259tind\u0259 v\u0259ziyy\u0259t sabitdir.<\/p>\n\n\n\n<p>Az\u0259rbaycan Silahl\u0131 Q\u00fcvv\u0259l\u0259rinin Geqarkunik istiqam\u0259tind\u0259 d\u00fc\u015fm\u0259n t\u0259xribat\u0131n\u0131n qar\u015f\u0131s\u0131n\u0131 alark\u0259n daha 4 (d\u00f6rd) erm\u0259ni h\u0259rb\u00e7isi yaralan\u0131b.<\/p>\n\n\n\n<p>Qalanews&nbsp;Erm\u0259nistan K\u0130V-l\u0259rin\u0259 istinad\u0259n x\u0259b\u0259r verir ki, bu bar\u0259d\u0259 Erm\u0259nistan M\u00fcdafi\u0259 Nazirliyinin m\u0259tbuat xidm\u0259ti m\u0259lumat yay\u0131b.<\/p>\n\n\n\n<p>&#171;\u0130dar\u0259d\u0259n veril\u0259n m\u0259lumata g\u00f6r\u0259, saat 13\u058900-dan Erm\u0259nistan-Az\u0259rbaycan s\u0259rh\u0259ddind\u0259 Geqarkunik istiqam\u0259tind\u0259 v\u0259ziyy\u0259t sabitdir. At\u0259\u015fk\u0259s raz\u0131la\u015fmas\u0131na \u0259m\u0259l olunur. S\u0259rh\u0259din qalan hiss\u0259l\u0259rind\u0259 v\u0259ziyy\u0259t nisb\u0259t\u0259n sakitdir.&#187; dey\u0259 m\u0259lumatda bildirilir.<\/p>\n\n\n\n<p>Xat\u0131rladaq ki, Erm\u0259nistan ordusunun t\u00f6r\u0259tdiyi t\u0259xribat n\u0259tic\u0259sind\u0259\u00a0 erm\u0259ni t\u0259r\u0259find\u0259 \u00fc\u00e7 \u00f6l\u00fcb v\u0259 iki n\u0259f\u0259r\u00a0 yaralan\u0131b. Davam ed\u0259n at\u0131\u015fma zaman\u0131 daha 4 erm\u0259ni h\u0259rb\u00e7i, Az\u0259rbaycan ordusunun is\u0259, iki h\u0259rb\u00e7isi m\u00fcxt\u0259lif d\u0259r\u0259c\u0259li yaralar al\u0131b.<\/p>\n","protected":false},"excerpt":{"rendered":"<p>Erm\u0259nistan K\u0130V-l\u0259ri s\u0259rh\u0259dd\u0259 ba\u015f ver\u0259n at\u0131\u015fma zaman\u0131 Az\u0259rbaycan ordusunun f\u0259aliyy\u0259tind\u0259n yaz\u0131b.Geqarkunik rayonunda ya\u015fayan yerli \u0259hali bu bar\u0259d\u0259 m\u0259tbuata \u015fahidi olduqlar\u0131 hadis\u0259d\u0259n b\u0259hs edibl\u0259r.Onlar bildirib<\/p>\n","protected":false},"author":2,"featured_media":44081,"comment_status":"closed","ping_status":"closed","sticky":false,"template":"","format":"standard","meta":{"footnotes":""},"categories":[4],"tags":[],"class_list":["post-44079","post","type-post","status-publish","format-standard","has-post-thumbnail","hentry","category-qarabag"],"aioseo_notices":[],"_links":{"self":[{"href":"https:\/\/fedai.az\/index.php?rest_route=\/wp\/v2\/posts\/44079","targetHints":{"allow":["GET"]}}],"collection":[{"href":"https:\/\/fedai.az\/index.php?rest_route=\/wp\/v2\/posts"}],"about":[{"href":"https:\/\/fedai.az\/index.php?rest_route=\/wp\/v2\/types\/post"}],"author":[{"embeddable":true,"href":"https:\/\/fedai.az\/index.php?rest_route=\/wp\/v2\/users\/2"}],"replies":[{"embeddable":true,"href":"https:\/\/fedai.az\/index.php?rest_route=%2Fwp%2Fv2%2Fcomments&post=44079"}],"version-history":[{"count":2,"href":"https:\/\/fedai.az\/index.php?rest_route=\/wp\/v2\/posts\/44079\/revisions"}],"predecessor-version":[{"id":44101,"href":"https:\/\/fedai.az\/index.php?rest_route=\/wp\/v2\/posts\/44079\/revisions\/44101"}],"wp:featuredmedia":[{"embeddable":true,"href":"https:\/\/fedai.az\/index.php?rest_route=\/wp\/v2\/media\/44081"}],"wp:attachment":[{"href":"https:\/\/fedai.az\/index.php?rest_route=%2Fwp%2Fv2%2Fmedia&parent=44079"}],"wp:term":[{"taxonomy":"category","embeddable":true,"href":"https:\/\/fedai.az\/index.php?rest_route=%2Fwp%2Fv2%2Fcategories&post=44079"},{"taxonomy":"post_tag","embeddable":true,"href":"https:\/\/fedai.az\/index.php?rest_route=%2Fwp%2Fv2%2Ftags&post=44079"}],"curies":[{"name":"wp","href":"https:\/\/api.w.org\/{rel}","templated":true}]}}