{"id":44085,"date":"2021-07-30T02:13:36","date_gmt":"2021-07-29T22:13:36","guid":{"rendered":"https:\/\/fedai.az\/?p=44085"},"modified":"2021-07-30T02:13:41","modified_gmt":"2021-07-29T22:13:41","slug":"qardas-turkiy%c9%99-yangini-ram-ed%c9%99-bildi","status":"publish","type":"post","link":"https:\/\/fedai.az\/?p=44085","title":{"rendered":"Qarda\u015f T\u00fcrkiy\u0259 yan\u011f\u0131n\u0131 ram ed\u0259 bildi"},"content":{"rendered":"\n<p><strong>T\u00fcrkiy\u0259nin 9 rayonunda v\u00fcs\u0259t alm\u0131\u015f d\u0259h\u015f\u0259tli me\u015f\u0259 yan\u011f\u0131nlar\u0131n\u0131n s\u00f6nd\u00fcr\u00fclm\u0259si i\u015fl\u0259ri davam ed\u0259rk\u0259n 4 rayondan sevindirici x\u0259b\u0259rl\u0259r g\u0259lib.<\/strong><\/p>\n\n\n\n<p>Veril\u0259n x\u0259b\u0259rl\u0259r\u0259 g\u00f6r\u0259, Adana\u00a0\u015f\u0259h\u0259rinin Kozan rayonunda yan\u011f\u0131nlar qism\u0259n, K\u00fctahya, Kilis v\u0259 Mu\u011flan\u0131n K\u00f6yce\u011fiz rayonunda\u00a0 is\u0259 tamam\u0259n n\u0259zar\u0259t\u0259 g\u00f6t\u00fcr\u00fcl\u00fcb.\u00a0<\/p>\n\n\n\n<p>Haz\u0131rda 9 m\u00fcxt\u0259lif \u015f\u0259h\u0259rd\u0259 davam ed\u0259n yan\u011f\u0131nlar\u0131n s\u00f6nd\u00fcr\u00fclm\u0259si \u00fczr\u0259 i\u015fl\u0259r&nbsp;davam etdirilir.<\/p>\n\n\n\n<p>Qeyd ed\u0259k ki, me\u015f\u0259 yan\u011f\u0131nlar\u0131n\u0131n davam etdiyi&nbsp;\u0259razil\u0259rin b\u0259zil\u0259rind\u0259 alovlar ya\u015fay\u0131\u015f m\u0259nt\u0259q\u0259l\u0259rin\u0259 yeti\u015fib. H\u0259min \u0259razil\u0259rd\u0259 ya\u015fayan sakinl\u0259r t\u0259hl\u00fck\u0259siz yerl\u0259r\u0259 evakuasiya edilib.<\/p>\n","protected":false},"excerpt":{"rendered":"<p>T\u00fcrkiy\u0259nin 9 rayonunda v\u00fcs\u0259t alm\u0131\u015f d\u0259h\u015f\u0259tli me\u015f\u0259 yan\u011f\u0131nlar\u0131n\u0131n s\u00f6nd\u00fcr\u00fclm\u0259si i\u015fl\u0259ri davam ed\u0259rk\u0259n 4 rayondan sevindirici x\u0259b\u0259rl\u0259r g\u0259lib. Veril\u0259n x\u0259b\u0259rl\u0259r\u0259 g\u00f6r\u0259, Adana\u00a0\u015f\u0259h\u0259rinin Kozan rayonunda yan\u011f\u0131nlar<\/p>\n","protected":false},"author":2,"featured_media":44086,"comment_status":"closed","ping_status":"closed","sticky":false,"template":"","format":"standard","meta":{"footnotes":""},"categories":[13],"tags":[],"class_list":["post-44085","post","type-post","status-publish","format-standard","has-post-thumbnail","hentry","category-xarici"],"aioseo_notices":[],"_links":{"self":[{"href":"https:\/\/fedai.az\/index.php?rest_route=\/wp\/v2\/posts\/44085","targetHints":{"allow":["GET"]}}],"collection":[{"href":"https:\/\/fedai.az\/index.php?rest_route=\/wp\/v2\/posts"}],"about":[{"href":"https:\/\/fedai.az\/index.php?rest_route=\/wp\/v2\/types\/post"}],"author":[{"embeddable":true,"href":"https:\/\/fedai.az\/index.php?rest_route=\/wp\/v2\/users\/2"}],"replies":[{"embeddable":true,"href":"https:\/\/fedai.az\/index.php?rest_route=%2Fwp%2Fv2%2Fcomments&post=44085"}],"version-history":[{"count":1,"href":"https:\/\/fedai.az\/index.php?rest_route=\/wp\/v2\/posts\/44085\/revisions"}],"predecessor-version":[{"id":44087,"href":"https:\/\/fedai.az\/index.php?rest_route=\/wp\/v2\/posts\/44085\/revisions\/44087"}],"wp:featuredmedia":[{"embeddable":true,"href":"https:\/\/fedai.az\/index.php?rest_route=\/wp\/v2\/media\/44086"}],"wp:attachment":[{"href":"https:\/\/fedai.az\/index.php?rest_route=%2Fwp%2Fv2%2Fmedia&parent=44085"}],"wp:term":[{"taxonomy":"category","embeddable":true,"href":"https:\/\/fedai.az\/index.php?rest_route=%2Fwp%2Fv2%2Fcategories&post=44085"},{"taxonomy":"post_tag","embeddable":true,"href":"https:\/\/fedai.az\/index.php?rest_route=%2Fwp%2Fv2%2Ftags&post=44085"}],"curies":[{"name":"wp","href":"https:\/\/api.w.org\/{rel}","templated":true}]}}