{"id":44512,"date":"2021-08-04T00:41:09","date_gmt":"2021-08-03T20:41:09","guid":{"rendered":"https:\/\/fedai.az\/?p=44512"},"modified":"2021-08-04T00:41:13","modified_gmt":"2021-08-03T20:41:13","slug":"yanginsondurm%c9%99-quvv%c9%99l%c9%99rimiz-turkiy%c9%99d%c9%99-pes%c9%99karliq-numayis-etdirir","status":"publish","type":"post","link":"https:\/\/fedai.az\/?p=44512","title":{"rendered":"Yan\u011f\u0131ns\u00f6nd\u00fcrm\u0259 q\u00fcvv\u0259l\u0259rimiz T\u00fcrkiy\u0259d\u0259 pe\u015f\u0259karl\u0131q n\u00fcmayi\u015f etdirir"},"content":{"rendered":"\n<p><strong>Az\u0259rbaycan Respublikas\u0131n\u0131n Prezidenti c\u0259nab \u0130lham \u018fliyevin tap\u015f\u0131r\u0131\u011f\u0131na uy\u011fun olaraq, me\u015f\u0259 yan\u011f\u0131nlar\u0131n\u0131n s\u00f6nd\u00fcr\u00fclm\u0259si v\u0259 daha geni\u015f miqyas almas\u0131na imkan verilm\u0259m\u0259si m\u0259qs\u0259dil\u0259 qarda\u015f T\u00fcrkiy\u0259 Respublikas\u0131nda olan Az\u0259rbaycan Respublikas\u0131 F\u00f6vq\u0259lad\u0259 Hallar Nazirliyinin (FHN) yan\u011f\u0131ns\u00f6nd\u00fcrm\u0259 q\u00fcvv\u0259l\u0259ri yan\u011f\u0131nlar\u0131n s\u00f6nd\u00fcr\u00fclm\u0259si \u0259m\u0259liyyatlar\u0131n\u0131 pe\u015f\u0259karl\u0131qla davam etdirirl\u0259r.<\/strong><br><br>FHN-d\u0259n bildirilib ki, art\u0131q bir ne\u00e7\u0259 g\u00fcnd\u00fcr T\u00fcrkiy\u0259 Respublikas\u0131n\u0131n me\u015f\u0259 yan\u011f\u0131nlar\u0131n\u0131n ciddi v\u00fcs\u0259t ald\u0131\u011f\u0131 b\u00f6lg\u0259l\u0259rind\u0259n olan Marmaris \u0259razisind\u0259 f\u0259aliyy\u0259t g\u00f6st\u0259r\u0259n yan\u011f\u0131ns\u00f6nd\u00fcr\u0259nl\u0259rimizin s\u0259yi il\u0259 bir \u00e7ox istiqam\u0259tl\u0259rd\u0259 me\u015f\u0259 yan\u011f\u0131nlar\u0131n\u0131n geni\u015fl\u0259nm\u0259sinin qar\u015f\u0131s\u0131 al\u0131n\u0131b. Haz\u0131rda FHN-in yan\u011f\u0131ns\u00f6nd\u00fcrm\u0259 q\u00fcvv\u0259l\u0259ri yan\u011f\u0131n ocaqlar\u0131n\u0131n s\u00f6nd\u00fcr\u00fclm\u0259si \u00fc\u00e7\u00fcn \u0259m\u0259liyyat \u015f\u0259raitin\u0259 uy\u011fun olaraq laz\u0131mi t\u0259dbirl\u0259ri davam etdirirl\u0259r.<\/p>\n\n\n\n<p>Qeyd ed\u0259k ki, Az\u0259rbaycan f\u00f6vq\u0259lad\u0259 hallar nazirinin m\u00fcavini general-leytenant Etibar Mirz\u0259yevin r\u0259hb\u0259rliyi alt\u0131nda Nazirliyin Marmaris b\u00f6lg\u0259sind\u0259 olan yan\u011f\u0131n-xilasetm\u0259 q\u00fcvv\u0259l\u0259rinin koordinasiyal\u0131 idar\u0259etm\u0259si t\u0259\u015fkil olunub. \u00d6lk\u0259 ba\u015f\u00e7\u0131s\u0131n\u0131n tap\u015f\u0131r\u0131\u011f\u0131na uy\u011fun olaraq Az\u0259rbaycan F\u00f6vq\u0259lad\u0259 Hallar Nazirliyi t\u0259r\u0259find\u0259n T\u00fcrkiy\u0259y\u0259 yola sal\u0131nm\u0131\u015f ikinci yan\u011f\u0131n-xilasetm\u0259 qrupu is\u0259 sabah yan\u011f\u0131nlar\u0131n s\u00f6nd\u00fcr\u00fclm\u0259si \u0259m\u0259liyyatlar\u0131na ba\u015flayacaq.<\/p>\n\n\n\n<figure class=\"wp-block-embed is-type-video is-provider-youtube wp-block-embed-youtube wp-embed-aspect-16-9 wp-has-aspect-ratio\"><div class=\"wp-block-embed__wrapper\">\n<iframe loading=\"lazy\" title=\"FHN-in yan\u011f\u0131ns\u00f6nd\u00fcrm\u0259 q\u00fcvv\u0259l\u0259ri T\u00fcrkiy\u0259d\u0259 yan\u011f\u0131nlarla m\u00fcbariz\u0259ni davam etdirir\" width=\"715\" height=\"402\" src=\"https:\/\/www.youtube.com\/embed\/FZeyXr3wPeA?feature=oembed\" frameborder=\"0\" allow=\"accelerometer; autoplay; clipboard-write; encrypted-media; gyroscope; picture-in-picture\" allowfullscreen><\/iframe>\n<\/div><\/figure>\n","protected":false},"excerpt":{"rendered":"<p>Az\u0259rbaycan Respublikas\u0131n\u0131n Prezidenti c\u0259nab \u0130lham \u018fliyevin tap\u015f\u0131r\u0131\u011f\u0131na uy\u011fun olaraq, me\u015f\u0259 yan\u011f\u0131nlar\u0131n\u0131n s\u00f6nd\u00fcr\u00fclm\u0259si v\u0259 daha geni\u015f miqyas almas\u0131na imkan verilm\u0259m\u0259si m\u0259qs\u0259dil\u0259 qarda\u015f T\u00fcrkiy\u0259 Respublikas\u0131nda olan<\/p>\n","protected":false},"author":2,"featured_media":44514,"comment_status":"closed","ping_status":"closed","sticky":false,"template":"","format":"standard","meta":{"footnotes":""},"categories":[12],"tags":[],"class_list":["post-44512","post","type-post","status-publish","format-standard","has-post-thumbnail","hentry","category-sosial"],"aioseo_notices":[],"_links":{"self":[{"href":"https:\/\/fedai.az\/index.php?rest_route=\/wp\/v2\/posts\/44512","targetHints":{"allow":["GET"]}}],"collection":[{"href":"https:\/\/fedai.az\/index.php?rest_route=\/wp\/v2\/posts"}],"about":[{"href":"https:\/\/fedai.az\/index.php?rest_route=\/wp\/v2\/types\/post"}],"author":[{"embeddable":true,"href":"https:\/\/fedai.az\/index.php?rest_route=\/wp\/v2\/users\/2"}],"replies":[{"embeddable":true,"href":"https:\/\/fedai.az\/index.php?rest_route=%2Fwp%2Fv2%2Fcomments&post=44512"}],"version-history":[{"count":1,"href":"https:\/\/fedai.az\/index.php?rest_route=\/wp\/v2\/posts\/44512\/revisions"}],"predecessor-version":[{"id":44515,"href":"https:\/\/fedai.az\/index.php?rest_route=\/wp\/v2\/posts\/44512\/revisions\/44515"}],"wp:featuredmedia":[{"embeddable":true,"href":"https:\/\/fedai.az\/index.php?rest_route=\/wp\/v2\/media\/44514"}],"wp:attachment":[{"href":"https:\/\/fedai.az\/index.php?rest_route=%2Fwp%2Fv2%2Fmedia&parent=44512"}],"wp:term":[{"taxonomy":"category","embeddable":true,"href":"https:\/\/fedai.az\/index.php?rest_route=%2Fwp%2Fv2%2Fcategories&post=44512"},{"taxonomy":"post_tag","embeddable":true,"href":"https:\/\/fedai.az\/index.php?rest_route=%2Fwp%2Fv2%2Ftags&post=44512"}],"curies":[{"name":"wp","href":"https:\/\/api.w.org\/{rel}","templated":true}]}}