{"id":44585,"date":"2021-08-04T14:03:22","date_gmt":"2021-08-04T10:03:22","guid":{"rendered":"https:\/\/fedai.az\/?p=44585"},"modified":"2021-08-04T14:03:24","modified_gmt":"2021-08-04T10:03:24","slug":"novb%c9%99ti-erm%c9%99ni-yalani-tarixi-faktlarla-ifsa-edildi-birinci-qarabag-savasinda-ozl%c9%99ri-doyusm%c9%99yibl%c9%99r","status":"publish","type":"post","link":"https:\/\/fedai.az\/?p=44585","title":{"rendered":"N\u00f6vb\u0259ti erm\u0259ni yalan\u0131 tarixi faktlarla \u0130F\u015eA ED\u0130LD\u0130: Birinci Qaraba\u011f sava\u015f\u0131nda \u00f6zl\u0259ri d\u00f6y\u00fc\u015fm\u0259yibl\u0259r"},"content":{"rendered":"\n<p><strong>Tarix\u0259 qara l\u0259k\u0259 kimi d\u00fc\u015f\u0259n erm\u0259nil\u0259r h\u0259r zaman yalan v\u0259 saxtakarl\u0131\u011f\u0131 \u00f6zl\u0259rin\u0259 strategiya se\u00e7\u0259r\u0259k, qondarma tarix uydurublar v\u0259 qon\u015fular\u0131na qar\u015f\u0131 \u0259razi iddialar\u0131 ir\u0259li s\u00fcr\u00fcbl\u0259r. Erm\u0259ni yalanlar\u0131 haqda bir \u00e7ox tarix\u00e7il\u0259r m\u00fcxt\u0259lif kitablarda b\u0259hs edibl\u0259r v\u0259 bu xain mill\u0259tin i\u00e7 \u00fcz\u00fcn\u00fc d\u00fcnyaya g\u00f6st\u0259rm\u0259y\u0259 \u00e7al\u0131\u015f\u0131blar.<\/strong><\/p>\n\n\n\n<p><a href=\"https:\/\/konkret.az\/\"><strong>KONKRET.az<\/strong>&nbsp;<\/a>x\u0259b\u0259r verir ki,&nbsp; M.V\u0259lim\u0259mm\u0259dov \u201cQaraba\u011f m\u00fcharib\u0259si 1991-1994\u201d adl\u0131 kitabda erm\u0259nil\u0259rin i\u00e7 \u00fcz\u00fcn\u00fc a\u00e7araq, onlar\u0131n guya m\u00fcharib\u0259d\u0259 yaln\u0131z \u00f6zl\u0259rinin vuru\u015fmas\u0131 haqda fikirl\u0259rini faktlarla alt-\u00fcst edib:<\/p>\n\n\n\n<p><strong>\u201c11 sentyabr 1992-ci ild\u0259, K\u0259lb\u0259c\u0259r rayonunun M\u0259rcim\u0259k k\u0259ndi yax\u0131nl\u0131\u011f\u0131nda, Erm\u0259nistanda yerl\u0259\u015f\u0259n 7-ci Ordunun alt\u0131 n\u0259f\u0259r h\u0259rbi qulluq\u00e7usu (Yaroslav Evstiqneev, Vladislav Kudinov, Konstantin Tuki\u015f, Andrey Filippov, Mixail Lisovoy v\u0259 ba\u015f leytenant Vladimir Semion) \u0259l\u0259 ke\u00e7irildi. Bu h\u0259rbi qulluq\u00e7ular\u0131n ham\u0131s\u0131 \u0130r\u0259vanda yerl\u0259\u015f\u0259n 7-ci Ordunun 797-ci x\u00fcsusi t\u0259yinatl\u0131 q\u00fcvv\u0259l\u0259rinin t\u0259rkibind\u0259 (39826 sayl\u0131 h\u0259rbi hiss\u0259) h\u0259rbi xidm\u0259td\u0259 olublar. 1993-c\u00fc il 12 may tarixind\u0259 Az\u0259rbaycan Ali M\u0259hk\u0259m\u0259sinin h\u0259rbi kollegiyas\u0131 onlar\u0131 15 iyun 1992-ci ild\u0259 Da\u011fl\u0131q Qaraba\u011f\u0131n Mardakert (A\u011fd\u0259r\u0259) rayonunun S\u0131rxav\u0259nd k\u0259ndi u\u011frunda ged\u0259n d\u00f6y\u00fc\u015fl\u0259rd\u0259 i\u015ftirak etm\u0259kd\u0259 t\u0259qsirli bildi\u201d.<\/strong><\/p>\n\n\n\n<p>\u0130ndi bu fakt kifay\u0259t edir ki, birinci Qaraba\u011f m\u00fcharib\u0259sind\u0259 erm\u0259nil\u0259rin \u00f6zl\u0259rinin deyil, ruslar\u0131n v\u0259 dig\u0259r mill\u0259tl\u0259rin n\u00fcmay\u0259nd\u0259l\u0259rinin d\u00f6y\u00fc\u015fd\u00fcy\u00fc s\u00fcbuta yetirilsin.<\/p>\n\n\n\n<p><strong>M\u00fc\u015fviq Tofiqo\u011flu<\/strong><\/p>\n","protected":false},"excerpt":{"rendered":"<p>Tarix\u0259 qara l\u0259k\u0259 kimi d\u00fc\u015f\u0259n erm\u0259nil\u0259r h\u0259r zaman yalan v\u0259 saxtakarl\u0131\u011f\u0131 \u00f6zl\u0259rin\u0259 strategiya se\u00e7\u0259r\u0259k, qondarma tarix uydurublar v\u0259 qon\u015fular\u0131na qar\u015f\u0131 \u0259razi iddialar\u0131 ir\u0259li s\u00fcr\u00fcbl\u0259r.<\/p>\n","protected":false},"author":2,"featured_media":44586,"comment_status":"closed","ping_status":"closed","sticky":false,"template":"","format":"standard","meta":{"footnotes":""},"categories":[4],"tags":[],"class_list":["post-44585","post","type-post","status-publish","format-standard","has-post-thumbnail","hentry","category-qarabag"],"aioseo_notices":[],"_links":{"self":[{"href":"https:\/\/fedai.az\/index.php?rest_route=\/wp\/v2\/posts\/44585","targetHints":{"allow":["GET"]}}],"collection":[{"href":"https:\/\/fedai.az\/index.php?rest_route=\/wp\/v2\/posts"}],"about":[{"href":"https:\/\/fedai.az\/index.php?rest_route=\/wp\/v2\/types\/post"}],"author":[{"embeddable":true,"href":"https:\/\/fedai.az\/index.php?rest_route=\/wp\/v2\/users\/2"}],"replies":[{"embeddable":true,"href":"https:\/\/fedai.az\/index.php?rest_route=%2Fwp%2Fv2%2Fcomments&post=44585"}],"version-history":[{"count":1,"href":"https:\/\/fedai.az\/index.php?rest_route=\/wp\/v2\/posts\/44585\/revisions"}],"predecessor-version":[{"id":44587,"href":"https:\/\/fedai.az\/index.php?rest_route=\/wp\/v2\/posts\/44585\/revisions\/44587"}],"wp:featuredmedia":[{"embeddable":true,"href":"https:\/\/fedai.az\/index.php?rest_route=\/wp\/v2\/media\/44586"}],"wp:attachment":[{"href":"https:\/\/fedai.az\/index.php?rest_route=%2Fwp%2Fv2%2Fmedia&parent=44585"}],"wp:term":[{"taxonomy":"category","embeddable":true,"href":"https:\/\/fedai.az\/index.php?rest_route=%2Fwp%2Fv2%2Fcategories&post=44585"},{"taxonomy":"post_tag","embeddable":true,"href":"https:\/\/fedai.az\/index.php?rest_route=%2Fwp%2Fv2%2Ftags&post=44585"}],"curies":[{"name":"wp","href":"https:\/\/api.w.org\/{rel}","templated":true}]}}