{"id":44679,"date":"2021-08-05T22:29:01","date_gmt":"2021-08-05T18:29:01","guid":{"rendered":"https:\/\/fedai.az\/?p=44679"},"modified":"2021-08-05T22:29:05","modified_gmt":"2021-08-05T18:29:05","slug":"makron-ilham-%c9%99liyev%c9%99-z%c9%99ng-etdi-2","status":"publish","type":"post","link":"https:\/\/fedai.az\/?p=44679","title":{"rendered":"Makron \u0130lham \u018fliyev\u0259 z\u0259ng etdi"},"content":{"rendered":"\n<p><strong>Bu g\u00fcn Fransa Prezidenti Emmanuel Makron Az\u0259rbaycan Prezidenti \u0130lham \u018fliyev\u0259 telefonla z\u0259ng edib.<\/strong><\/p>\n\n\n\n<p>Veril\u0259n x\u0259b\u0259r\u0259 g\u00f6r\u0259, s\u00f6hb\u0259t zaman\u0131 d\u00f6vl\u0259t ba\u015f\u00e7\u0131lar\u0131 2020-ci il noyabr\u0131n 10-da imzalanm\u0131\u015f \u00fc\u00e7t\u0259r\u0259fli B\u0259yanatdan sonrak\u0131 d\u00f6vrd\u0259 regional m\u0259s\u0259l\u0259l\u0259r v\u0259 B\u0259yanat\u0131n m\u00fcdd\u0259alar\u0131n\u0131n h\u0259yata ke\u00e7irilm\u0259si, Erm\u0259nistan-Az\u0259rbaycan d\u00f6vl\u0259t s\u0259rh\u0259dind\u0259ki v\u0259ziyy\u0259t v\u0259 postm\u00fcnaqi\u015f\u0259 d\u00f6vr\u00fcnd\u0259 regionda sabitlik v\u0259 t\u0259hl\u00fck\u0259sizliyin m\u00f6hk\u0259ml\u0259ml\u0259ndirilm\u0259sin\u0259 dair \u0259trafl\u0131 fikir m\u00fcbadil\u0259si apar\u0131blar.<\/p>\n\n\n\n<p>D\u00f6vl\u0259t ba\u015f\u00e7\u0131lar\u0131 s\u00f6hb\u0259t \u0259snas\u0131nda Az\u0259rbaycan-Fransa ikit\u0259r\u0259fli \u0259laq\u0259l\u0259rinin m\u00fcxt\u0259lif sah\u0259l\u0259rin\u0259 aid m\u0259s\u0259l\u0259l\u0259ri d\u0259 m\u00fczakir\u0259 edibl\u0259r.<\/p>\n","protected":false},"excerpt":{"rendered":"<p>Bu g\u00fcn Fransa Prezidenti Emmanuel Makron Az\u0259rbaycan Prezidenti \u0130lham \u018fliyev\u0259 telefonla z\u0259ng edib. Veril\u0259n x\u0259b\u0259r\u0259 g\u00f6r\u0259, s\u00f6hb\u0259t zaman\u0131 d\u00f6vl\u0259t ba\u015f\u00e7\u0131lar\u0131 2020-ci il noyabr\u0131n 10-da<\/p>\n","protected":false},"author":2,"featured_media":44681,"comment_status":"closed","ping_status":"closed","sticky":false,"template":"","format":"standard","meta":{"footnotes":""},"categories":[3],"tags":[],"class_list":["post-44679","post","type-post","status-publish","format-standard","has-post-thumbnail","hentry","category-gundm"],"aioseo_notices":[],"_links":{"self":[{"href":"https:\/\/fedai.az\/index.php?rest_route=\/wp\/v2\/posts\/44679","targetHints":{"allow":["GET"]}}],"collection":[{"href":"https:\/\/fedai.az\/index.php?rest_route=\/wp\/v2\/posts"}],"about":[{"href":"https:\/\/fedai.az\/index.php?rest_route=\/wp\/v2\/types\/post"}],"author":[{"embeddable":true,"href":"https:\/\/fedai.az\/index.php?rest_route=\/wp\/v2\/users\/2"}],"replies":[{"embeddable":true,"href":"https:\/\/fedai.az\/index.php?rest_route=%2Fwp%2Fv2%2Fcomments&post=44679"}],"version-history":[{"count":1,"href":"https:\/\/fedai.az\/index.php?rest_route=\/wp\/v2\/posts\/44679\/revisions"}],"predecessor-version":[{"id":44682,"href":"https:\/\/fedai.az\/index.php?rest_route=\/wp\/v2\/posts\/44679\/revisions\/44682"}],"wp:featuredmedia":[{"embeddable":true,"href":"https:\/\/fedai.az\/index.php?rest_route=\/wp\/v2\/media\/44681"}],"wp:attachment":[{"href":"https:\/\/fedai.az\/index.php?rest_route=%2Fwp%2Fv2%2Fmedia&parent=44679"}],"wp:term":[{"taxonomy":"category","embeddable":true,"href":"https:\/\/fedai.az\/index.php?rest_route=%2Fwp%2Fv2%2Fcategories&post=44679"},{"taxonomy":"post_tag","embeddable":true,"href":"https:\/\/fedai.az\/index.php?rest_route=%2Fwp%2Fv2%2Ftags&post=44679"}],"curies":[{"name":"wp","href":"https:\/\/api.w.org\/{rel}","templated":true}]}}