{"id":44683,"date":"2021-08-06T00:06:59","date_gmt":"2021-08-05T20:06:59","guid":{"rendered":"https:\/\/fedai.az\/?p=44683"},"modified":"2021-08-06T00:07:02","modified_gmt":"2021-08-05T20:07:02","slug":"erm%c9%99nistan-mudafi%c9%99-nazirind%c9%99n-t%c9%99xribat-xarakterli-%c9%99mr-az%c9%99rbaycan-h%c9%99rbcil%c9%99rin%c9%99-at%c9%99s-acin","status":"publish","type":"post","link":"https:\/\/fedai.az\/?p=44683","title":{"rendered":"Erm\u0259nistan M\u00fcdafi\u0259 nazirind\u0259n t\u0259xribat xarakterli \u0259mr: Az\u0259rbaycan h\u0259rb\u00e7il\u0259rin\u0259 at\u0259\u015f a\u00e7\u0131n"},"content":{"rendered":"\n<p><strong>Erm\u0259nistan\u0131n M\u00fcdafi\u0259 naziri Ar\u015fak Karapetyan t\u0259xribat xarakterli bir add\u0131m at\u0131b. O, \u00a0Az\u0259rbaycan h\u0259rb\u00e7il\u0259rin\u0259 at\u0259\u015f a\u00e7maq \u0259mri verdi. Armenpress-in yayd\u0131\u011f\u0131 x\u0259b\u0259r\u0259 g\u00f6r\u0259, bu \u0259mri Karapetyan ciddi \u015f\u0259kild\u0259 kollegiya iclas\u0131nda \u00e7\u0131x\u0131\u015f\u0131 zaman\u0131 verib. O deyib ki, d\u0259rhal at\u0259\u015f a\u00e7\u0131n v\u0259 ist\u0259nil\u0259n \u00fcsulla Az\u0259rbaycan h\u0259rb\u00e7il\u0259rini \u00f6ld\u00fcr\u00fcn. \u00a0\u00a0<\/strong><\/p>\n\n\n\n<p>Xat\u0131rladaq ki, Erm\u0259nistan d\u00f6vl\u0259t s\u0259rh\u0259dinin delimitasiyas\u0131 v\u0259 demarkasiyas\u0131n\u0131n z\u0259ruriliyin\u0259 dair Moskva raz\u0131la\u015fmalar\u0131n\u0131n h\u0259yata ke\u00e7irilm\u0259si prosesin\u0259 mane olur, bu da t\u0259xribatlar t\u00f6r\u0259tm\u0259y\u0259 \u0259lveri\u015fli \u015f\u0259rait yarad\u0131r. M\u00fcdafi\u0259 nazirinin \u0259mri el\u0259 t\u0259xribatlar t\u00f6r\u0259tm\u0259k \u0259mri kimi d\u0259 qiym\u0259tl\u0259ndiril\u0259 bil\u0259r. Bu t\u0259xribatlar is\u0259 b\u00fct\u00fcn region \u00fc\u00e7\u00fcn t\u0259hl\u00fck\u0259 yaradan arzuolunmaz n\u0259tic\u0259l\u0259r\u0259 g\u0259tir\u0259 bil\u0259r.<\/p>\n\n\n\n<p>M\u0259nb\u0259: Virtualaz.org<\/p>\n","protected":false},"excerpt":{"rendered":"<p>Erm\u0259nistan\u0131n M\u00fcdafi\u0259 naziri Ar\u015fak Karapetyan t\u0259xribat xarakterli bir add\u0131m at\u0131b. O, \u00a0Az\u0259rbaycan h\u0259rb\u00e7il\u0259rin\u0259 at\u0259\u015f a\u00e7maq \u0259mri verdi. Armenpress-in yayd\u0131\u011f\u0131 x\u0259b\u0259r\u0259 g\u00f6r\u0259, bu \u0259mri Karapetyan<\/p>\n","protected":false},"author":2,"featured_media":44684,"comment_status":"closed","ping_status":"closed","sticky":false,"template":"","format":"standard","meta":{"footnotes":""},"categories":[1],"tags":[],"class_list":["post-44683","post","type-post","status-publish","format-standard","has-post-thumbnail","hentry","category-siyast"],"aioseo_notices":[],"_links":{"self":[{"href":"https:\/\/fedai.az\/index.php?rest_route=\/wp\/v2\/posts\/44683","targetHints":{"allow":["GET"]}}],"collection":[{"href":"https:\/\/fedai.az\/index.php?rest_route=\/wp\/v2\/posts"}],"about":[{"href":"https:\/\/fedai.az\/index.php?rest_route=\/wp\/v2\/types\/post"}],"author":[{"embeddable":true,"href":"https:\/\/fedai.az\/index.php?rest_route=\/wp\/v2\/users\/2"}],"replies":[{"embeddable":true,"href":"https:\/\/fedai.az\/index.php?rest_route=%2Fwp%2Fv2%2Fcomments&post=44683"}],"version-history":[{"count":1,"href":"https:\/\/fedai.az\/index.php?rest_route=\/wp\/v2\/posts\/44683\/revisions"}],"predecessor-version":[{"id":44685,"href":"https:\/\/fedai.az\/index.php?rest_route=\/wp\/v2\/posts\/44683\/revisions\/44685"}],"wp:featuredmedia":[{"embeddable":true,"href":"https:\/\/fedai.az\/index.php?rest_route=\/wp\/v2\/media\/44684"}],"wp:attachment":[{"href":"https:\/\/fedai.az\/index.php?rest_route=%2Fwp%2Fv2%2Fmedia&parent=44683"}],"wp:term":[{"taxonomy":"category","embeddable":true,"href":"https:\/\/fedai.az\/index.php?rest_route=%2Fwp%2Fv2%2Fcategories&post=44683"},{"taxonomy":"post_tag","embeddable":true,"href":"https:\/\/fedai.az\/index.php?rest_route=%2Fwp%2Fv2%2Ftags&post=44683"}],"curies":[{"name":"wp","href":"https:\/\/api.w.org\/{rel}","templated":true}]}}