{"id":44686,"date":"2021-08-06T00:22:58","date_gmt":"2021-08-05T20:22:58","guid":{"rendered":"https:\/\/fedai.az\/?p=44686"},"modified":"2021-08-06T00:31:20","modified_gmt":"2021-08-05T20:31:20","slug":"ordu-komandani-general-polkovnik-k%c9%99r%c9%99m-mustafayev-muhum-aciqlama-verib","status":"publish","type":"post","link":"https:\/\/fedai.az\/?p=44686","title":{"rendered":"Ordu komandan\u0131, general-polkovnik K\u0259r\u0259m Mustafayev m\u00fch\u00fcm a\u00e7\u0131qlama verib"},"content":{"rendered":"\n<p><strong>&#171;Az\u0259rbaycan v\u0259 T\u00fcrkiy\u0259 aras\u0131nda imzalanm\u0131\u015f h\u0259rbi \u0259m\u0259kda\u015fl\u0131q haqq\u0131nda sazi\u015f\u0259 uy\u011fun olaraq Nax\u00e7\u0131vanda v\u0259 T\u00fcrkiy\u0259nin Qars \u015f\u0259h\u0259rind\u0259 ke\u00e7irilmi\u015f d\u00f6y\u00fc\u015f at\u0131\u015fl\u0131 birg\u0259 taktiki t\u0259liml\u0259r h\u0259r iki qarda\u015f \u00f6lk\u0259nin h\u0259rbi q\u00fcdr\u0259tinin n\u00fcmayi\u015fidir&#187;.<\/strong><\/p>\n\n\n\n<p>Bunu \u018flahidd\u0259 \u00dcmumqo\u015fun Ordu komandan\u0131, general-polkovnik K\u0259r\u0259m Mustafayev deyib.<\/p>\n\n\n\n<p>&#171;Ulu \u00f6nd\u0259rl\u0259rimiz Heyd\u0259r \u018fliyevin \u201cBir mill\u0259t, iki d\u00f6vl\u0259t\u201d v\u0259 Mustafa Kamal Atat\u00fcrk\u00fcn \u201cAz\u0259rbaycan\u0131n sevinci bizim sevincimiz, k\u0259d\u0259ri bizim k\u0259d\u0259rimizdir\u201d \u015f\u00fcar\u0131 ke\u00e7iril\u0259n t\u0259liml\u0259rd\u0259 v\u0259 h\u0259rbi qulluq\u00e7ular\u0131m\u0131z\u0131n pe\u015f\u0259karl\u0131qlar\u0131n\u0131n art\u0131r\u0131lmas\u0131na xidm\u0259t ed\u0259n kurslarda birliyimizin v\u0259 b\u0259rab\u0259rliyimizin ifad\u0259sin\u0259 \u00e7evrilib. \u018flahidd\u0259 \u00dcm\u00fcmqo\u015fun Ordunun x\u00fcsusi t\u0259yinatl\u0131 b\u00f6lm\u0259l\u0259ri il\u0259 ke\u00e7iril\u0259n taktiki-x\u00fcsusi t\u0259limin u\u011furla ba\u015fa \u00e7atmas\u0131 T\u00fcrkiy\u0259 Respublikas\u0131n\u0131n Sparta v\u0259 Kayseri \u015f\u0259h\u0259rl\u0259rind\u0259, Nax\u00e7\u0131vandak\u0131 Da\u011f T\u0259lim M\u0259rk\u0259zind\u0259 t\u0259\u015fkil edilmi\u015f kurslarda v\u0259 44 g\u00fcnl\u00fck V\u0259t\u0259n m\u00fcharib\u0259sind\u0259 qazan\u0131lan d\u00f6y\u00fc\u015f t\u0259cr\u00fcb\u0259sinin pe\u015f\u0259karl\u0131qla t\u0259tbiq edilm\u0259sinin \u0259yani g\u00f6st\u0259ricisidir&#187;, &#8212; komandan vur\u011fulay\u0131b.<\/p>\n\n\n\n<p>Qeyd ed\u0259k ki, &#171;Nax\u00e7\u0131van Qarnizonu Qo\u015funlar\u0131n\u0131n 2021-ci t\u0259dris ilin\u0259 uzla\u015fma plan\u0131\u201dna \u0259sas\u0259n ke\u00e7iril\u0259n taktiki-x\u00fcsusi t\u0259lim ke\u00e7irilib. \u018flahidd\u0259 \u00dcmumqo\u015fun Ordu komandan\u0131, general-polkovnik K\u0259r\u0259m Mustafayevin v\u0259 T\u00fcrkiy\u0259 Silahl\u0131 Q\u00fcvv\u0259l\u0259ri m\u0259nsublar\u0131n\u0131n izl\u0259dikl\u0259ri t\u0259limd\u0259 \u015f\u0259xsi hey\u0259tin praktiki v\u0259rdi\u015fl\u0259ri v\u0259 binalarda d\u00f6y\u00fc\u015f \u0259m\u0259liyyatlar\u0131n\u0131n apar\u0131lmas\u0131 bacar\u0131qlar\u0131 yoxlan\u0131l\u0131b. T\u00fcrkiy\u0259 Silahl\u0131 Q\u00fcvv\u0259l\u0259rinin bir qrup h\u0259rbi qulluq\u00e7usunun m\u00fc\u015fahid\u0259\u00e7i v\u0259 t\u0259limat\u00e7\u0131 qismind\u0259 i\u015ftirak etdiyi t\u0259limin u\u011furla ba\u015fa \u00e7atmas\u0131 m\u00fcnasib\u0259til\u0259 m\u00fckafatland\u0131rma m\u0259rasimi ke\u00e7irilib.<\/p>\n\n\n\n<figure class=\"wp-block-embed is-type-video is-provider-youtube wp-block-embed-youtube wp-embed-aspect-16-9 wp-has-aspect-ratio\"><div class=\"wp-block-embed__wrapper\">\n<iframe loading=\"lazy\" title=\"\u018flahidd\u0259 \u00dcmumqo\u015fun Ordunun x\u00fcsusi t\u0259yinatl\u0131 b\u00f6lm\u0259l\u0259ri il\u0259 taktiki-x\u00fcsusi t\u0259lim ke\u00e7irilib\" width=\"715\" height=\"402\" src=\"https:\/\/www.youtube.com\/embed\/aw_H1owXjd0?feature=oembed\" frameborder=\"0\" allow=\"accelerometer; autoplay; clipboard-write; encrypted-media; gyroscope; picture-in-picture\" allowfullscreen><\/iframe>\n<\/div><\/figure>\n\n\n\n<p><a href=\"http:\/\/xn--_____-3veccenhxaiakvlcg2bohe2ah1fmfy4cjce4n7b9j\/\" rel=\"noreferrer noopener\" target=\"_blank\"><\/a><\/p>\n","protected":false},"excerpt":{"rendered":"<p>&#171;Az\u0259rbaycan v\u0259 T\u00fcrkiy\u0259 aras\u0131nda imzalanm\u0131\u015f h\u0259rbi \u0259m\u0259kda\u015fl\u0131q haqq\u0131nda sazi\u015f\u0259 uy\u011fun olaraq Nax\u00e7\u0131vanda v\u0259 T\u00fcrkiy\u0259nin Qars \u015f\u0259h\u0259rind\u0259 ke\u00e7irilmi\u015f d\u00f6y\u00fc\u015f at\u0131\u015fl\u0131 birg\u0259 taktiki t\u0259liml\u0259r h\u0259r iki<\/p>\n","protected":false},"author":2,"featured_media":44687,"comment_status":"closed","ping_status":"closed","sticky":false,"template":"","format":"standard","meta":{"footnotes":""},"categories":[3],"tags":[],"class_list":["post-44686","post","type-post","status-publish","format-standard","has-post-thumbnail","hentry","category-gundm"],"aioseo_notices":[],"_links":{"self":[{"href":"https:\/\/fedai.az\/index.php?rest_route=\/wp\/v2\/posts\/44686","targetHints":{"allow":["GET"]}}],"collection":[{"href":"https:\/\/fedai.az\/index.php?rest_route=\/wp\/v2\/posts"}],"about":[{"href":"https:\/\/fedai.az\/index.php?rest_route=\/wp\/v2\/types\/post"}],"author":[{"embeddable":true,"href":"https:\/\/fedai.az\/index.php?rest_route=\/wp\/v2\/users\/2"}],"replies":[{"embeddable":true,"href":"https:\/\/fedai.az\/index.php?rest_route=%2Fwp%2Fv2%2Fcomments&post=44686"}],"version-history":[{"count":2,"href":"https:\/\/fedai.az\/index.php?rest_route=\/wp\/v2\/posts\/44686\/revisions"}],"predecessor-version":[{"id":44692,"href":"https:\/\/fedai.az\/index.php?rest_route=\/wp\/v2\/posts\/44686\/revisions\/44692"}],"wp:featuredmedia":[{"embeddable":true,"href":"https:\/\/fedai.az\/index.php?rest_route=\/wp\/v2\/media\/44687"}],"wp:attachment":[{"href":"https:\/\/fedai.az\/index.php?rest_route=%2Fwp%2Fv2%2Fmedia&parent=44686"}],"wp:term":[{"taxonomy":"category","embeddable":true,"href":"https:\/\/fedai.az\/index.php?rest_route=%2Fwp%2Fv2%2Fcategories&post=44686"},{"taxonomy":"post_tag","embeddable":true,"href":"https:\/\/fedai.az\/index.php?rest_route=%2Fwp%2Fv2%2Ftags&post=44686"}],"curies":[{"name":"wp","href":"https:\/\/api.w.org\/{rel}","templated":true}]}}