{"id":44753,"date":"2021-08-07T00:31:47","date_gmt":"2021-08-06T20:31:47","guid":{"rendered":"https:\/\/fedai.az\/?p=44753"},"modified":"2021-08-07T00:31:53","modified_gmt":"2021-08-06T20:31:53","slug":"qardas-turkiy%c9%99nin-antalya-s%c9%99h%c9%99rind%c9%99-yanginlar-n%c9%99zar%c9%99t-altina-alinib","status":"publish","type":"post","link":"https:\/\/fedai.az\/?p=44753","title":{"rendered":"Qarda\u015f T\u00fcrkiy\u0259nin Antalya \u015f\u0259h\u0259rind\u0259 yan\u011f\u0131nlar n\u0259zar\u0259t alt\u0131na al\u0131n\u0131b"},"content":{"rendered":"\n<p><strong>\u201cT\u00fcrkiy\u0259nin Antalya \u015f\u0259h\u0259rind\u0259 yan\u011f\u0131nlar n\u0259zar\u0259t alt\u0131na al\u0131n\u0131b\u201d.<\/strong><\/p>\n\n\n\n<p>Bu bar\u0259d\u0259 K\u0259nd T\u0259s\u0259rr\u00fcfat\u0131 v\u0259 Me\u015f\u0259\u00e7ilik naziri B\u0259kir Pakdemirli a\u00e7\u0131qlama verib. O bildirib ki, Manavgat v\u0259 G\u00fcndo\u011fmu\u015f rayonlar\u0131nda art\u0131q soyutma i\u015fl\u0259ri apar\u0131l\u0131r.<\/p>\n\n\n\n<p>Qeyd ed\u0259k ki, T\u00fcrkiy\u0259d\u0259 10 g\u00fcn \u0259vv\u0259l yan\u011f\u0131nlar\u0131n ilk ba\u015flad\u0131\u011f\u0131 rayon Manavgat olub. <\/p>\n","protected":false},"excerpt":{"rendered":"<p>\u201cT\u00fcrkiy\u0259nin Antalya \u015f\u0259h\u0259rind\u0259 yan\u011f\u0131nlar n\u0259zar\u0259t alt\u0131na al\u0131n\u0131b\u201d. Bu bar\u0259d\u0259 K\u0259nd T\u0259s\u0259rr\u00fcfat\u0131 v\u0259 Me\u015f\u0259\u00e7ilik naziri B\u0259kir Pakdemirli a\u00e7\u0131qlama verib. O bildirib ki, Manavgat v\u0259 G\u00fcndo\u011fmu\u015f<\/p>\n","protected":false},"author":2,"featured_media":44754,"comment_status":"closed","ping_status":"closed","sticky":false,"template":"","format":"standard","meta":{"footnotes":""},"categories":[3],"tags":[],"class_list":["post-44753","post","type-post","status-publish","format-standard","has-post-thumbnail","hentry","category-gundm"],"aioseo_notices":[],"_links":{"self":[{"href":"https:\/\/fedai.az\/index.php?rest_route=\/wp\/v2\/posts\/44753","targetHints":{"allow":["GET"]}}],"collection":[{"href":"https:\/\/fedai.az\/index.php?rest_route=\/wp\/v2\/posts"}],"about":[{"href":"https:\/\/fedai.az\/index.php?rest_route=\/wp\/v2\/types\/post"}],"author":[{"embeddable":true,"href":"https:\/\/fedai.az\/index.php?rest_route=\/wp\/v2\/users\/2"}],"replies":[{"embeddable":true,"href":"https:\/\/fedai.az\/index.php?rest_route=%2Fwp%2Fv2%2Fcomments&post=44753"}],"version-history":[{"count":1,"href":"https:\/\/fedai.az\/index.php?rest_route=\/wp\/v2\/posts\/44753\/revisions"}],"predecessor-version":[{"id":44755,"href":"https:\/\/fedai.az\/index.php?rest_route=\/wp\/v2\/posts\/44753\/revisions\/44755"}],"wp:featuredmedia":[{"embeddable":true,"href":"https:\/\/fedai.az\/index.php?rest_route=\/wp\/v2\/media\/44754"}],"wp:attachment":[{"href":"https:\/\/fedai.az\/index.php?rest_route=%2Fwp%2Fv2%2Fmedia&parent=44753"}],"wp:term":[{"taxonomy":"category","embeddable":true,"href":"https:\/\/fedai.az\/index.php?rest_route=%2Fwp%2Fv2%2Fcategories&post=44753"},{"taxonomy":"post_tag","embeddable":true,"href":"https:\/\/fedai.az\/index.php?rest_route=%2Fwp%2Fv2%2Ftags&post=44753"}],"curies":[{"name":"wp","href":"https:\/\/api.w.org\/{rel}","templated":true}]}}