{"id":44756,"date":"2021-08-07T00:35:44","date_gmt":"2021-08-06T20:35:44","guid":{"rendered":"https:\/\/fedai.az\/?p=44756"},"modified":"2021-08-07T12:31:07","modified_gmt":"2021-08-07T08:31:07","slug":"%c9%99rdogan","status":"publish","type":"post","link":"https:\/\/fedai.az\/?p=44756","title":{"rendered":"\u018frdo\u011fan: &#171;Az\u0259rbaycan b\u00fct\u00fcn t\u0259chizatlarla t\u0259min olunmu\u015f 600 t\u0259cr\u00fcb\u0259li yan\u011f\u0131ns\u00f6nd\u00fcr\u0259n g\u00f6nd\u0259rib&#187;"},"content":{"rendered":"\n<p><strong>T\u00fcrkiy\u0259d\u0259 196 yan\u011f\u0131n oca\u011f\u0131 s\u00f6nd\u00fcr\u00fcl\u00fcb. 12 m\u0259nt\u0259q\u0259d\u0259 yan\u011f\u0131n davam edir.<\/strong><\/p>\n\n\n\n<p>T\u00fcrkiy\u0259&nbsp;prezidenti R\u0259c\u0259b Tayyib \u018frdo\u011fan bu bar\u0259d\u0259 a\u00e7\u0131qlama verib:<\/p>\n\n\n\n<p>&#171;Me\u015f\u0259 yan\u011f\u0131nlar\u0131 il\u0259 ba\u011fl\u0131 b\u00fct\u00fcn imkanlar\u0131m\u0131z\u0131 s\u0259f\u0259rb\u0259r etmi\u015fik. Qurudan v\u0259 havadan m\u00fcdaxil\u0259 ed\u0259n texnikalar\u0131n say\u0131 s\u00fcr\u0259tl\u0259 art\u0131b. Bu m\u0259s\u0259l\u0259d\u0259 x\u00fcsusil\u0259&nbsp;Az\u0259rbaycan\u0131n rolunu qeyd etm\u0259k ist\u0259yir\u0259m. Bura g\u0259lm\u0259zd\u0259n \u0259vv\u0259l \u0130lham \u018fliyev qarda\u015f\u0131mla telefonda dan\u0131\u015fd\u0131m. Az\u0259rbaycan b\u00fct\u00fcn t\u0259chizatlarla t\u0259min olunmu\u015f 600 t\u0259cr\u00fcb\u0259li yan\u011f\u0131ns\u00f6nd\u00fcr\u0259n g\u00f6nd\u0259rib. Daha 100 yan\u011f\u0131ns\u00f6nd\u00fcr\u0259n g\u00f6nd\u0259rm\u0259yi t\u0259klif etdi. M\u0259n d\u0259 yax\u015f\u0131 olar dedim. B\u00f6y\u00fck ehtimalla bu g\u00fcn g\u0259l\u0259c\u0259kl\u0259r\u201d.<\/p>\n","protected":false},"excerpt":{"rendered":"<p>T\u00fcrkiy\u0259d\u0259 196 yan\u011f\u0131n oca\u011f\u0131 s\u00f6nd\u00fcr\u00fcl\u00fcb. 12 m\u0259nt\u0259q\u0259d\u0259 yan\u011f\u0131n davam edir. T\u00fcrkiy\u0259&nbsp;prezidenti R\u0259c\u0259b Tayyib \u018frdo\u011fan bu bar\u0259d\u0259 a\u00e7\u0131qlama verib: &#171;Me\u015f\u0259 yan\u011f\u0131nlar\u0131 il\u0259 ba\u011fl\u0131 b\u00fct\u00fcn imkanlar\u0131m\u0131z\u0131<\/p>\n","protected":false},"author":2,"featured_media":44201,"comment_status":"closed","ping_status":"closed","sticky":false,"template":"","format":"standard","meta":{"footnotes":""},"categories":[3],"tags":[],"class_list":["post-44756","post","type-post","status-publish","format-standard","has-post-thumbnail","hentry","category-gundm"],"aioseo_notices":[],"_links":{"self":[{"href":"https:\/\/fedai.az\/index.php?rest_route=\/wp\/v2\/posts\/44756","targetHints":{"allow":["GET"]}}],"collection":[{"href":"https:\/\/fedai.az\/index.php?rest_route=\/wp\/v2\/posts"}],"about":[{"href":"https:\/\/fedai.az\/index.php?rest_route=\/wp\/v2\/types\/post"}],"author":[{"embeddable":true,"href":"https:\/\/fedai.az\/index.php?rest_route=\/wp\/v2\/users\/2"}],"replies":[{"embeddable":true,"href":"https:\/\/fedai.az\/index.php?rest_route=%2Fwp%2Fv2%2Fcomments&post=44756"}],"version-history":[{"count":2,"href":"https:\/\/fedai.az\/index.php?rest_route=\/wp\/v2\/posts\/44756\/revisions"}],"predecessor-version":[{"id":44812,"href":"https:\/\/fedai.az\/index.php?rest_route=\/wp\/v2\/posts\/44756\/revisions\/44812"}],"wp:featuredmedia":[{"embeddable":true,"href":"https:\/\/fedai.az\/index.php?rest_route=\/wp\/v2\/media\/44201"}],"wp:attachment":[{"href":"https:\/\/fedai.az\/index.php?rest_route=%2Fwp%2Fv2%2Fmedia&parent=44756"}],"wp:term":[{"taxonomy":"category","embeddable":true,"href":"https:\/\/fedai.az\/index.php?rest_route=%2Fwp%2Fv2%2Fcategories&post=44756"},{"taxonomy":"post_tag","embeddable":true,"href":"https:\/\/fedai.az\/index.php?rest_route=%2Fwp%2Fv2%2Ftags&post=44756"}],"curies":[{"name":"wp","href":"https:\/\/api.w.org\/{rel}","templated":true}]}}