{"id":44758,"date":"2021-08-07T00:48:03","date_gmt":"2021-08-06T20:48:03","guid":{"rendered":"https:\/\/fedai.az\/?p=44758"},"modified":"2021-08-07T00:48:50","modified_gmt":"2021-08-06T20:48:50","slug":"hazirda-insasina-baslanilan-yol-lacin-d%c9%99hlizin%c9%99-alternativ-deyil-r%c9%99smi","status":"publish","type":"post","link":"https:\/\/fedai.az\/?p=44758","title":{"rendered":"Haz\u0131rda in\u015fas\u0131na ba\u015flan\u0131lan yol La\u00e7\u0131n d\u0259hlizin\u0259 alternativ deyil &#8212; R\u018fSM\u0130"},"content":{"rendered":"\n<p><strong>Bu g\u00fcn Az\u0259rbaycan Avtomobil Yollar\u0131 Do\u0308vl\u0259t Agentliyi (AAYDA) Avtomobil Yollar\u0131n\u0131n \u0130stismar\u0131 v\u0259 T\u0259miri Ba\u015f \u0130dar\u0259sinin r\u0259is m\u00fcavini Hiday\u0259t R\u00fcst\u0259mov i\u015f\u011faldan azad olunmu\u015f La\u00e7\u0131na daxil olmadan uzunlu\u011fu 23 km olan yolun tikintisin\u0259 ba\u015flan\u0131ld\u0131\u011f\u0131n\u0131 bildirib.<\/strong><\/p>\n\n\n\n<p>R\u0259is m\u00fcavini deyib ki, La\u00e7\u0131na daxil olmadan \u00e7\u0259kil\u0259n alternativ yeni yol iki h\u0259r\u0259k\u0259t zolaql\u0131 olacaq: &#171;Biz rahat h\u0259r\u0259k\u0259tin t\u0259min edilm\u0259si \u00fc\u00e7\u00fcn La\u00e7\u0131na daxil olmadan 23 km uzunlu\u011funda dair\u0259vi alternativ yolun tikintisin\u0259 ba\u015flam\u0131\u015f\u0131q&#187;.<\/p>\n\n\n\n<p>B\u0259zi media orqanlar\u0131nda v\u0259 sosial \u015f\u0259b\u0259k\u0259l\u0259rd\u0259 bu yolun La\u00e7\u0131n d\u0259hlizin\u0259 alternativ olaraq \u00e7\u0259kilm\u0259si bar\u0259d\u0259 t\u0259hrifl\u0259r\u0259 yol verilib.<\/p>\n\n\n\n<p>M\u0259nb\u0259: APA<\/p>\n","protected":false},"excerpt":{"rendered":"<p>Bu g\u00fcn Az\u0259rbaycan Avtomobil Yollar\u0131 Do\u0308vl\u0259t Agentliyi (AAYDA) Avtomobil Yollar\u0131n\u0131n \u0130stismar\u0131 v\u0259 T\u0259miri Ba\u015f \u0130dar\u0259sinin r\u0259is m\u00fcavini Hiday\u0259t R\u00fcst\u0259mov i\u015f\u011faldan azad olunmu\u015f La\u00e7\u0131na daxil<\/p>\n","protected":false},"author":2,"featured_media":44759,"comment_status":"closed","ping_status":"closed","sticky":false,"template":"","format":"standard","meta":{"footnotes":""},"categories":[4],"tags":[],"class_list":["post-44758","post","type-post","status-publish","format-standard","has-post-thumbnail","hentry","category-qarabag"],"aioseo_notices":[],"_links":{"self":[{"href":"https:\/\/fedai.az\/index.php?rest_route=\/wp\/v2\/posts\/44758","targetHints":{"allow":["GET"]}}],"collection":[{"href":"https:\/\/fedai.az\/index.php?rest_route=\/wp\/v2\/posts"}],"about":[{"href":"https:\/\/fedai.az\/index.php?rest_route=\/wp\/v2\/types\/post"}],"author":[{"embeddable":true,"href":"https:\/\/fedai.az\/index.php?rest_route=\/wp\/v2\/users\/2"}],"replies":[{"embeddable":true,"href":"https:\/\/fedai.az\/index.php?rest_route=%2Fwp%2Fv2%2Fcomments&post=44758"}],"version-history":[{"count":2,"href":"https:\/\/fedai.az\/index.php?rest_route=\/wp\/v2\/posts\/44758\/revisions"}],"predecessor-version":[{"id":44761,"href":"https:\/\/fedai.az\/index.php?rest_route=\/wp\/v2\/posts\/44758\/revisions\/44761"}],"wp:featuredmedia":[{"embeddable":true,"href":"https:\/\/fedai.az\/index.php?rest_route=\/wp\/v2\/media\/44759"}],"wp:attachment":[{"href":"https:\/\/fedai.az\/index.php?rest_route=%2Fwp%2Fv2%2Fmedia&parent=44758"}],"wp:term":[{"taxonomy":"category","embeddable":true,"href":"https:\/\/fedai.az\/index.php?rest_route=%2Fwp%2Fv2%2Fcategories&post=44758"},{"taxonomy":"post_tag","embeddable":true,"href":"https:\/\/fedai.az\/index.php?rest_route=%2Fwp%2Fv2%2Ftags&post=44758"}],"curies":[{"name":"wp","href":"https:\/\/api.w.org\/{rel}","templated":true}]}}