{"id":44767,"date":"2021-08-07T01:22:34","date_gmt":"2021-08-06T21:22:34","guid":{"rendered":"https:\/\/fedai.az\/?p=44767"},"modified":"2021-08-07T01:22:37","modified_gmt":"2021-08-06T21:22:37","slug":"erm%c9%99nil%c9%99r-oz-yalanlarini-ozl%c9%99ri-t%c9%99kzib-edirl%c9%99r","status":"publish","type":"post","link":"https:\/\/fedai.az\/?p=44767","title":{"rendered":"Erm\u0259nil\u0259r \u00f6z yalanlar\u0131n\u0131 \u00f6zl\u0259ri t\u0259kzib edirl\u0259r"},"content":{"rendered":"\n<p><strong>Erm\u0259nistan\u0131n \u0130stintaq Komit\u0259sinin m\u0259tbuat katibi Vardan Tadevosyan bildirib ki, \u015eurnuxda u\u015fa\u011f\u0131n o\u011furlanmas\u0131 il\u0259 ba\u011fl\u0131 yay\u0131lan m\u0259lumatlar h\u0259qiq\u0259t\u0259 uy\u011fun deyil. Bu bar\u0259d\u0259 \u201cSputnik Erm\u0259nistan\u201d x\u0259b\u0259r verir.<\/strong><\/p>\n\n\n\n<p>\u00d6nc\u0259 \u201cAzad V\u0259t\u0259n\u201d partiyas\u0131n\u0131n r\u0259hb\u0259ri Andreas Qukasyan yanvar-fevral aylar\u0131nda az\u0259rbaycanl\u0131lar\u0131n \u015eurnux k\u0259ndind\u0259n bir u\u015fa\u011f\u0131 o\u011furlad\u0131qlar\u0131n\u0131, cinsi zorak\u0131l\u0131\u011fa m\u0259ruz qoyduqlar\u0131n\u0131 v\u0259 sonra k\u0259nd\u0259 qay\u0131td\u0131qlar\u0131n\u0131 s\u00f6yl\u0259yib.<\/p>\n\n\n\n<p>\u201cS\u00fcnikd\u0259ki \u0130stintaq Komit\u0259sinin haz\u0131rk\u0131 v\u0259 ke\u00e7mi\u015f r\u0259hb\u0259rl\u0259ri il\u0259 dan\u0131\u015fd\u0131m. Dedil\u0259r ki, bel\u0259 m\u0259lumat yoxdur, he\u00e7 bir cinay\u0259t i\u015fi a\u00e7ilmay\u0131b, bunlar sad\u0259c\u0259 \u015fayi\u0259l\u0259rdir\u201d, \u2013 Tadevosyan bildirib.<\/p>\n\n\n\n<p>\u201cSputnik Erm\u0259nistan\u201d \u015eurnux k\u0259ndinin ba\u015f\u00e7\u0131s\u0131 Akop Ar\u015fakyanla da dan\u0131\u015f\u0131b. O da bu m\u0259lumat\u0131 t\u0259kzib edib v\u0259 bu c\u00fcr \u015fayi\u0259l\u0259r\u0259 inanmama\u011fa \u00e7a\u011f\u0131r\u0131b.<\/p>\n\n\n\n<p>\u201cBel\u0259 bir \u015fey yox idi. Bunun olub olmad\u0131\u011f\u0131n\u0131 ilk bil\u0259nl\u0259rd\u0259n biri olard\u0131m. Bel\u0259 bir m\u0259s\u0259l\u0259d\u0259n piar m\u0259qs\u0259di il\u0259 istifad\u0259 etm\u0259k s\u0259hvdir\u201d, \u2013 Ar\u015fakyan bildirib.<\/p>\n\n\n\n<p>M\u0259nb\u0259: Virtualaz.org<\/p>\n","protected":false},"excerpt":{"rendered":"<p>Erm\u0259nistan\u0131n \u0130stintaq Komit\u0259sinin m\u0259tbuat katibi Vardan Tadevosyan bildirib ki, \u015eurnuxda u\u015fa\u011f\u0131n o\u011furlanmas\u0131 il\u0259 ba\u011fl\u0131 yay\u0131lan m\u0259lumatlar h\u0259qiq\u0259t\u0259 uy\u011fun deyil. Bu bar\u0259d\u0259 \u201cSputnik Erm\u0259nistan\u201d x\u0259b\u0259r<\/p>\n","protected":false},"author":2,"featured_media":44769,"comment_status":"closed","ping_status":"closed","sticky":false,"template":"","format":"standard","meta":{"footnotes":""},"categories":[4],"tags":[],"class_list":["post-44767","post","type-post","status-publish","format-standard","has-post-thumbnail","hentry","category-qarabag"],"aioseo_notices":[],"_links":{"self":[{"href":"https:\/\/fedai.az\/index.php?rest_route=\/wp\/v2\/posts\/44767","targetHints":{"allow":["GET"]}}],"collection":[{"href":"https:\/\/fedai.az\/index.php?rest_route=\/wp\/v2\/posts"}],"about":[{"href":"https:\/\/fedai.az\/index.php?rest_route=\/wp\/v2\/types\/post"}],"author":[{"embeddable":true,"href":"https:\/\/fedai.az\/index.php?rest_route=\/wp\/v2\/users\/2"}],"replies":[{"embeddable":true,"href":"https:\/\/fedai.az\/index.php?rest_route=%2Fwp%2Fv2%2Fcomments&post=44767"}],"version-history":[{"count":1,"href":"https:\/\/fedai.az\/index.php?rest_route=\/wp\/v2\/posts\/44767\/revisions"}],"predecessor-version":[{"id":44770,"href":"https:\/\/fedai.az\/index.php?rest_route=\/wp\/v2\/posts\/44767\/revisions\/44770"}],"wp:featuredmedia":[{"embeddable":true,"href":"https:\/\/fedai.az\/index.php?rest_route=\/wp\/v2\/media\/44769"}],"wp:attachment":[{"href":"https:\/\/fedai.az\/index.php?rest_route=%2Fwp%2Fv2%2Fmedia&parent=44767"}],"wp:term":[{"taxonomy":"category","embeddable":true,"href":"https:\/\/fedai.az\/index.php?rest_route=%2Fwp%2Fv2%2Fcategories&post=44767"},{"taxonomy":"post_tag","embeddable":true,"href":"https:\/\/fedai.az\/index.php?rest_route=%2Fwp%2Fv2%2Ftags&post=44767"}],"curies":[{"name":"wp","href":"https:\/\/api.w.org\/{rel}","templated":true}]}}