{"id":44771,"date":"2021-08-07T01:25:52","date_gmt":"2021-08-06T21:25:52","guid":{"rendered":"https:\/\/fedai.az\/?p=44771"},"modified":"2021-08-07T01:33:48","modified_gmt":"2021-08-06T21:33:48","slug":"k%c9%99sfiyyatci-q%c9%99q%c9%99ni-doyus%c9%99-erm%c9%99ni-polkovnikinin-silahi-il%c9%99-girdim","status":"publish","type":"post","link":"https:\/\/fedai.az\/?p=44771","title":{"rendered":"K\u0259\u015ffiyyat\u00e7\u0131 Q\u0259q\u0259ni: \u201cD\u00f6y\u00fc\u015f\u0259 erm\u0259ni polkovnikinin silah\u0131 il\u0259 girdim\u201d"},"content":{"rendered":"\n<p><strong>Baku TV \u201cQ\u0259q\u0259ni\u201d l\u0259q\u0259bli k\u0259\u015ffiyyat\u00e7\u0131 El\u00e7in Kaz\u0131mov haqq\u0131nda reportaj\u0131 t\u0259qdim edir.<\/strong><\/p>\n\n\n\n<p>Birinci v\u0259 \u0130kinci Qaraba\u011f m\u00fcharib\u0259si i\u015ftirak\u00e7\u0131s\u0131 reportajda l\u0259q\u0259binin tarix\u00e7\u0259sind\u0259n, d\u00f6y\u00fc\u015f xatir\u0259l\u0259rind\u0259n, 44 g\u00fcnl\u00fck V\u0259t\u0259n m\u00fcharib\u0259sind\u0259 ya\u015fananlardan b\u0259hs edib.<\/p>\n\n\n\n<p>Qazinin s\u00f6zl\u0259rin\u0259 g\u00f6r\u0259, Birinci Qaraba\u011f m\u00fcharib\u0259sin\u0259 qat\u0131landa 16 ya\u015f\u0131 olub. \u018fvv\u0259lc\u0259 t\u0259minat i\u015fl\u0259rin\u0259 k\u00f6m\u0259k ed\u0259n El\u00e7in Kaz\u0131mov daha sonra k\u0259\u015ffiyyat qrupuna qo\u015fulub.<\/p>\n\n\n\n<p>\u201cV\u0259t\u0259n, Qaraba\u011f\u201d deyil\u0259nd\u0259 k\u00f6vr\u0259l\u0259n k\u0259\u015ffiyyat\u00e7\u0131 z\u0259f\u0259r x\u0259b\u0259rini e\u015fid\u0259rk\u0259n ke\u00e7irdiyi hissl\u0259rd\u0259n d\u0259 dan\u0131\u015f\u0131b.<\/p>\n\n\n\n<p><strong>P.S. Var ol, Q\u0259q\u0259ni. \u00d6zg\u0259 deyil\u0259si s\u00f6zl\u0259ri \u00f6z\u00fcn demis\u0259n&#8230;<\/strong><\/p>\n\n\n\n<p>Daha \u0259trafl\u0131 linkd\u0259n izl\u0259y\u0259 bil\u0259rsiniz:<\/p>\n\n\n\n<figure class=\"wp-block-embed is-type-video is-provider-youtube wp-block-embed-youtube wp-embed-aspect-16-9 wp-has-aspect-ratio\"><div class=\"wp-block-embed__wrapper\">\n<iframe loading=\"lazy\" title=\"&quot;D\u00f6y\u00fc\u015f\u0259 Erm\u0259ni Polkovnikinin Silah\u0131 \u0130l\u0259 Girdim &quot; - K\u0259\u015ffiyyat\u00e7\u0131 Q\u0259q\u0259ni\" width=\"715\" height=\"402\" src=\"https:\/\/www.youtube.com\/embed\/Ec_OU_yqD4Y?feature=oembed\" frameborder=\"0\" allow=\"accelerometer; autoplay; clipboard-write; encrypted-media; gyroscope; picture-in-picture\" allowfullscreen><\/iframe>\n<\/div><\/figure>\n","protected":false},"excerpt":{"rendered":"<p>Baku TV \u201cQ\u0259q\u0259ni\u201d l\u0259q\u0259bli k\u0259\u015ffiyyat\u00e7\u0131 El\u00e7in Kaz\u0131mov haqq\u0131nda reportaj\u0131 t\u0259qdim edir. Birinci v\u0259 \u0130kinci Qaraba\u011f m\u00fcharib\u0259si i\u015ftirak\u00e7\u0131s\u0131 reportajda l\u0259q\u0259binin tarix\u00e7\u0259sind\u0259n, d\u00f6y\u00fc\u015f xatir\u0259l\u0259rind\u0259n, 44 g\u00fcnl\u00fck<\/p>\n","protected":false},"author":2,"featured_media":44772,"comment_status":"closed","ping_status":"closed","sticky":false,"template":"","format":"standard","meta":{"footnotes":""},"categories":[5],"tags":[],"class_list":["post-44771","post","type-post","status-publish","format-standard","has-post-thumbnail","hentry","category-veteran"],"aioseo_notices":[],"_links":{"self":[{"href":"https:\/\/fedai.az\/index.php?rest_route=\/wp\/v2\/posts\/44771","targetHints":{"allow":["GET"]}}],"collection":[{"href":"https:\/\/fedai.az\/index.php?rest_route=\/wp\/v2\/posts"}],"about":[{"href":"https:\/\/fedai.az\/index.php?rest_route=\/wp\/v2\/types\/post"}],"author":[{"embeddable":true,"href":"https:\/\/fedai.az\/index.php?rest_route=\/wp\/v2\/users\/2"}],"replies":[{"embeddable":true,"href":"https:\/\/fedai.az\/index.php?rest_route=%2Fwp%2Fv2%2Fcomments&post=44771"}],"version-history":[{"count":2,"href":"https:\/\/fedai.az\/index.php?rest_route=\/wp\/v2\/posts\/44771\/revisions"}],"predecessor-version":[{"id":44778,"href":"https:\/\/fedai.az\/index.php?rest_route=\/wp\/v2\/posts\/44771\/revisions\/44778"}],"wp:featuredmedia":[{"embeddable":true,"href":"https:\/\/fedai.az\/index.php?rest_route=\/wp\/v2\/media\/44772"}],"wp:attachment":[{"href":"https:\/\/fedai.az\/index.php?rest_route=%2Fwp%2Fv2%2Fmedia&parent=44771"}],"wp:term":[{"taxonomy":"category","embeddable":true,"href":"https:\/\/fedai.az\/index.php?rest_route=%2Fwp%2Fv2%2Fcategories&post=44771"},{"taxonomy":"post_tag","embeddable":true,"href":"https:\/\/fedai.az\/index.php?rest_route=%2Fwp%2Fv2%2Ftags&post=44771"}],"curies":[{"name":"wp","href":"https:\/\/api.w.org\/{rel}","templated":true}]}}