{"id":44782,"date":"2021-08-07T01:48:25","date_gmt":"2021-08-06T21:48:25","guid":{"rendered":"https:\/\/fedai.az\/?p=44782"},"modified":"2021-08-07T01:48:29","modified_gmt":"2021-08-06T21:48:29","slug":"r%c9%99isi-qarabagdaki-q%c9%99l%c9%99b%c9%99-munasib%c9%99til%c9%99-az%c9%99rbaycani-t%c9%99brik-edib","status":"publish","type":"post","link":"https:\/\/fedai.az\/?p=44782","title":{"rendered":"R\u0259isi Qaraba\u011fdak\u0131 q\u0259l\u0259b\u0259 m\u00fcnasib\u0259til\u0259 Az\u0259rbaycan\u0131 t\u0259brik edib"},"content":{"rendered":"\n<p><strong>Az\u0259rbaycan Milli M\u0259clisinin s\u0259dri Sahib\u0259 Qafarova \u0130ran prezidenti Seyid \u0130brahim R\u0259isi il\u0259 g\u00f6r\u00fc\u015f\u00fcb.<\/strong><\/p>\n\n\n\n<p><strong><br>&#171;Report&#187;un x\u0259b\u0259rin\u0259 g\u00f6r\u0259, Milli M\u0259clisin s\u0259dri Sahib\u0259 Qafarovan\u0131 v\u0259 n\u00fcmay\u0259nd\u0259 hey\u0259tinin \u00fczvl\u0259rini salamlayan prezident Seyid \u0130brahim R\u0259isi onun andi\u00e7m\u0259 m\u0259rasimind\u0259 i\u015ftirak etdiyin\u0259 g\u00f6r\u0259 Az\u0259rbaycan n\u00fcmay\u0259nd\u0259 hey\u0259tin\u0259 t\u0259\u015f\u0259kk\u00fcr edib.<\/strong><\/p>\n\n\n\n<p><strong><br><\/strong>O, V\u0259t\u0259n m\u00fcharib\u0259sind\u0259 \u0259ld\u0259 etdiyi q\u0259l\u0259b\u0259 m\u00fcnasib\u0259til\u0259 Az\u0259rbaycan d\u00f6vl\u0259tini v\u0259 xalq\u0131n\u0131 t\u0259brik edib. \u0130ran prezidenti Az\u0259rbaycan xalq\u0131na firavanl\u0131q v\u0259 xo\u015f g\u00fcnl\u0259r arzulay\u0131b.<\/p>\n\n\n\n<p><br>Milli M\u0259clisin S\u0259dri Sahib\u0259 Qafarova Prezident \u0130lham \u018fliyevin salamlar\u0131n\u0131 v\u0259 t\u0259brikl\u0259rini \u0130ran prezidentin\u0259 \u00e7atd\u0131r\u0131b. Spiker bildirib ki, Az\u0259rbaycan dost v\u0259 qon\u015fu \u00f6lk\u0259 olan \u0130ranla \u0259laq\u0259l\u0259rin inki\u015faf\u0131na h\u0259mi\u015f\u0259 b\u00f6y\u00fck diqq\u0259t yetirmi\u015f v\u0259 g\u0259l\u0259c\u0259kd\u0259 d\u0259 bu \u0259laq\u0259l\u0259ri d\u0259rinl\u0259\u015fdirm\u0259k niyy\u0259tind\u0259dir. Sahib\u0259 Qafarova qeyd edib ki, siyasi, iqtisadi, m\u0259d\u0259ni, humanitar sah\u0259l\u0259rd\u0259 \u0259m\u0259kda\u015fl\u0131\u011f\u0131m\u0131z xalqlar\u0131m\u0131z\u0131n \u00fcmumi m\u0259nafel\u0259rin\u0259 xidm\u0259t edir. Parlamentl\u0259r s\u0259viyy\u0259sind\u0259 d\u0259 \u0259m\u0259kda\u015fl\u0131\u011f\u0131m\u0131z d\u00f6vl\u0259tl\u0259raras\u0131 m\u00fcnasib\u0259tl\u0259rin daha da m\u00f6hk\u0259ml\u0259nm\u0259sind\u0259 \u00f6n\u0259mli rol oynay\u0131r. Bu sah\u0259d\u0259 parlamentl\u0259rimizd\u0259 f\u0259aliyy\u0259t g\u00f6st\u0259r\u0259n qar\u015f\u0131l\u0131ql\u0131 i\u015f\u00e7i qruplar\u0131n\u0131n \u00fcz\u0259rin\u0259 b\u00f6y\u00fck v\u0259zif\u0259l\u0259r d\u00fc\u015f\u00fcr. H\u0259r iki \u00f6lk\u0259nin n\u00fcmay\u0259nd\u0259 hey\u0259tl\u0259rinin qar\u015f\u0131l\u0131ql\u0131 s\u0259f\u0259rl\u0259ri, apar\u0131lan fikir m\u00fcbadil\u0259si \u0259laq\u0259l\u0259rimizin daha da m\u00f6hk\u0259ml\u0259ndirilm\u0259sind\u0259 m\u00fch\u00fcm \u0259h\u0259miyy\u0259t\u0259 malikdir.<\/p>\n\n\n\n<p><strong><em>S\u0259dr diqq\u0259t\u0259 \u00e7atd\u0131r\u0131b ki, iqtisadi, ticar\u0259t v\u0259 humanitar m\u00fcnasib\u0259tl\u0259rimizin inki\u015faf\u0131nda Az\u0259rbaycanla \u0130ran aras\u0131nda m\u00f6vcud olan D\u00f6vl\u0259tl\u0259raras\u0131 M\u00fc\u015ft\u0259r\u0259k Komissiya u\u011furla f\u0259aliyy\u0259t g\u00f6st\u0259rir.<\/em><\/strong><\/p>\n\n\n\n<p><br>\u0130ran Prezidenti Seyid \u0130brahim R\u0259isi Prezident \u0130lham \u018fliyevin t\u0259brikl\u0259rin\u0259 g\u00f6r\u0259, minn\u0259tdarl\u0131\u011f\u0131n\u0131 bildirib v\u0259 onun da salamlar\u0131n\u0131 Az\u0259rbaycan\u0131n d\u00f6vl\u0259t ba\u015f\u00e7\u0131s\u0131na \u00e7atd\u0131rma\u011f\u0131 xahi\u015f edib.<\/p>\n\n\n\n<p><br>Sonra g\u00f6r\u00fc\u015fd\u0259 regional \u0259m\u0259kda\u015fl\u0131\u011f\u0131n perspektivl\u0259ri v\u0259 t\u0259r\u0259fl\u0259ri maraqland\u0131ran dig\u0259r m\u0259s\u0259l\u0259l\u0259r bar\u0259d\u0259 fikir m\u00fcbadil\u0259si apar\u0131l\u0131b.<\/p>\n","protected":false},"excerpt":{"rendered":"<p>Az\u0259rbaycan Milli M\u0259clisinin s\u0259dri Sahib\u0259 Qafarova \u0130ran prezidenti Seyid \u0130brahim R\u0259isi il\u0259 g\u00f6r\u00fc\u015f\u00fcb. &#171;Report&#187;un x\u0259b\u0259rin\u0259 g\u00f6r\u0259, Milli M\u0259clisin s\u0259dri Sahib\u0259 Qafarovan\u0131 v\u0259 n\u00fcmay\u0259nd\u0259 hey\u0259tinin<\/p>\n","protected":false},"author":2,"featured_media":44783,"comment_status":"closed","ping_status":"closed","sticky":false,"template":"","format":"standard","meta":{"footnotes":""},"categories":[1],"tags":[],"class_list":["post-44782","post","type-post","status-publish","format-standard","has-post-thumbnail","hentry","category-siyast"],"aioseo_notices":[],"_links":{"self":[{"href":"https:\/\/fedai.az\/index.php?rest_route=\/wp\/v2\/posts\/44782","targetHints":{"allow":["GET"]}}],"collection":[{"href":"https:\/\/fedai.az\/index.php?rest_route=\/wp\/v2\/posts"}],"about":[{"href":"https:\/\/fedai.az\/index.php?rest_route=\/wp\/v2\/types\/post"}],"author":[{"embeddable":true,"href":"https:\/\/fedai.az\/index.php?rest_route=\/wp\/v2\/users\/2"}],"replies":[{"embeddable":true,"href":"https:\/\/fedai.az\/index.php?rest_route=%2Fwp%2Fv2%2Fcomments&post=44782"}],"version-history":[{"count":1,"href":"https:\/\/fedai.az\/index.php?rest_route=\/wp\/v2\/posts\/44782\/revisions"}],"predecessor-version":[{"id":44784,"href":"https:\/\/fedai.az\/index.php?rest_route=\/wp\/v2\/posts\/44782\/revisions\/44784"}],"wp:featuredmedia":[{"embeddable":true,"href":"https:\/\/fedai.az\/index.php?rest_route=\/wp\/v2\/media\/44783"}],"wp:attachment":[{"href":"https:\/\/fedai.az\/index.php?rest_route=%2Fwp%2Fv2%2Fmedia&parent=44782"}],"wp:term":[{"taxonomy":"category","embeddable":true,"href":"https:\/\/fedai.az\/index.php?rest_route=%2Fwp%2Fv2%2Fcategories&post=44782"},{"taxonomy":"post_tag","embeddable":true,"href":"https:\/\/fedai.az\/index.php?rest_route=%2Fwp%2Fv2%2Ftags&post=44782"}],"curies":[{"name":"wp","href":"https:\/\/api.w.org\/{rel}","templated":true}]}}