{"id":44791,"date":"2021-08-07T02:38:14","date_gmt":"2021-08-06T22:38:14","guid":{"rendered":"https:\/\/fedai.az\/?p=44791"},"modified":"2021-08-07T02:45:38","modified_gmt":"2021-08-06T22:45:38","slug":"v%c9%99t%c9%99np%c9%99rv%c9%99r-zabit-v%c9%99-xususi-t%c9%99yinatli-m%c9%99sl%c9%99yinin-dasiyicisi-kimi-doyus-sinagindan-s%c9%99r%c9%99fl%c9%99-kecdi","status":"publish","type":"post","link":"https:\/\/fedai.az\/?p=44791","title":{"rendered":"V\u018fT\u018fNP\u018fRV\u018fR ZAB\u0130T V\u018f X\u00dcSUS\u0130 T\u018fY\u0130NATLI  M\u018fSL\u018fY\u0130N\u0130N DA\u015eIYICISI K\u0130M\u0130 D\u00d6Y\u00dc\u015e SINA\u011eINDAN \u015e\u018fR\u018fFL\u018f KE\u00c7D\u0130&#8230;"},"content":{"rendered":"\n<p><strong>2020-ci il Az\u0259rbaycan tarixind\u0259 erm\u0259ni i\u015f\u011fal\u00e7\u0131lar\u0131na qar\u015f\u0131 V\u0259t\u0259n m\u00fcharib\u0259sind\u0259 qazand\u0131\u011f\u0131m\u0131z b\u00f6y\u00fck h\u0259rbi z\u0259f\u0259rl\u0259 unudulmaz iz qoydu. Xalq\u0131m\u0131z\u0131n m\u0259rd o\u011fullar\u0131 d\u00fc\u015fm\u0259ni d\u00f6y\u00fc\u015f meydan\u0131nda m\u0259\u011flub ed\u0259r\u0259k, \u015f\u0259hidl\u0259rimizin qan\u0131 t\u00f6k\u00fcl\u0259n m\u00fcq\u0259dd\u0259s torpaqlar\u0131m\u0131z\u0131n i\u015f\u011fal\u0131na son qoydular. Az\u0259rbaycan\u0131n f\u0259xri olan bu o\u011fullar\u0131n s\u0131ralar\u0131nda Daxili \u0130\u015fl\u0259r Nazirliyi Daxili Qo\u015funlar\u0131n\u0131n h\u0259rbi qulluq\u00e7ular\u0131 da v\u0259t\u0259np\u0259rv\u0259rlik v\u0259 \u015f\u00fcca\u0259t n\u00fcmun\u0259l\u0259ri g\u00f6st\u0259r\u0259r\u0259k f\u0259rql\u0259nibl\u0259r.<\/strong><\/p>\n\n\n\n<p>44 g\u00fcnl\u00fck V\u0259t\u0259n m\u00fcharib\u0259sind\u0259 \u015f\u0259r\u0259fli d\u00f6y\u00fc\u015f yolu ke\u00e7\u0259n h\u0259rbi qulluq\u00e7ular\u0131m\u0131z\u0131n bir qismi \u00f6n c\u0259bh\u0259d\u0259n yaral\u0131 olaraq geri qay\u0131d\u0131b. A\u011f\u0131r s\u0131naqlardan ke\u00e7mi\u015f h\u0259rbi qulluq\u00e7ular\u0131m\u0131z\u0131n d\u00f6y\u00fc\u015f yolunu i\u015f\u0131qland\u0131rma\u011f\u0131 \u00f6z\u00fcm\u00fcz\u0259 m\u0259n\u0259vi borc bilirik.<\/p>\n\n\n\n<p>&nbsp;Kapitan V\u00fcsal H\u0259s\u0259nov da V\u0259t\u0259n m\u00fcharib\u0259si i\u015ftirak\u00e7\u0131s\u0131d\u0131r. O, 1982-ci il avqustun 20-d\u0259 F\u00fczuli rayonunun Mahmudlu-2 k\u0259ndind\u0259 anadan olub. Qaraba\u011f m\u00fcnaqi\u015f\u0259si ba\u015flayanda onun 6 ya\u015f\u0131 var idi. 1993-c\u00fc ilin avqust ay\u0131nda F\u00fczuli rayonunun b\u00f6y\u00fck hiss\u0259si i\u015f\u011fal olunmu\u015fdu. H\u0259min vaxt do\u011fma yurdu da d\u00fc\u015fm\u0259nin h\u0259rbi t\u0259cav\u00fcz\u00fcn\u0259 m\u0259ruz qalm\u0131\u015f, k\u0259nd \u0259halisi m\u0259cburi k\u00f6\u00e7k\u00fcn v\u0259ziyy\u0259tin\u0259 d\u00fc\u015fm\u00fc\u015fd\u00fc. Ancaq bir m\u00fcdd\u0259t sonra ordumuz k\u0259nd \u00fcz\u0259rind\u0259 n\u0259zar\u0259ti b\u0259rpa etmi\u015fdi. 1994-c\u00fc ilin yanvar ay\u0131nda is\u0259 rayonun Horadiz q\u0259s\u0259b\u0259si (haz\u0131rda Horadiz \u015f\u0259h\u0259ri) v\u0259 bir \u00e7ox k\u0259ndinin i\u015f\u011fal\u0131na son qoyulmu\u015fdu.<\/p>\n\n\n\n<p>Mahmudlu-2 k\u0259ndind\u0259ki \u015f\u0259hid Qeyr\u0259t \u0130bi\u015fov ad\u0131na orta m\u0259kt\u0259bin m\u0259zunu olan V\u00fcsal 2000-2004-c\u00fc ill\u0259rd\u0259 Az\u0259rbaycan D\u00f6vl\u0259t M\u0259d\u0259niyy\u0259t v\u0259 \u0130nc\u0259s\u0259n\u0259t Universitetind\u0259 ali t\u0259hsil al\u0131b.<\/p>\n\n\n\n<figure class=\"wp-block-image size-large\"><img loading=\"lazy\" decoding=\"async\" width=\"1024\" height=\"681\" src=\"https:\/\/fedai.az\/wp-content\/uploads\/2021\/08\/IMG-20210805-WA0008-1024x681.jpg\" alt=\"\" class=\"wp-image-44792\" srcset=\"https:\/\/fedai.az\/wp-content\/uploads\/2021\/08\/IMG-20210805-WA0008-1024x681.jpg 1024w, https:\/\/fedai.az\/wp-content\/uploads\/2021\/08\/IMG-20210805-WA0008-300x200.jpg 300w, https:\/\/fedai.az\/wp-content\/uploads\/2021\/08\/IMG-20210805-WA0008-150x100.jpg 150w, https:\/\/fedai.az\/wp-content\/uploads\/2021\/08\/IMG-20210805-WA0008-768x511.jpg 768w, https:\/\/fedai.az\/wp-content\/uploads\/2021\/08\/IMG-20210805-WA0008.jpg 1064w\" sizes=\"auto, (max-width: 1024px) 100vw, 1024px\" \/><\/figure>\n\n\n\n<p>2004-2005-ci ill\u0259rd\u0259 V\u00fcsal D\u00f6vl\u0259t S\u0259rh\u0259d Xidm\u0259tinin S\u0259rh\u0259d Qo\u015funlar\u0131n\u0131n t\u0259rkibind\u0259 Nax\u00e7\u0131vanda m\u00fcdd\u0259tli h\u0259qiqi h\u0259rbi xidm\u0259t ke\u00e7ib. Ali t\u0259hsilli s\u0259rh\u0259d\u00e7i kimi ona zenit qur\u011fusunda ba\u015f operator-hey\u0259t komandiri v\u0259zif\u0259si etibar olunub. M\u00fclki ixtisasa yiy\u0259l\u0259nm\u0259sin\u0259 baxmayaraq, h\u0259yat\u0131n\u0131 h\u0259rbi xidm\u0259t\u0259 ba\u011flamas\u0131 V\u00fcsal\u0131n v\u0259t\u0259np\u0259rv\u0259rlik \u0259qid\u0259sind\u0259n, h\u0259rb\u00e7i pe\u015f\u0259sin\u0259 r\u0259\u011fb\u0259tind\u0259n ir\u0259li g\u0259l\u0259n bir se\u00e7imi idi. 2007-ci ilin dekabr ay\u0131nda Daxili Qo\u015funlar\u0131n s\u0131ralar\u0131na m\u00fcdd\u0259td\u0259n art\u0131q h\u0259qiqi h\u0259rbi xidm\u0259t\u0259 q\u0259bul olunub, ona \u201cki\u00e7ik \u00e7avu\u015f\u201d h\u0259rbi r\u00fctb\u0259si verilib. 2007-2020-ci ill\u0259rd\u0259 Daxili Qo\u015funlar\u0131n Bak\u0131 \u015f\u0259h\u0259rind\u0259 yerl\u0259\u015f\u0259n \u201cN\u201d sayl\u0131 h\u0259rbi hiss\u0259sind\u0259 xidm\u0259ti d\u00f6vr\u00fcnd\u0259 \u00f6z \u0259zmkarl\u0131\u011f\u0131 say\u0259sind\u0259 h\u0259m r\u00fctb\u0259d\u0259, h\u0259m d\u0259 v\u0259zif\u0259d\u0259 y\u00fcks\u0259lib. \u018fsas\u0259n x\u00fcsusi t\u0259yinatl\u0131 d\u0259st\u0259d\u0259, habel\u0259 komendant b\u00f6l\u00fcy\u00fcnd\u0259 m\u0259sul v\u0259zif\u0259l\u0259r\u0259 t\u0259yin edilib.<\/p>\n\n\n\n<p>O, T\u00fcrkiy\u0259 C\u00fcmhuriyy\u0259tind\u0259 Jandarm M\u0259kt\u0259bl\u0259r Komandanl\u0131\u011f\u0131n\u0131n T\u0259dris M\u0259rk\u0259zind\u0259 gizir t\u0259m\u0259l kursunu, terrorla m\u00fcbariz\u0259, girovlar\u0131n azad edilm\u0259si \u00fczr\u0259 kursu v\u0259 Az\u0259rbaycan Respublikas\u0131 M\u00fcdafi\u0259 Nazirliyinin \u201cN\u201d sayl\u0131 h\u0259rbi hiss\u0259sind\u0259 para\u015f\u00fct\u00e7\u00fcl\u0259r kursunu m\u00fcv\u0259ff\u0259qiyy\u0259tl\u0259 bitirib. Qeyd edil\u0259n kurslarda \u00f6yr\u0259ndiyi bilikl\u0259r, yiy\u0259l\u0259ndiyi praktiki t\u0259cr\u00fcb\u0259 onun pe\u015f\u0259kar haz\u0131rl\u0131\u011f\u0131na \u00f6z m\u00fcsb\u0259t t\u0259sirini g\u00f6st\u0259rib.<\/p>\n\n\n\n<p>2013-c\u00fc ilin may ay\u0131n\u0131n 23-d\u0259n etibar\u0259n h\u0259rbi qulluq\u00e7umuz zabit r\u00fctb\u0259sind\u0259 xidm\u0259tini davam etdirir. 2020-ci il iyunun 27-d\u0259 Daxili Qo\u015funlar\u0131n Q\u0259b\u0259l\u0259 rayonundak\u0131 \u201cN\u201d sayl\u0131 h\u0259rbi hiss\u0259d\u0259 x\u00fcsusi t\u0259yinatl\u0131 d\u0259st\u0259 komandirinin m\u00fcavini-q\u0259rargah r\u0259isi v\u0259zif\u0259sin\u0259 ir\u0259li \u00e7\u0259kilib.<\/p>\n\n\n\n<p>V\u0259t\u0259n m\u00fcharib\u0259sin\u0259d\u0259k olan d\u00f6vrd\u0259 zabitimiz \u201cAz\u0259rbaycan Respublikas\u0131 Silahl\u0131 Q\u00fcvv\u0259l\u0259rinin 90 illiyi\u201d yubiley medal\u0131, 3-c\u00fc d\u0259r\u0259c\u0259li \u201cQ\u00fcsursuz xidm\u0259t\u0259 g\u00f6r\u0259\u201d medal\u0131, Daxili Qo\u015funlar\u0131n \u201cXidm\u0259td\u0259 f\u0259rql\u0259ndiyin\u0259 g\u00f6r\u0259\u201d d\u00f6\u015f ni\u015fan\u0131 il\u0259 t\u0259ltif olunub, h\u0259v\u0259sl\u0259ndirm\u0259 qaydas\u0131nda vaxt\u0131ndan \u0259vv\u0259l ona \u201ckapitan\u201d h\u0259rbi r\u00fctb\u0259si t\u0259qdim edilib.<\/p>\n\n\n\n<p>H\u0259rbi qulluq\u00e7u \u00fc\u00e7\u00fcn V\u0259t\u0259nin m\u00fcdafi\u0259sin\u0259 v\u0259 ist\u0259nil\u0259n d\u00f6y\u00fc\u015f tap\u015f\u0131r\u0131\u011f\u0131n\u0131 yerin\u0259 yetirm\u0259y\u0259 daim haz\u0131r olmaq vacib \u015f\u0259rtdir. V\u00fcsal bir zabit, habel\u0259 x\u00fcsusi t\u0259yinatl\u0131 m\u0259sl\u0259yinin da\u015f\u0131y\u0131c\u0131s\u0131 kimi h\u0259mi\u015f\u0259 \u00f6z\u00fcn\u00fc d\u00f6y\u00fc\u015f s\u0131na\u011f\u0131na haz\u0131rlay\u0131b.<\/p>\n\n\n\n<p>V\u0259t\u0259n m\u00fcharib\u0259si onun od-alovundan ke\u00e7\u0259n minl\u0259rl\u0259 h\u0259rbi qulluq\u00e7u kimi, V\u00fcsal \u00fc\u00e7\u00fcn d\u0259 h\u0259yat\u0131n\u0131n unudulmaz s\u0259hif\u0259sidir. O, d\u00fc\u015fm\u0259n\u0259 sonsuz nifr\u0259t, itirdiyimiz torpaqlar\u0131m\u0131za qovu\u015faca\u011f\u0131m\u0131za \u00fcmid v\u0259 ilahi \u0259dal\u0259t\u0259 inam hissi il\u0259 ill\u0259rl\u0259 bu m\u0259qam\u0131 g\u00f6zl\u0259yib.<\/p>\n\n\n\n<figure class=\"wp-block-image size-large\"><img loading=\"lazy\" decoding=\"async\" width=\"656\" height=\"1024\" src=\"https:\/\/fedai.az\/wp-content\/uploads\/2021\/08\/234160151_1868764533290156_8889776862405876375_n-656x1024.jpg\" alt=\"\" class=\"wp-image-44794\" srcset=\"https:\/\/fedai.az\/wp-content\/uploads\/2021\/08\/234160151_1868764533290156_8889776862405876375_n-656x1024.jpg 656w, https:\/\/fedai.az\/wp-content\/uploads\/2021\/08\/234160151_1868764533290156_8889776862405876375_n-192x300.jpg 192w, https:\/\/fedai.az\/wp-content\/uploads\/2021\/08\/234160151_1868764533290156_8889776862405876375_n-96x150.jpg 96w, https:\/\/fedai.az\/wp-content\/uploads\/2021\/08\/234160151_1868764533290156_8889776862405876375_n-768x1199.jpg 768w, https:\/\/fedai.az\/wp-content\/uploads\/2021\/08\/234160151_1868764533290156_8889776862405876375_n.jpg 820w\" sizes=\"auto, (max-width: 656px) 100vw, 656px\" \/><\/figure>\n\n\n\n<p>Kapitan V.H\u0259s\u0259nov F\u00fczuli, Xocav\u0259nd rayonlar\u0131 v\u0259 \u015eu\u015fa \u015f\u0259h\u0259ri u\u011frunda d\u00f6y\u00fc\u015fl\u0259rd\u0259 d\u00fc\u015fm\u0259n\u0259 qar\u015f\u0131 q\u0259tiyy\u0259tl\u0259 vuru\u015fub. Tan\u0131d\u0131\u011f\u0131 silahda\u015flar\u0131 il\u0259 birg\u0259 d\u00f6y\u00fc\u015fl\u0259r\u0259 at\u0131lmas\u0131 onu \u00e7\u0259tin m\u0259qamlarda daha da ruhland\u0131r\u0131b.<\/p>\n\n\n\n<p>\u00d6z\u00fcn\u00fcn dediyin\u0259 g\u00f6r\u0259, i\u015ftirak etdiyi ilk a\u011f\u0131r d\u00f6y\u00fc\u015fl\u0259rd\u0259n biri F\u00fczuli rayonu \u0259razisind\u0259 d\u00fc\u015fm\u0259nin m\u00fch\u00fcm m\u00fcdafi\u0259 m\u00f6vqeyinin yerl\u0259\u015fdiyi, x\u0259rit\u0259d\u0259 m\u00fcvafiq n\u00f6mr\u0259 il\u0259 adland\u0131r\u0131lan t\u0259p\u0259 u\u011frunda olub. H\u0259min t\u0259p\u0259nin al\u0131nmas\u0131 bizim canl\u0131 q\u00fcvv\u0259nin ir\u0259lil\u0259m\u0259sin\u0259, \u0259trafdak\u0131 bir ne\u00e7\u0259 k\u0259ndimizin tam n\u0259zar\u0259timiz\u0259 ke\u00e7m\u0259sin\u0259, el\u0259c\u0259 d\u0259 yax\u0131nl\u0131qdak\u0131 avtomobil yolunun a\u00e7\u0131lmas\u0131na imkan verirdi. Bu \u0259m\u0259liyyat Daxili Qo\u015funlar\u0131n \u00fc\u00e7 h\u0259rbi hiss\u0259sinin x\u00fcsusi t\u0259yinatl\u0131lar\u0131ndan ibar\u0259t qruplar t\u0259r\u0259find\u0259n u\u011furla ba\u015fa \u00e7atd\u0131r\u0131l\u0131b. D\u00f6y\u00fc\u015f zaman\u0131 V\u00fcsal partlayan d\u00fc\u015fm\u0259n m\u0259rmisinin q\u0259lp\u0259sind\u0259n qolundan yaralan\u0131b. Ancaq o, yerind\u0259c\u0259 g\u00f6st\u0259ril\u0259n ilk tibbi yard\u0131mla kifay\u0259tl\u0259n\u0259r\u0259k t\u0259xliyy\u0259 edilm\u0259sin\u0259 raz\u0131 olmay\u0131b. Bel\u0259likl\u0259, d\u00f6y\u00fc\u015f yolunu davam etdirib.<\/p>\n\n\n\n<p>V\u00fcsal s\u00f6yl\u0259di ki, d\u00f6y\u00fc\u015fl\u0259rd\u0259 minalan-m\u0131\u015f sah\u0259l\u0259r v\u0259 d\u00fc\u015fm\u0259nin m\u00f6hk\u0259ml\u0259ndirilmi\u015f at\u0259\u015f n\u00f6qt\u0259l\u0259ri d\u0259 bizim canl\u0131 q\u00fcvv\u0259nin qar\u015f\u0131s\u0131nda \u0259sas mane\u0259l\u0259rd\u0259n olub. H\u0259rbi qulluq\u00e7ular\u0131m\u0131z \u0259n t\u0259hl\u00fck\u0259li istiqam\u0259tl\u0259rd\u0259 bel\u0259, y\u00fcks\u0259k irad\u0259 v\u0259 c\u0259sar\u0259t n\u00fcmun\u0259si g\u00f6st\u0259ribl\u0259r, he\u00e7 k\u0259s g\u00fcll\u0259, m\u0259rmi at\u0259\u015fi alt\u0131nda geri \u00e7\u0259kilm\u0259yib, h\u0259d\u0259f\u0259 \u00e7atanad\u0259k d\u00fc\u015fm\u0259n \u00fcz\u0259rin\u0259 h\u0259ml\u0259l\u0259r edilib. O, c\u0259bh\u0259 b\u00f6lg\u0259sinin ayr\u0131-ayr\u0131 sah\u0259l\u0259rind\u0259 x\u00fcsusi t\u0259yinatl\u0131lardan ibar\u0259t qruplara bacar\u0131qla r\u0259hb\u0259rlik etmi\u015f zabitl\u0259rd\u0259n polkovnik-leytenant Tural Novruzovun, polkovnik-leytenant F\u00fczuli \u0130mr\u0259liyevin v\u0259 kapitan Anar Mahmudovun rolunu x\u00fcsusi vur\u011fulad\u0131. D\u00f6y\u00fc\u015f tap\u015f\u0131r\u0131qlar\u0131n\u0131n u\u011furla n\u0259tic\u0259l\u0259nm\u0259sind\u0259 onlar\u0131n pe\u015f\u0259karl\u0131\u011f\u0131n\u0131n v\u0259 tabelikl\u0259rind\u0259ki \u015f\u0259xsi hey\u0259tin m\u00fcbarizliyinin vacib amill\u0259r oldu\u011funu n\u0259z\u0259r\u0259 \u00e7atd\u0131rd\u0131.<\/p>\n\n\n\n<p>Zabitimiz bildirdi ki, m\u00fcharib\u0259d\u0259 h\u00fccum d\u00f6y\u00fc\u015fl\u0259ri il\u0259 yana\u015f\u0131, n\u0259zar\u0259timiz\u0259 ke\u00e7\u0259n \u0259razil\u0259rd\u0259 axtar\u0131\u015f y\u00f6n\u00fcml\u00fc, d\u00fc\u015fm\u0259nin diversiya-k\u0259\u015ffiyyat f\u0259aliyy\u0259tin\u0259 qar\u015f\u0131 t\u0259dbirl\u0259r, o c\u00fcml\u0259d\u0259n, k\u0259\u015ffiyyat tap\u015f\u0131r\u0131qlar\u0131n\u0131n yerin\u0259 yetirilm\u0259si d\u0259 t\u0259min olunub.<\/p>\n\n\n\n<p>F\u00fczuli-Xocav\u0259nd zonas\u0131ndan sonra \u015fahidi oldu\u011fu \u0259sas d\u00f6y\u00fc\u015fl\u0259rin \u015eu\u015fa \u0259traf\u0131nda v\u0259 \u015f\u0259h\u0259rin \u00f6z\u00fcnd\u0259 getdiyini qeyd ed\u0259n V\u00fcsal bu istiqam\u0259td\u0259 i\u015f\u011fal\u00e7\u0131lar\u0131n y\u00fcks\u0259klikl\u0259rd\u0259ki \u0259lveri\u015fli m\u00f6vqel\u0259rd\u0259 yerl\u0259\u015fm\u0259l\u0259rin\u0259 baxmayaraq, b\u00f6lm\u0259l\u0259rimizin inadl\u0131 h\u0259ml\u0259l\u0259ri qar\u015f\u0131s\u0131nda davam g\u0259tir\u0259 bilm\u0259dikl\u0259rini, m\u0259\u011flubiyy\u0259t\u0259 u\u011frad\u0131qlar\u0131n\u0131 dedi.<\/p>\n\n\n\n<p>\u00dcmumilikd\u0259, ordumuzun \u015eu\u015fa \u0259traf\u0131na onlar\u0131n g\u00f6zl\u0259m\u0259diyi istiqam\u0259td\u0259n g\u0259lib \u00e7\u0131xmas\u0131 v\u0259 \u015f\u0259h\u0259ri azad etm\u0259k \u00fc\u00e7\u00fcn se\u00e7diyi taktika erm\u0259nil\u0259ri \u015foka sal\u0131b.<\/p>\n\n\n\n<p>Kapitan V.H\u0259s\u0259nov \u015eu\u015fa u\u011frunda d\u00f6y\u00fc\u015fd\u0259 b\u0259d\u0259ninin bir ne\u00e7\u0259 nahiy\u0259sind\u0259n m\u0259rmi q\u0259lp\u0259l\u0259rind\u0259n yaralan\u0131b. Bu d\u0259f\u0259 yaralar\u0131 \u0259vv\u0259lkind\u0259n a\u011f\u0131r olsa da, v\u0259ziyy\u0259tl\u0259 ba\u011fl\u0131 \u00fc\u00e7 g\u00fcn sonra t\u0259xliyy\u0259 edilib. S\u00f6yl\u0259di ki, yaralar\u0131n fiziki a\u011fr\u0131lar verm\u0259sin\u0259 baxmayaraq, qazan\u0131lan z\u0259f\u0259r ona m\u0259n\u0259vi g\u00fcc verib.<\/p>\n\n\n\n<p>Qazimiz m\u00fcharib\u0259d\u0259 \u0259n a\u011f\u0131r sars\u0131nt\u0131n\u0131n g\u00f6zl\u0259ri \u00f6n\u00fcnd\u0259 silahda\u015flar\u0131n\u0131n \u015f\u0259hid olduqlar\u0131 anlarda ya\u015fand\u0131\u011f\u0131n\u0131 bildirdi. B\u0259zi \u015f\u0259hidl\u0259r \u00f6mr\u00fcn son d\u0259qiq\u0259l\u0259rind\u0259 do\u011fmalar\u0131na \u00e7atd\u0131r\u0131lacaq \u00fcr\u0259k s\u00f6zl\u0259rini, v\u0259siyy\u0259tl\u0259rini d\u00f6y\u00fc\u015f\u00e7\u00fc yolda\u015flar\u0131na deyibl\u0259r. \u015e\u0259hidl\u0259rin nur \u00e7\u00f6km\u00fc\u015f simalar\u0131 he\u00e7 vaxt unudulan deyil.<\/p>\n\n\n\n<p>Az\u0259rbaycan Respublikas\u0131 Prezidentinin 9 dekabr 2020-ci il, habel\u0259 25 dekabr 2020-ci il tarixli m\u00fcvafiq s\u0259r\u0259ncamlar\u0131 il\u0259 kapitan V\u00fcsal H\u0259s\u0259nov \u201cQaraba\u011f\u201d ordeni v\u0259 \u201cF\u00fczulinin azad olunmas\u0131na g\u00f6r\u0259\u201d medal\u0131 il\u0259 t\u0259ltif olunub.<\/p>\n\n\n\n<p>Zabit kimi m\u00fcharib\u0259 s\u0131na\u011f\u0131ndan aln\u0131a\u00e7\u0131q \u00e7\u0131xmas\u0131, h\u0259rbi anda s\u0259daq\u0259ti tabeliyind\u0259ki \u015f\u0259xsi hey\u0259t\u0259, paqonda\u015flar\u0131na d\u0259y\u0259rli \u00f6rn\u0259kdir.<\/p>\n\n\n\n<p>D\u00f6rd \u00f6vlad atas\u0131 olan V\u00fcsal \u00fc\u00e7\u00fcn onlar\u0131 layiqli v\u0259t\u0259nda\u015f olaraq yeti\u015fdirm\u0259k d\u0259 V\u0259t\u0259n\u0259 xidm\u0259t kimi h\u0259yat\u0131n\u0131n m\u0259nas\u0131na \u00e7evril\u0259n \u00e7ox \u00f6n\u0259mli missiyad\u0131r. &nbsp;<\/p>\n\n\n\n<p><strong>Yal\u00e7\u0131n Abbasov<\/strong><\/p>\n\n\n\n<p><strong><em>D\u0130N-in Daxili Qo\u015funlar\u0131n\u0131n veteran\u0131, t\u0259dqiqat\u00e7\u0131-jurnalist<\/em><\/strong><\/p>\n","protected":false},"excerpt":{"rendered":"<p>2020-ci il Az\u0259rbaycan tarixind\u0259 erm\u0259ni i\u015f\u011fal\u00e7\u0131lar\u0131na qar\u015f\u0131 V\u0259t\u0259n m\u00fcharib\u0259sind\u0259 qazand\u0131\u011f\u0131m\u0131z b\u00f6y\u00fck h\u0259rbi z\u0259f\u0259rl\u0259 unudulmaz iz qoydu. Xalq\u0131m\u0131z\u0131n m\u0259rd o\u011fullar\u0131 d\u00fc\u015fm\u0259ni d\u00f6y\u00fc\u015f meydan\u0131nda m\u0259\u011flub ed\u0259r\u0259k,<\/p>\n","protected":false},"author":2,"featured_media":44793,"comment_status":"closed","ping_status":"closed","sticky":false,"template":"","format":"standard","meta":{"footnotes":""},"categories":[5],"tags":[],"class_list":["post-44791","post","type-post","status-publish","format-standard","has-post-thumbnail","hentry","category-veteran"],"aioseo_notices":[],"_links":{"self":[{"href":"https:\/\/fedai.az\/index.php?rest_route=\/wp\/v2\/posts\/44791","targetHints":{"allow":["GET"]}}],"collection":[{"href":"https:\/\/fedai.az\/index.php?rest_route=\/wp\/v2\/posts"}],"about":[{"href":"https:\/\/fedai.az\/index.php?rest_route=\/wp\/v2\/types\/post"}],"author":[{"embeddable":true,"href":"https:\/\/fedai.az\/index.php?rest_route=\/wp\/v2\/users\/2"}],"replies":[{"embeddable":true,"href":"https:\/\/fedai.az\/index.php?rest_route=%2Fwp%2Fv2%2Fcomments&post=44791"}],"version-history":[{"count":2,"href":"https:\/\/fedai.az\/index.php?rest_route=\/wp\/v2\/posts\/44791\/revisions"}],"predecessor-version":[{"id":44804,"href":"https:\/\/fedai.az\/index.php?rest_route=\/wp\/v2\/posts\/44791\/revisions\/44804"}],"wp:featuredmedia":[{"embeddable":true,"href":"https:\/\/fedai.az\/index.php?rest_route=\/wp\/v2\/media\/44793"}],"wp:attachment":[{"href":"https:\/\/fedai.az\/index.php?rest_route=%2Fwp%2Fv2%2Fmedia&parent=44791"}],"wp:term":[{"taxonomy":"category","embeddable":true,"href":"https:\/\/fedai.az\/index.php?rest_route=%2Fwp%2Fv2%2Fcategories&post=44791"},{"taxonomy":"post_tag","embeddable":true,"href":"https:\/\/fedai.az\/index.php?rest_route=%2Fwp%2Fv2%2Ftags&post=44791"}],"curies":[{"name":"wp","href":"https:\/\/api.w.org\/{rel}","templated":true}]}}