{"id":44796,"date":"2021-08-07T02:43:26","date_gmt":"2021-08-06T22:43:26","guid":{"rendered":"https:\/\/fedai.az\/?p=44796"},"modified":"2021-08-07T02:43:39","modified_gmt":"2021-08-06T22:43:39","slug":"q%c9%99l%c9%99b%c9%99-inami-il%c9%99-doyusdu-v%c9%99-susada-olumsuzl%c9%99r-m%c9%99qamina-ucaldi","status":"publish","type":"post","link":"https:\/\/fedai.az\/?p=44796","title":{"rendered":"Q\u018fL\u018fB\u018f \u0130NAMI \u0130L\u018f D\u00d6Y\u00dc\u015eD\u00dc V\u018f \u015eU\u015eADA \u00d6L\u00dcMS\u00dcZL\u018fR M\u018fQAMINA UCALDI&#8230;"},"content":{"rendered":"\n<p><strong>\u00d6t\u0259n ill\u0259rd\u0259 \u015f\u0259hid h\u0259rbi qulluq\u00e7ular\u0131m\u0131z haqq\u0131nda davaml\u0131 olaraq m\u0259qal\u0259l\u0259r yazm\u0131\u015fam. Bu m\u0259qal\u0259l\u0259rd\u0259 h\u0259mi\u015f\u0259 qeyd etmi\u015f\u0259m ki, \u015f\u0259hidl\u0259rimizin qan\u0131 t\u00f6k\u00fclm\u00fc\u015f torpaqlar\u0131m\u0131z d\u00fc\u015fm\u0259n tapda\u011f\u0131nda qalmayacaq. Onlar\u0131n layiqli davam\u00e7\u0131lar\u0131n\u0131n yeti\u015fdikl\u0259rini, yeni n\u0259sil h\u0259rbi qulluq\u00e7ular\u0131m\u0131z\u0131n torpaqlar\u0131m\u0131z\u0131n b\u00fct\u00f6vl\u00fcy\u00fcn\u00fc b\u0259rpa ed\u0259c\u0259kl\u0259rini vur\u011fulam\u0131\u015fam. \u00c7\u00fcnki \u015f\u0259hidlik zirv\u0259si el\u0259 bir d\u0259y\u0259rli \u00f6rn\u0259kdir ki, zaman \u00f6ts\u0259 d\u0259, n\u0259sill\u0259r d\u0259yi\u015fs\u0259 d\u0259, daim V\u0259t\u0259n v\u0259 xalq namin\u0259 f\u0259dakarl\u0131\u011fa ruhland\u0131r\u0131r, m\u00fcbarizlik \u0259qid\u0259si a\u015f\u0131lay\u0131r.<\/strong><\/p>\n\n\n\n<p><strong>27 sentyabr-9 noyabr 2020-ci il tarixl\u0259rini \u0259hat\u0259 ed\u0259n V\u0259t\u0259n m\u00fcharib\u0259sind\u0259n sonra art\u0131q qalib \u00f6lk\u0259d\u0259 ya\u015fay\u0131r\u0131q. Qaraba\u011f\u0131m\u0131z\u0131n tac\u0131 olan \u015eu\u015fada v\u0259 i\u015f\u011faldan azad edil\u0259n dig\u0259r rayonlar\u0131m\u0131zda bu g\u00fcn \u00fc\u00e7r\u0259ngli bayra\u011f\u0131m\u0131z dal\u011falan\u0131r. \u015e\u0259hidl\u0259rimizin ruhu sevinir, m\u0259cburi k\u00f6\u00e7k\u00fcnl\u0259rimizin \u00fcz\u00fc g\u00fcl\u00fcr. Bu tarixi z\u0259f\u0259ri xalq\u0131m\u0131za M\u00fcz\u0259ff\u0259r Ali Ba\u015f Komandan c\u0259nab \u0130lham \u018fliyevin r\u0259hb\u0259rliyi alt\u0131nda r\u0259\u015fad\u0259tli Silahl\u0131 Q\u00fcvv\u0259l\u0259rimiz b\u0259x\u015f etdi.<\/strong><\/p>\n\n\n\n<figure class=\"wp-block-image size-large\"><img loading=\"lazy\" decoding=\"async\" width=\"772\" height=\"1024\" src=\"https:\/\/fedai.az\/wp-content\/uploads\/2021\/08\/IMG-20210805-WA0009-772x1024.jpg\" alt=\"\" class=\"wp-image-44797\" srcset=\"https:\/\/fedai.az\/wp-content\/uploads\/2021\/08\/IMG-20210805-WA0009-772x1024.jpg 772w, https:\/\/fedai.az\/wp-content\/uploads\/2021\/08\/IMG-20210805-WA0009-226x300.jpg 226w, https:\/\/fedai.az\/wp-content\/uploads\/2021\/08\/IMG-20210805-WA0009-113x150.jpg 113w, https:\/\/fedai.az\/wp-content\/uploads\/2021\/08\/IMG-20210805-WA0009-768x1019.jpg 768w, https:\/\/fedai.az\/wp-content\/uploads\/2021\/08\/IMG-20210805-WA0009.jpg 965w\" sizes=\"auto, (max-width: 772px) 100vw, 772px\" \/><\/figure>\n\n\n\n<p><strong>Daxili \u0130\u015fl\u0259r Nazirliyi Daxili Qo\u015funlar\u0131n\u0131n \u015f\u0259xsi hey\u0259ti d\u0259 q\u0259l\u0259b\u0259miz\u0259 \u00f6z layiqli t\u00f6hf\u0259sini verib. Daxili Qo\u015funlar\u0131n 66 n\u0259f\u0259r h\u0259rbi qulluq\u00e7usu bu \u00f6l\u00fcm-qal\u0131m sava\u015f\u0131nda c\u0259surluqla vuru\u015faraq \u0259b\u0259diyy\u0259t\u0259 qovu\u015fub. Onlardan biri kapitan Babayev \u015eamil Balo\u011flan o\u011fludur.<\/strong><\/p>\n\n\n\n<p>\u015eamil 1988-ci il yanvar\u0131n 26-da Nax\u00e7\u0131van Muxtar Respublikas\u0131 Culfa rayonunun Camald\u0131n k\u0259ndind\u0259 d\u00fcnyaya g\u00f6z a\u00e7\u0131b. Balo\u011flan Babayev v\u0259 Atik\u0259 Babayevan\u0131n qurdu\u011fu \u00e7oxu\u015faql\u0131 ail\u0259d\u0259 b\u00f6y\u00fcy\u00fcb, \u0259d\u0259b-\u0259rkanl\u0131, l\u0259yaq\u0259tli g\u0259nc kimi yeti\u015fib. Ata-anas\u0131n\u0131n sonbe\u015fiyi olan \u015eamil m\u0259n\u0259vi d\u0259y\u0259rl\u0259rimiz\u0259, el-oban\u0131n ad\u0259t-\u0259n\u0259n\u0259l\u0259rin\u0259 h\u0259mi\u015f\u0259 ehtiramla yana\u015f\u0131b. Ail\u0259d\u0259 onu v\u0259t\u0259np\u0259rv\u0259r ruhda t\u0259rbiy\u0259 edibl\u0259r. B\u00f6y\u00fck qarda\u015f\u0131, Birinci Qaraba\u011f m\u00fcharib\u0259si veteran\u0131, vaxtil\u0259 x\u00fcsusi t\u0259yinatl\u0131 kimi xidm\u0259t etmi\u015f \u018fli Babayevin \u015eamilin d\u00fcnyag\u00f6r\u00fc\u015f\u00fcn\u00fcn formala\u015fmas\u0131nda rolu az olmay\u0131b. H\u0259l\u0259 orta m\u0259kt\u0259b ill\u0259rind\u0259n \u015eamild\u0259 h\u0259rbi xidm\u0259t\u0259, h\u0259rb\u00e7i pe\u015f\u0259sin\u0259 maraq yaran\u0131b. Bu bax\u0131mdan day\u0131s\u0131 \u018fl\u0259kb\u0259r Qurbanovun ke\u00e7diyi t\u0259qdir\u0259layiq h\u0259rbi xidm\u0259t yolu da g\u0259nc \u00fc\u00e7\u00fcn \u0259zmkarl\u0131q n\u00fcmun\u0259si idi. Qeyd edim ki, \u018f.Qurbanov Daxili Qo\u015funlar\u0131n veteran\u0131 v\u0259 ehtiyatda olan zabitdir.<\/p>\n\n\n\n<p>2006-2007-ci ill\u0259rd\u0259 \u015e.Babayev M\u00fcdafi\u0259 Nazirliyinin \u201cN\u201d sayl\u0131 h\u0259rbi hiss\u0259sind\u0259 m\u00fcdd\u0259tli h\u0259qiqi h\u0259rbi xidm\u0259t ke\u00e7ib. H\u0259rbi xidm\u0259t borcunu vicdanla yerin\u0259 yetirib.<\/p>\n\n\n\n<p>2010-cu ilin iyul ay\u0131ndan etibar\u0259n \u015e.Babayev Daxili \u0130\u015fl\u0259r Nazirliyi Daxili Qo\u015funlar\u0131n\u0131n s\u0131ralar\u0131na m\u00fcdd\u0259td\u0259n art\u0131q h\u0259qiqi h\u0259rbi xidm\u0259t\u0259 q\u0259bul olunub. L\u0259nk\u0259ran rayonunda yerl\u0259\u015f\u0259n \u201cN\u201d sayl\u0131 h\u0259rbi hiss\u0259nin x\u00fcsusi t\u0259yinatl\u0131 d\u0259st\u0259sind\u0259 qumbaraatan v\u0259zif\u0259sin\u0259 t\u0259yin edilib. Xidm\u0259td\u0259 \u00e7al\u0131\u015fqanl\u0131\u011f\u0131 v\u0259 komandanl\u0131\u011f\u0131n etimad\u0131n\u0131 do\u011frultmas\u0131 n\u0259z\u0259r\u0259 al\u0131naraq, o, Daxili Qo\u015funlar\u0131n Orta \u0130xtisas H\u0259rbi M\u0259kt\u0259bin\u0259 (haz\u0131rda Daxili Qo\u015funlar\u0131n Ali H\u0259rbi M\u0259kt\u0259bi) h\u0259rbi t\u0259hsil alma\u011fa g\u00f6nd\u0259rilib. 2012-2014-c\u00fc ill\u0259rd\u0259 burada t\u0259hsil ald\u0131\u011f\u0131 d\u00f6vrd\u0259 kursant kimi \u00f6z haz\u0131rl\u0131\u011f\u0131 il\u0259 f\u0259rql\u0259nib.<\/p>\n\n\n\n<p>Sonra yenid\u0259n h\u0259rbi xidm\u0259tini qo\u015funlar\u0131n L\u0259nk\u0259ran rayonunda yerl\u0259\u015f\u0259n \u201cN\u201d sayl\u0131 h\u0259rbi hiss\u0259sind\u0259 davam etdirib. Bu d\u0259f\u0259 zabit olaraq minaatan batareyada taq\u0131m komandiri v\u0259zif\u0259sin\u0259 ir\u0259li \u00e7\u0259kilib. Ancaq \u015eamil \u00fc\u00e7\u00fcn h\u0259rbi xidm\u0259td\u0259 \u0259sas m\u0259ramlardan biri x\u00fcsusi t\u0259yinatl\u0131lar\u0131n s\u0131ras\u0131nda olmaq idi. \u00d6z bilik v\u0259 bacar\u0131\u011f\u0131n\u0131 m\u0259hz x\u00fcsusi t\u0259yinatl\u0131 b\u00f6lm\u0259d\u0259 realiz\u0259 v\u0259 inki\u015faf etdirm\u0259k ist\u0259yirdi. H\u0259rbi hiss\u0259nin x\u00fcsusi t\u0259yinatl\u0131 d\u0259st\u0259sind\u0259 at\u0259\u015f t\u0259minat\u0131 qrupunun komandiri v\u0259zif\u0259sin\u0259 t\u0259yin olunmas\u0131 onun ruh y\u00fcks\u0259kliyini daha da art\u0131rm\u0131\u015fd\u0131.<\/p>\n\n\n\n<figure class=\"wp-block-image size-large\"><img loading=\"lazy\" decoding=\"async\" width=\"1024\" height=\"717\" src=\"https:\/\/fedai.az\/wp-content\/uploads\/2021\/08\/IMG-20210805-WA0011-1024x717.jpg\" alt=\"\" class=\"wp-image-44798\" srcset=\"https:\/\/fedai.az\/wp-content\/uploads\/2021\/08\/IMG-20210805-WA0011-1024x717.jpg 1024w, https:\/\/fedai.az\/wp-content\/uploads\/2021\/08\/IMG-20210805-WA0011-300x210.jpg 300w, https:\/\/fedai.az\/wp-content\/uploads\/2021\/08\/IMG-20210805-WA0011-150x105.jpg 150w, https:\/\/fedai.az\/wp-content\/uploads\/2021\/08\/IMG-20210805-WA0011-768x538.jpg 768w, https:\/\/fedai.az\/wp-content\/uploads\/2021\/08\/IMG-20210805-WA0011.jpg 1181w\" sizes=\"auto, (max-width: 1024px) 100vw, 1024px\" \/><\/figure>\n\n\n\n<p>2018-ci ilin fevral-iyun aylar\u0131nda \u015eamil T\u00fcrkiy\u0259 C\u00fcmhuriyy\u0259tinin Jandarm Komando M\u0259kt\u0259bl\u0259ri v\u0259 T\u0259lim M\u0259rk\u0259zind\u0259 jan-darm zabit komando t\u0259m\u0259l kursu ke\u00e7ib. Bu kursda yiy\u0259l\u0259ndiyi bilikl\u0259r v\u0259 qazand\u0131\u011f\u0131 praktiki t\u0259cr\u00fcb\u0259 onun x\u00fcsusi t\u0259yinatl\u0131 kimi pe\u015f\u0259karl\u0131q s\u0259viyy\u0259sinin y\u00fcks\u0259ldilm\u0259sind\u0259 vacib rol oynay\u0131b.<\/p>\n\n\n\n<p>Kursdan sonra \u201cN\u201d sayl\u0131 h\u0259rbi hiss\u0259d\u0259 \u0259vv\u0259lki v\u0259zif\u0259sind\u0259 xidm\u0259t ed\u0259n \u015eamil tabeliyind\u0259ki \u015f\u0259xsi hey\u0259tin d\u0259 d\u00f6y\u00fc\u015f v\u0259 m\u0259n\u0259vi-psixoloji haz\u0131rl\u0131\u011f\u0131n\u0131n m\u00fcasir t\u0259l\u0259bl\u0259r s\u0259viyy\u0259sind\u0259 art\u0131r\u0131lmas\u0131 y\u00f6n\u00fcnd\u0259 \u00f6z s\u0259yl\u0259rini \u0259sirg\u0259m\u0259yib. Komandir kimi daim onlara x\u00fcsusi t\u0259yinatl\u0131 \u00fc\u00e7\u00fcn xas olan keyfiyy\u0259tl\u0259rin a\u015f\u0131lanmas\u0131na \u00fcst\u00fcnl\u00fck verib. Bununla yana\u015f\u0131, onunla xidm\u0259t ed\u0259nl\u0259r n\u0259cib insani keyfiyy\u0259tl\u0259rini, \u015f\u0259xsi hey\u0259t\u0259 qay\u011f\u0131ke\u015fliyini d\u0259 vur\u011fulay\u0131rlar. He\u00e7 vaxt silahda\u015flar\u0131n\u0131n hans\u0131sa problemin\u0259, \u00e7\u0259tinliyin\u0259 laqeyd qalmay\u0131b.<\/p>\n\n\n\n<p>V\u0259t\u0259n m\u00fcharib\u0259si ba\u015flayanad\u0259k \u015eamil \u201ckapitan\u201d h\u0259rbi r\u00fctb\u0259sin\u0259d\u0259k y\u00fcks\u0259lib. 3-c\u00fc d\u0259r\u0259c\u0259li \u201cQ\u00fcsursuz xidm\u0259t\u0259 g\u00f6r\u0259\u201d medal\u0131 v\u0259 m\u00fcxt\u0259lif h\u0259v\u0259sl\u0259ndirm\u0259 n\u00f6vl\u0259ri il\u0259 m\u00fckafatland\u0131r\u0131l\u0131b. Pe\u015f\u0259kar v\u0259 \u00f6z m\u0259sl\u0259yin\u0259 sadiq olan zabit kimi f\u0259aliyy\u0259ti onun h\u0259rbi karyeras\u0131nda y\u00fcks\u0259li\u015fi \u00fc\u00e7\u00fcn tutarl\u0131 b\u00fcn\u00f6vr\u0259 yaratm\u0131\u015fd\u0131. Ancaq onu h\u0259yatda m\u00fcq\u0259dd\u0259s bir zirv\u0259 g\u00f6zl\u0259yirdi&#8230;<\/p>\n\n\n\n<p>Da\u011fl\u0131q Qaraba\u011fda erm\u0259ni separatizminin ba\u015f qald\u0131rd\u0131\u011f\u0131 ild\u0259 anadan olmu\u015f \u015eamil Birinci Qaraba\u011f m\u00fcharib\u0259si d\u00f6vr\u00fcnd\u0259 ki\u00e7ik ya\u015flar\u0131nda idi. Sonradan h\u0259min m\u00fcharib\u0259 haqq\u0131nda day\u0131s\u0131n\u0131n v\u0259 b\u00f6y\u00fck qarda\u015f\u0131n\u0131n s\u00f6hb\u0259tl\u0259rini dinl\u0259mi\u015fdi. H\u0259mk\u0259ndlil\u0259ri v\u0259 qohumlar\u0131 aras\u0131nda o vaxt \u015f\u0259hid olmu\u015flar bar\u0259d\u0259 d\u0259 m\u0259lumat\u0131 vard\u0131. O, \u00f6z\u00fcn\u00fc \u015f\u0259hid v\u0259 qazil\u0259rimizin yolunun davam\u00e7\u0131s\u0131 kimi g\u00f6r\u00fcrd\u00fc. \u015eamil v\u0259 onun kimi ne\u00e7\u0259-ne\u00e7\u0259 qeyr\u0259tli g\u0259ncin V\u0259t\u0259n sevgisind\u0259n ir\u0259li g\u0259l\u0259n \u0259sas h\u0259yat amal\u0131 itirdiyimiz torpaqlar\u0131 qan t\u00f6k\u00fcb, can verib geri almaq, ill\u0259rl\u0259 ac\u0131s\u0131n\u0131 \u00e7\u0259kdiyimiz bu q\u0259buledilm\u0259z ger\u00e7\u0259kliyi d\u0259yi\u015fm\u0259k idi.<\/p>\n\n\n\n<p>44 g\u00fcn davam ed\u0259n V\u0259t\u0259n m\u00fcharib\u0259sind\u0259 kapitan \u015e.Babayev \u015f\u0259r\u0259fli d\u00f6y\u00fc\u015f yolu ke\u00e7ib. F\u00fczuli, Qubadl\u0131, Xocav\u0259nd rayonlar\u0131 \u0259razisind\u0259 v\u0259 \u015eu\u015fa \u015f\u0259h\u0259ri u\u011frunda d\u00f6y\u00fc\u015fl\u0259rd\u0259 \u015f\u00fcca\u0259t g\u00f6st\u0259rib. T\u0259rkibind\u0259 vuru\u015fdu-\u011fu b\u00f6lm\u0259 t\u0259r\u0259find\u0259n d\u00fc\u015fm\u0259nin canl\u0131 q\u00fcvv\u0259sin\u0259 v\u0259 texnikas\u0131na ciddi z\u0259rb\u0259l\u0259r vurulub, erm\u0259nil\u0259rin ke\u00e7ilm\u0259z sayd\u0131\u011f\u0131 postlar, at\u0259\u015f n\u00f6qt\u0259l\u0259ri darmada\u011f\u0131n edilib. \u0130\u015f\u011fal\u00e7\u0131ya m\u0259xsus xeyli silah-sursat, dig\u0259r d\u00f6y\u00fc\u015faparma vasit\u0259l\u0259ri q\u0259nim\u0259t g\u00f6t\u00fcr\u00fcl\u00fcb. C\u0259sur zabit b\u0259zi d\u00f6y\u00fc\u015fl\u0259r zaman\u0131 tabeliyind\u0259ki h\u0259rbi qulluq\u00e7ular\u0131 d\u00fc\u015fm\u0259nin qurdu\u011fu pusqudan \u00e7\u0131xarma\u011f\u0131 bacar\u0131b, a\u011f\u0131r itkil\u0259r\u0259 u\u011framaq t\u0259hl\u00fck\u0259sinin qar\u015f\u0131s\u0131n\u0131 al\u0131b.<\/p>\n\n\n\n<p>\u015eu\u015fa \u0259m\u0259liyyat\u0131n\u0131n bizim z\u0259f\u0259rimizl\u0259 ba\u015fa \u00e7atmas\u0131 \u00fc\u00e7\u00fcn bir zabit kimi onun v\u0259 komandiri oldu\u011fu d\u00f6y\u00fc\u015f\u00e7\u00fcl\u0259rin d\u0259 g\u00f6st\u0259rdiyi r\u0259\u015fad\u0259t bar\u0259d\u0259 h\u0259l\u0259 \u00e7ox dan\u0131\u015f\u0131lacaq v\u0259 yaz\u0131lacaq. Bu \u0259m\u0259liyyat\u0131n bir s\u0131ra unikal taktiki x\u00fcsusiyy\u0259tl\u0259ri h\u0259rbi d\u0259rslikl\u0259r\u0259 yaz\u0131lacaq. Y\u00fcks\u0259klikd\u0259 v\u0259 m\u00fcr\u0259kk\u0259b relyef\u0259 malik \u0259razid\u0259 yerl\u0259\u015f\u0259n \u015eu\u015fan\u0131n texnikas\u0131z, da\u011f-me\u015f\u0259 c\u0131\u011f\u0131rlar\u0131 il\u0259 yax\u0131nla\u015faraq, s\u0131ld\u0131r\u0131m qayalar \u00fcz\u0259rind\u0259n qalxaraq, q\u0259tiyy\u0259tli h\u0259ml\u0259 edilm\u0259kl\u0259 i\u015f\u011faldan azad olunmas\u0131 q\u0259hr\u0259manl\u0131q n\u00fcmun\u0259sidir.<\/p>\n\n\n\n<figure class=\"wp-block-image size-large is-resized\"><img loading=\"lazy\" decoding=\"async\" src=\"https:\/\/fedai.az\/wp-content\/uploads\/2021\/08\/IMG-20210805-WA0013-712x1024.jpg\" alt=\"\" class=\"wp-image-44799\" width=\"908\" height=\"1306\" srcset=\"https:\/\/fedai.az\/wp-content\/uploads\/2021\/08\/IMG-20210805-WA0013-712x1024.jpg 712w, https:\/\/fedai.az\/wp-content\/uploads\/2021\/08\/IMG-20210805-WA0013-209x300.jpg 209w, https:\/\/fedai.az\/wp-content\/uploads\/2021\/08\/IMG-20210805-WA0013-104x150.jpg 104w, https:\/\/fedai.az\/wp-content\/uploads\/2021\/08\/IMG-20210805-WA0013-768x1105.jpg 768w, https:\/\/fedai.az\/wp-content\/uploads\/2021\/08\/IMG-20210805-WA0013.jpg 890w\" sizes=\"auto, (max-width: 908px) 100vw, 908px\" \/><\/figure>\n\n\n\n<p>Kapitan \u015e.Babayev 2020-ci il noyabr\u0131n 7-d\u0259 \u015eu\u015fa \u015f\u0259h\u0259rind\u0259 oldu\u011fu m\u00f6vqenin d\u00fc\u015fm\u0259n t\u0259r\u0259find\u0259n minaatanlardan at\u0259\u015f\u0259 tutulmas\u0131 n\u0259tic\u0259sind\u0259 b\u0259d\u0259ninin bir ne\u00e7\u0259 nahiy\u0259sind\u0259n a\u011f\u0131r yaralan\u0131b. Zabit\u0259 tibbi yard\u0131m g\u00f6st\u0259rils\u0259 d\u0259, \u015f\u0259h\u0259r v\u0259 \u0259traf\u0131 at\u0259\u015f alt\u0131nda oldu\u011fundan, 7-8 noyabrda qospitala t\u0259xliyy\u0259si m\u00fcmk\u00fcn olmay\u0131b. \u015e\u0259h\u0259rd\u0259 yerl\u0259\u015fdirildiyi s\u0131\u011f\u0131nacaqlar da d\u00fc\u015fm\u0259nin \u015fidd\u0259tli at\u0259\u015fin\u0259 m\u0259ruz qal\u0131b. \u015eamilin ald\u0131\u011f\u0131 a\u011f\u0131r yaralardan v\u0259ziyy\u0259ti k\u0259skin pisl\u0259\u015fib v\u0259 o, noyabr\u0131n 8-d\u0259 silahda\u015flar\u0131n\u0131n yan\u0131nda d\u00fcnyas\u0131n\u0131 d\u0259yi\u015fib.<\/p>\n\n\n\n<p>16.11.2020-ci ild\u0259 Nax\u00e7\u0131van MR \u018fdliyy\u0259 Nazirliyinin Culfa Rayon Qeydiyyat \u015e\u00f6b\u0259si t\u0259r\u0259find\u0259n veril\u0259n \u00f6l\u00fcm haqq\u0131nda \u015f\u0259had\u0259tnam\u0259d\u0259 is\u0259 kapitan \u015e.Babayevin \u00f6ld\u00fcy\u00fc tarix 10.11.2020-ci il qeyd edilib.<\/p>\n\n\n\n<p>Kapitan \u015e.Babayev Camald\u0131n k\u0259ndinin q\u0259biristanl\u0131\u011f\u0131nda d\u0259fn olunub. M\u0259zar\u0131 \u00fcz\u0259rin\u0259 h\u0259kk edil\u0259n \u00f6l\u00fcm tarixi d\u0259 10.11.2020-ci ildir.&nbsp;&nbsp;<\/p>\n\n\n\n<p>Onunla birg\u0259 d\u00f6y\u00fc\u015fl\u0259rd\u0259 i\u015ftirak etmi\u015f m\u00fcdd\u0259td\u0259n art\u0131q h\u0259qiqi h\u0259rbi xidm\u0259td\u0259 olan \u0259sg\u0259r S\u0259rv\u0259t Abdulheyev v\u0259 Daxili Qo\u015funlardan m\u00fcdd\u0259td\u0259n art\u0131q h\u0259qiqi h\u0259rbi xidm\u0259t h\u0259rbi qulluq\u00e7usu olaraq \u0259sg\u0259r r\u00fctb\u0259sind\u0259 ehtiyata burax\u0131lm\u0131\u015f Oruc R\u00fcst\u0259mov m\u0259n\u0259 kapitan \u015e.Babayev bar\u0259d\u0259 xatir\u0259l\u0259rini dan\u0131\u015fd\u0131lar. S\u0259rv\u0259t v\u0259 Oruc bu m\u00fcharib\u0259d\u0259 qar\u015f\u0131ya qoyulan d\u00f6y\u00fc\u015f tap\u015f\u0131r\u0131qlar\u0131n\u0131 c\u0259sar\u0259tl\u0259 yerin\u0259 yetir\u0259r\u0259k yaralan\u0131blar. H\u0259r biri m\u00fcxt\u0259lif medallarla t\u0259ltif olunub. Onlar s\u00f6yl\u0259dil\u0259r ki, \u015eamil bir komandir kimi d\u00f6y\u00fc\u015fl\u0259rd\u0259 h\u0259mi\u015f\u0259 ir\u0259lid\u0259 olub, d\u00f6y\u00fc\u015f\u00e7\u00fcl\u0259ri d\u0259 ruhland\u0131r\u0131b. \u00d6z pe\u015f\u0259karl\u0131\u011f\u0131 say\u0259sind\u0259 d\u0259yi\u015f\u0259n v\u0259ziyy\u0259t, \u0259razinin x\u00fcsusiyy\u0259tl\u0259ri, d\u00fc\u015fm\u0259nin h\u0259r\u0259k\u0259tl\u0259ri n\u0259z\u0259r\u0259 al\u0131naraq, \u00e7evik v\u0259 d\u00fczg\u00fcn q\u0259rarlar q\u0259bul etm\u0259yi bacar\u0131b. Bildirildi ki, qorxmaz zabit d\u0259f\u0259l\u0259rl\u0259 d\u00fc\u015fm\u0259n \u00fcz\u0259rin\u0259 h\u0259ml\u0259d\u0259 x\u00fcsusi t\u0259yinatl\u0131 m\u0259har\u0259tini g\u00f6st\u0259rib. Bel\u0259 h\u0259ml\u0259l\u0259r zaman\u0131 i\u015f\u011fal\u00e7\u0131lar\u0131n m\u00f6vqel\u0259ri \u0259l\u0259 ke\u00e7irilib. Bununla yana\u015f\u0131, \u015eamil tabeliyind\u0259ki d\u00f6y\u00fc\u015f\u00e7\u00fcl\u0259ri qoruma\u011fa \u00e7al\u0131\u015f\u0131b, m\u00fcharib\u0259 \u015f\u0259raitind\u0259 bel\u0259, onlar\u0131n ehtiyaclar\u0131 il\u0259 daim maraqlan\u0131b. Silahda\u015flar\u0131n\u0131n h\u0259r bir \u00f6l\u00fcm v\u0259 yaralanma hal\u0131 onu d\u0259rind\u0259n sars\u0131d\u0131b.<\/p>\n\n\n\n<p>\u015eu\u015fada a\u011f\u0131r yaraland\u0131qdan sonra \u015eamil \u00f6l\u00fcmqaba\u011f\u0131 k\u0259lmeyi-\u015f\u0259had\u0259tini d\u0259 s\u00f6yl\u0259yib. D\u00f6y\u00fc\u015f\u00e7\u00fcl\u0259r onun h\u0259yat\u0131n\u0131n xilas edil\u0259 bilm\u0259m\u0259sinin \u00fcz\u00fcnt\u00fcs\u00fcn\u00fc q\u0259lbl\u0259rind\u0259 h\u0259mi\u015f\u0259 ya\u015fayacaqlar.<\/p>\n\n\n\n<p><strong>Az\u0259rbaycan Respublikas\u0131 Prezidentinin imzalad\u0131\u011f\u0131 9 dekabr 2020-ci il tarixli, 15 dekabr 2020-ci il tarixli, 25 dekabr 2020-ci il tarixli, 29 dekabr 2020-ci il tarixli m\u00fcvafiq s\u0259r\u0259ncamlarla kapitan \u015e.Babayev \u00f6l\u00fcm\u00fcnd\u0259n sonra \u201cZ\u0259f\u0259r\u201d ordeni, \u201cV\u0259t\u0259n u\u011frunda\u201d, \u201cF\u00fczulinin azad olunmas\u0131na g\u00f6r\u0259\u201d v\u0259 \u201c\u015eu\u015fan\u0131n azad olunmas\u0131na g\u00f6r\u0259\u201d medallar\u0131 il\u0259 t\u0259ltif edilib.<\/strong><\/p>\n\n\n\n<figure class=\"wp-block-image size-large\"><img loading=\"lazy\" decoding=\"async\" width=\"627\" height=\"1024\" src=\"https:\/\/fedai.az\/wp-content\/uploads\/2021\/08\/IMG-20210805-WA0012-627x1024.jpg\" alt=\"\" class=\"wp-image-44800\" srcset=\"https:\/\/fedai.az\/wp-content\/uploads\/2021\/08\/IMG-20210805-WA0012-627x1024.jpg 627w, https:\/\/fedai.az\/wp-content\/uploads\/2021\/08\/IMG-20210805-WA0012-184x300.jpg 184w, https:\/\/fedai.az\/wp-content\/uploads\/2021\/08\/IMG-20210805-WA0012-92x150.jpg 92w, https:\/\/fedai.az\/wp-content\/uploads\/2021\/08\/IMG-20210805-WA0012-768x1254.jpg 768w, https:\/\/fedai.az\/wp-content\/uploads\/2021\/08\/IMG-20210805-WA0012.jpg 784w\" sizes=\"auto, (max-width: 627px) 100vw, 627px\" \/><\/figure>\n\n\n\n<p>\u015e\u0259hid haqq\u0131nda \u201cKomando\u201d adlanan videofilm \u00e7\u0259kilib. \u015eamil evli idi, 6 ya\u015fl\u0131 bir o\u011ful yadigar\u0131 qal\u0131b, ad\u0131 Yusifdir. Yusif \u00fc\u00e7r\u0259ngli bayra\u011f\u0131m\u0131z\u0131 sevir, h\u0259rbi formaya r\u0259\u011fb\u0259tl\u0259 yana\u015f\u0131r. Atas\u0131n\u0131n \u0259\u015fyalar\u0131 v\u0259 \u015f\u0259kill\u0259rin\u0259 k\u0259d\u0259rl\u0259 bax\u0131r. Bu \u0259\u015fyalar v\u0259 \u015f\u0259kill\u0259r h\u0259yat\u0131 boyu onun q\u0259lbind\u0259 bir nisgil oyadacaq v\u0259 atas\u0131n\u0131n yoxlu\u011funu xat\u0131rladacaq. \u0130nan\u0131r\u0131q ki, o, b\u00f6y\u00fcy\u00fcb \u015eamilin ad\u0131na layiq \u00f6vlad olacaq, V\u0259t\u0259n torpa\u011f\u0131n\u0131 da onun kimi g\u00f6z b\u0259b\u0259yi kimi qoruyacaq.<\/p>\n\n\n\n<p><strong>Allah \u015f\u0259hidl\u0259rimiz\u0259 r\u0259hm\u0259t el\u0259sin!<\/strong><\/p>\n\n\n\n<p><strong>Yal\u00e7\u0131n Abbasov<\/strong><\/p>\n\n\n\n<p>D\u0130N-in Daxili Qo\u015funlar\u0131n\u0131n veteran\u0131, t\u0259dqiqat\u00e7\u0131-jurnalist<\/p>\n","protected":false},"excerpt":{"rendered":"<p>\u00d6t\u0259n ill\u0259rd\u0259 \u015f\u0259hid h\u0259rbi qulluq\u00e7ular\u0131m\u0131z haqq\u0131nda davaml\u0131 olaraq m\u0259qal\u0259l\u0259r yazm\u0131\u015fam. Bu m\u0259qal\u0259l\u0259rd\u0259 h\u0259mi\u015f\u0259 qeyd etmi\u015f\u0259m ki, \u015f\u0259hidl\u0259rimizin qan\u0131 t\u00f6k\u00fclm\u00fc\u015f torpaqlar\u0131m\u0131z d\u00fc\u015fm\u0259n tapda\u011f\u0131nda qalmayacaq. Onlar\u0131n<\/p>\n","protected":false},"author":2,"featured_media":44801,"comment_status":"closed","ping_status":"closed","sticky":false,"template":"","format":"standard","meta":{"footnotes":""},"categories":[4],"tags":[],"class_list":["post-44796","post","type-post","status-publish","format-standard","has-post-thumbnail","hentry","category-qarabag"],"aioseo_notices":[],"_links":{"self":[{"href":"https:\/\/fedai.az\/index.php?rest_route=\/wp\/v2\/posts\/44796","targetHints":{"allow":["GET"]}}],"collection":[{"href":"https:\/\/fedai.az\/index.php?rest_route=\/wp\/v2\/posts"}],"about":[{"href":"https:\/\/fedai.az\/index.php?rest_route=\/wp\/v2\/types\/post"}],"author":[{"embeddable":true,"href":"https:\/\/fedai.az\/index.php?rest_route=\/wp\/v2\/users\/2"}],"replies":[{"embeddable":true,"href":"https:\/\/fedai.az\/index.php?rest_route=%2Fwp%2Fv2%2Fcomments&post=44796"}],"version-history":[{"count":2,"href":"https:\/\/fedai.az\/index.php?rest_route=\/wp\/v2\/posts\/44796\/revisions"}],"predecessor-version":[{"id":44803,"href":"https:\/\/fedai.az\/index.php?rest_route=\/wp\/v2\/posts\/44796\/revisions\/44803"}],"wp:featuredmedia":[{"embeddable":true,"href":"https:\/\/fedai.az\/index.php?rest_route=\/wp\/v2\/media\/44801"}],"wp:attachment":[{"href":"https:\/\/fedai.az\/index.php?rest_route=%2Fwp%2Fv2%2Fmedia&parent=44796"}],"wp:term":[{"taxonomy":"category","embeddable":true,"href":"https:\/\/fedai.az\/index.php?rest_route=%2Fwp%2Fv2%2Fcategories&post=44796"},{"taxonomy":"post_tag","embeddable":true,"href":"https:\/\/fedai.az\/index.php?rest_route=%2Fwp%2Fv2%2Ftags&post=44796"}],"curies":[{"name":"wp","href":"https:\/\/api.w.org\/{rel}","templated":true}]}}