{"id":44828,"date":"2021-08-09T00:17:08","date_gmt":"2021-08-08T20:17:08","guid":{"rendered":"https:\/\/fedai.az\/?p=44828"},"modified":"2021-08-09T03:20:45","modified_gmt":"2021-08-08T23:20:45","slug":"anna-qriqoryan-v%c9%99-bizim-medianin-torpaq-al-veri","status":"publish","type":"post","link":"https:\/\/fedai.az\/?p=44828","title":{"rendered":"Anna Qriqoryan v\u0259 bizim median\u0131n torpaq &#171;al-veri&#187;"},"content":{"rendered":"\n<p><strong>Bizim m\u0259tbuat yen\u0259 \u00f6z ampulas\u0131ndad\u0131r.<\/strong> <strong>Qazax\u0131n 7 k\u0259ndinin Az\u0259rbaycana geri qaytar\u0131lmas\u0131 il\u0259 ba\u011fl\u0131 Erm\u0259nistan parlamentind\u0259 qapal\u0131 m\u00fczakir\u0259 apar\u0131l\u0131b. Erm\u0259ni deputat Anna Qriqoryan iclas zaman\u0131 r\u0259smi \u0130r\u0259van\u0131 bu m\u00f6vz\u00fc il\u0259 ba\u011fl\u0131 ictimay\u0259ti aldatmama\u011fa \u00e7a\u011f\u0131r\u0131b.<\/strong><\/p>\n\n\n\n<p>Buna s\u0259b\u0259b Erm\u0259nistan parlamentind\u0259ki Anna Qriqoryan \u00e7\u0131x\u0131\u015f zaman\u0131 Erm\u0259nistan hakimiyy\u0259tinin Nax\u00e7\u0131van\u0131n K\u0259rki, Qazax\u0131n Yuxar\u0131 v\u0259 A\u015fa\u011f\u0131 \u018fskipara da daxil olmaqla, 7 k\u0259ndi, o c\u00fcml\u0259d\u0259n Xindzir\u0259k k\u0259ndl\u0259rinin Az\u0259rbaycan\u0131n n\u0259zar\u0259ti alt\u0131na verm\u0259k ist\u0259yini a\u00e7\u0131qlamas\u0131 bar\u0259d\u0259 erm\u0259ni m\u0259tbuat\u0131na dediyi m\u00fcxalif fikirl\u0259r olub.<\/p>\n\n\n\n<figure class=\"wp-block-image size-large is-resized\"><img loading=\"lazy\" decoding=\"async\" src=\"https:\/\/fedai.az\/wp-content\/uploads\/2021\/08\/esass.jpg\" alt=\"\" class=\"wp-image-44831\" width=\"904\" height=\"678\" srcset=\"https:\/\/fedai.az\/wp-content\/uploads\/2021\/08\/esass.jpg 463w, https:\/\/fedai.az\/wp-content\/uploads\/2021\/08\/esass-300x225.jpg 300w, https:\/\/fedai.az\/wp-content\/uploads\/2021\/08\/esass-150x112.jpg 150w\" sizes=\"auto, (max-width: 904px) 100vw, 904px\" \/><\/figure>\n\n\n\n<p>\u201cBel\u0259 bir s\u0259n\u0259din art\u0131q imzaland\u0131\u011f\u0131 bidirilir. G\u0259l\u0259c\u0259kd\u0259 \u0130r\u0259van\u0131n b\u00fct\u00fcn Qaraba\u011f\u0131 Az\u0259rbaycan\u0131n ayr\u0131lmaz hiss\u0259si kimi tan\u0131yaca\u011f\u0131n\u0131 da istisna olunmur. Erm\u0259nistan ictimay\u0259ti \u018fskipara m\u0259s\u0259l\u0259si il\u0259 ba\u011fl\u0131 suallar i\u00e7ind\u0259dir. Xalqa art\u0131q h\u0259r \u015feyi d\u00fcz dan\u0131\u015fma\u011f\u0131n vaxt\u0131d\u0131r\u201d, &#8212; dey\u0259r\u0259k o bildirib.<\/p>\n\n\n\n<p>Xat\u0131rladaq ki, K\u0259rki il\u0259 b\u0259rab\u0259r, Qazax\u0131n Sofulu, Barxudarl\u0131, Ba\u011fanis Ayr\u0131m, Q\u0131z\u0131l Hac\u0131l\u0131, Yuxar\u0131 \u018fskipara, A\u015fa\u011f\u0131 \u018fskipara v\u0259 Xeyrimli k\u0259ndl\u0259ri Az\u0259rbaycan\u0131n i\u015f\u011fal alt\u0131nda olan eksklavlar\u0131d\u0131r. Anna Qriqoryan Pa\u015finyan\u0131n &#171;M\u0259nim add\u0131m\u0131m&#187; fraksiyas\u0131ndan istefa verib, &#171;Dir\u00e7\u0259l\u0259n Erm\u0259nistan&#187; blokuna qo\u015fulub.<\/p>\n\n\n\n<p><strong>Elnur S\u0259lim<\/strong><\/p>\n","protected":false},"excerpt":{"rendered":"<p>Bizim m\u0259tbuat yen\u0259 \u00f6z ampulas\u0131ndad\u0131r. Qazax\u0131n 7 k\u0259ndinin Az\u0259rbaycana geri qaytar\u0131lmas\u0131 il\u0259 ba\u011fl\u0131 Erm\u0259nistan parlamentind\u0259 qapal\u0131 m\u00fczakir\u0259 apar\u0131l\u0131b. Erm\u0259ni deputat Anna Qriqoryan iclas zaman\u0131<\/p>\n","protected":false},"author":2,"featured_media":44830,"comment_status":"closed","ping_status":"closed","sticky":false,"template":"","format":"standard","meta":{"footnotes":""},"categories":[3],"tags":[],"class_list":["post-44828","post","type-post","status-publish","format-standard","has-post-thumbnail","hentry","category-gundm"],"aioseo_notices":[],"_links":{"self":[{"href":"https:\/\/fedai.az\/index.php?rest_route=\/wp\/v2\/posts\/44828","targetHints":{"allow":["GET"]}}],"collection":[{"href":"https:\/\/fedai.az\/index.php?rest_route=\/wp\/v2\/posts"}],"about":[{"href":"https:\/\/fedai.az\/index.php?rest_route=\/wp\/v2\/types\/post"}],"author":[{"embeddable":true,"href":"https:\/\/fedai.az\/index.php?rest_route=\/wp\/v2\/users\/2"}],"replies":[{"embeddable":true,"href":"https:\/\/fedai.az\/index.php?rest_route=%2Fwp%2Fv2%2Fcomments&post=44828"}],"version-history":[{"count":2,"href":"https:\/\/fedai.az\/index.php?rest_route=\/wp\/v2\/posts\/44828\/revisions"}],"predecessor-version":[{"id":44869,"href":"https:\/\/fedai.az\/index.php?rest_route=\/wp\/v2\/posts\/44828\/revisions\/44869"}],"wp:featuredmedia":[{"embeddable":true,"href":"https:\/\/fedai.az\/index.php?rest_route=\/wp\/v2\/media\/44830"}],"wp:attachment":[{"href":"https:\/\/fedai.az\/index.php?rest_route=%2Fwp%2Fv2%2Fmedia&parent=44828"}],"wp:term":[{"taxonomy":"category","embeddable":true,"href":"https:\/\/fedai.az\/index.php?rest_route=%2Fwp%2Fv2%2Fcategories&post=44828"},{"taxonomy":"post_tag","embeddable":true,"href":"https:\/\/fedai.az\/index.php?rest_route=%2Fwp%2Fv2%2Ftags&post=44828"}],"curies":[{"name":"wp","href":"https:\/\/api.w.org\/{rel}","templated":true}]}}