{"id":44837,"date":"2021-08-09T00:38:59","date_gmt":"2021-08-08T20:38:59","guid":{"rendered":"https:\/\/fedai.az\/?p=44837"},"modified":"2021-08-09T00:39:04","modified_gmt":"2021-08-08T20:39:04","slug":"bu-qazi-gunl%c9%99rdir-parkda-yatir-video","status":"publish","type":"post","link":"https:\/\/fedai.az\/?p=44837","title":{"rendered":"Bu qazi g\u00fcnl\u0259rdir parkda yat\u0131r -V\u0130DEO"},"content":{"rendered":"\n<p><strong>\u0130kinci Qaraba\u011f d\u00f6y\u00fc\u015fl\u0259rind\u0259 yaralanm\u0131\u015f F\u0259rman H\u00fcseynov 3 g\u00fcnd\u00fcr N\u0259riman N\u0259rimanov park\u0131nda gec\u0259l\u0259yir.<\/strong><\/p>\n\n\n\n<p><br>Qazi m\u00fcharib\u0259d\u0259 tankda yanaraq m\u00fcxt\u0259lif d\u0259r\u0259c\u0259li x\u0259sar\u0259tl\u0259r al\u0131b. 1 ayd\u0131r\u00a0 kiray\u0259 haqq\u0131n\u0131 gecikdirdiyin\u0259 g\u00f6r\u0259, Bak\u0131da ya\u015fad\u0131\u011f\u0131 evi t\u0259rk etm\u0259li olub.<\/p>\n\n\n\n<p>M\u0259s\u0259l\u0259 il\u0259 ba\u011fl\u0131 Sosial M\u00fcdafi\u0259 Nazirliyi il\u0259 \u0259laq\u0259 saxlad\u0131q.\u00a0Avqustun 6-s\u0131 ax\u015fam saatlar\u0131nda qazi F\u0259rman H\u00fcseynov qurumun \u0259m\u0259kda\u015flar\u0131 t\u0259r\u0259find\u0259n Zabratda s\u0131\u011f\u0131nacaq tipli m\u00fc\u0259ssis\u0259y\u0259 yerl\u0259\u015fdirilib.<\/p>\n\n\n\n<p><br>\u018ftrafl\u0131 videoreportajda:<\/p>\n\n\n\n<p><br><strong>Haz\u0131rlad\u0131: Samir\u0259 \u018fli<\/strong><\/p>\n\n\n\n<p>M\u0259nb\u0259: <strong><strong><a href=\"http:\/\/www.anews.az\/\" target=\"_blank\" rel=\"noreferrer noopener\">www.anews.az<\/a><\/strong><\/strong><\/p>\n\n\n\n<p><strong>P.S. M\u0259lum q\u00fcvv\u0259l\u0259rin &#171;Qisas \u0259m\u0259liyyat\u0131&#187; b\u00fct\u00fcn istiqam\u0259tl\u0259rd\u0259 davam edir&#8230;<\/strong><\/p>\n\n\n\n<figure class=\"wp-block-embed is-type-video is-provider-youtube wp-block-embed-youtube wp-embed-aspect-16-9 wp-has-aspect-ratio\"><div class=\"wp-block-embed__wrapper\">\n<iframe loading=\"lazy\" title=\"G\u00fcnl\u0259rdir parkda ya\u015fayan qazinin hekay\u0259si\" width=\"715\" height=\"402\" src=\"https:\/\/www.youtube.com\/embed\/qitHBPIFEas?feature=oembed\" frameborder=\"0\" allow=\"accelerometer; autoplay; clipboard-write; encrypted-media; gyroscope; picture-in-picture\" allowfullscreen><\/iframe>\n<\/div><\/figure>\n","protected":false},"excerpt":{"rendered":"<p>\u0130kinci Qaraba\u011f d\u00f6y\u00fc\u015fl\u0259rind\u0259 yaralanm\u0131\u015f F\u0259rman H\u00fcseynov 3 g\u00fcnd\u00fcr N\u0259riman N\u0259rimanov park\u0131nda gec\u0259l\u0259yir. Qazi m\u00fcharib\u0259d\u0259 tankda yanaraq m\u00fcxt\u0259lif d\u0259r\u0259c\u0259li x\u0259sar\u0259tl\u0259r al\u0131b. 1 ayd\u0131r\u00a0 kiray\u0259 haqq\u0131n\u0131<\/p>\n","protected":false},"author":2,"featured_media":44838,"comment_status":"closed","ping_status":"closed","sticky":false,"template":"","format":"standard","meta":{"footnotes":""},"categories":[5],"tags":[],"class_list":["post-44837","post","type-post","status-publish","format-standard","has-post-thumbnail","hentry","category-veteran"],"aioseo_notices":[],"_links":{"self":[{"href":"https:\/\/fedai.az\/index.php?rest_route=\/wp\/v2\/posts\/44837","targetHints":{"allow":["GET"]}}],"collection":[{"href":"https:\/\/fedai.az\/index.php?rest_route=\/wp\/v2\/posts"}],"about":[{"href":"https:\/\/fedai.az\/index.php?rest_route=\/wp\/v2\/types\/post"}],"author":[{"embeddable":true,"href":"https:\/\/fedai.az\/index.php?rest_route=\/wp\/v2\/users\/2"}],"replies":[{"embeddable":true,"href":"https:\/\/fedai.az\/index.php?rest_route=%2Fwp%2Fv2%2Fcomments&post=44837"}],"version-history":[{"count":1,"href":"https:\/\/fedai.az\/index.php?rest_route=\/wp\/v2\/posts\/44837\/revisions"}],"predecessor-version":[{"id":44839,"href":"https:\/\/fedai.az\/index.php?rest_route=\/wp\/v2\/posts\/44837\/revisions\/44839"}],"wp:featuredmedia":[{"embeddable":true,"href":"https:\/\/fedai.az\/index.php?rest_route=\/wp\/v2\/media\/44838"}],"wp:attachment":[{"href":"https:\/\/fedai.az\/index.php?rest_route=%2Fwp%2Fv2%2Fmedia&parent=44837"}],"wp:term":[{"taxonomy":"category","embeddable":true,"href":"https:\/\/fedai.az\/index.php?rest_route=%2Fwp%2Fv2%2Fcategories&post=44837"},{"taxonomy":"post_tag","embeddable":true,"href":"https:\/\/fedai.az\/index.php?rest_route=%2Fwp%2Fv2%2Ftags&post=44837"}],"curies":[{"name":"wp","href":"https:\/\/api.w.org\/{rel}","templated":true}]}}