{"id":44847,"date":"2021-08-09T01:08:59","date_gmt":"2021-08-08T21:08:59","guid":{"rendered":"https:\/\/fedai.az\/?p=44847"},"modified":"2021-08-09T01:09:03","modified_gmt":"2021-08-08T21:09:03","slug":"qarabagda-g%c9%99l%c9%99c%c9%99k-gorm%c9%99y%c9%99n-erm%c9%99nil%c9%99rin-boyuk-kocu-basladi","status":"publish","type":"post","link":"https:\/\/fedai.az\/?p=44847","title":{"rendered":"Qaraba\u011fda g\u0259l\u0259c\u0259k g\u00f6rm\u0259y\u0259n erm\u0259nil\u0259rin b\u00f6y\u00fck k\u00f6\u00e7\u00fc ba\u015flad\u0131"},"content":{"rendered":"\n<p>Qaraba\u011fda ya\u015fayan v\u0259 dinc h\u0259yat \u0259v\u0259zin\u0259 Az\u0259rbaycanla \u0259dav\u0259t aparmaq, d\u00fc\u015fm\u0259n\u00e7ilik etm\u0259yi se\u00e7\u0259n erm\u0259nil\u0259r art\u0131q \u00e7ar\u0259siz olduqlar\u0131n\u0131 s\u00f6z\u00fcn \u0259sl m\u0259nas\u0131nda anlay\u0131blar. Art\u0131q sosial \u015f\u0259b\u0259k\u0259l\u0259rin erm\u0259ni seqmentind\u0259 bu \u00e7ar\u0259sizliyin \u0259yani s\u00fcbutlar\u0131 \u00f6z\u00fcn\u00fc b\u00fcruz\u0259 verir. Qaraba\u011fda ya\u015fayan erm\u0259nil\u0259r s\u00fcr\u0259tl\u0259 regionu t\u0259rk edir.<\/p>\n\n\n\n<p>Bu c\u00fcr \u015f\u0259rhl\u0259rd\u0259n birind\u0259 erm\u0259ni sosial \u015f\u0259b\u0259k\u0259 istifad\u0259\u00e7isi Nair Allabyan m\u0259s\u0259l\u0259nin b\u00fct\u00fcn mahiyy\u0259tini ortaya qoyan fikir s\u0259sl\u0259ndirib: \u201cerm\u0259nil\u0259r burada g\u0259l\u0259c\u0259k g\u00f6rm\u00fcrl\u0259r\u201d.<\/p>\n\n\n\n<figure class=\"wp-block-image size-large is-resized\"><img loading=\"lazy\" decoding=\"async\" src=\"https:\/\/fedai.az\/wp-content\/uploads\/2021\/08\/Screenshot-2021-08-06-121906.jpg\" alt=\"\" class=\"wp-image-44848\" width=\"796\" height=\"361\" srcset=\"https:\/\/fedai.az\/wp-content\/uploads\/2021\/08\/Screenshot-2021-08-06-121906.jpg 397w, https:\/\/fedai.az\/wp-content\/uploads\/2021\/08\/Screenshot-2021-08-06-121906-300x136.jpg 300w, https:\/\/fedai.az\/wp-content\/uploads\/2021\/08\/Screenshot-2021-08-06-121906-150x68.jpg 150w\" sizes=\"auto, (max-width: 796px) 100vw, 796px\" \/><\/figure>\n\n\n\n<p>B\u0259li, bu fikri tarixi \u0259dal\u0259tin b\u0259rpas\u0131n\u0131 h\u0259zm ed\u0259 bilm\u0259y\u0259n, Az\u0259rbaycana qar\u015f\u0131 kin b\u0259sl\u0259y\u0259n, t\u00fcrkofobiyan\u0131n \u0259sirin\u0259 \u00e7evrilmi\u015f h\u0259r bir erm\u0259ni \u00fc\u00e7\u00fcn haql\u0131 hesab etm\u0259k olar.<\/p>\n\n\n\n<p>\u00c7\u00fcnki Az\u0259rbaycan ordusunun regiona b\u0259x\u015f etdiyi \u0259dal\u0259t v\u0259 q\u00fcdr\u0259tli Az\u0259rbaycan d\u00f6vl\u0259tinin yaratd\u0131\u011f\u0131 s\u00fclh bu c\u00fcr anlay\u0131\u015flar \u00fc\u00e7\u00fcn he\u00e7 bir \u015fans qoymur. Bu regionda art\u0131q Az\u0259rbaycanla qar\u015f\u0131-qar\u015f\u0131ya g\u0259lm\u0259yin n\u0259 dem\u0259k oldu\u011funu anlayanlar \u00fc\u00e7\u00fcn&nbsp;ba\u015fqa \u00e7\u0131x\u0131\u015f yolu yoxdur. Ya \u0259dav\u0259ti k\u0259nara qoyub s\u00fclh i\u00e7ind\u0259 bizim dikt\u0259 v\u0259 \u00f6nd\u0259rlik etdiyimiz m\u00fchitd\u0259 ya\u015famal\u0131, ya da b\u00fct\u00fcn m\u0259krli planlar\u0131n\u0131 toplay\u0131b yegan\u0259 \u00e7\u0131x\u0131\u015f yoluna \u2013 qa\u00e7ma\u011fa \u0259l atmal\u0131d\u0131rlar.<\/p>\n\n\n\n<p>Bir erm\u0259ni \u00fc\u00e7\u00fcn m\u0259nfur xisl\u0259tini k\u0259nara qoymaq is\u0259 dem\u0259k olar ki, m\u00fcmk\u00fcns\u00fczd\u00fcr. Odur ki, bu g\u00fcn erm\u0259nil\u0259rin \u00f6zl\u0259rinin Qaraba\u011fla ba\u011fl\u0131 etiraf etdiyi bu m\u0259nz\u0259r\u0259 \u2013 s\u00fcr\u0259tl\u0259 regiondan qa\u00e7\u0131\u015f, h\u0259min o ikrah hissi do\u011furan \u201cx\u00fcsusiyy\u0259tl\u0259rin\u201d erm\u0259ni xalq\u0131na vurdu\u011fu \u0259n a\u011f\u0131r z\u0259rb\u0259dir.<\/p>\n\n\n\n<p>Erm\u0259nil\u0259rin Qaraba\u011fdan qa\u00e7\u0131\u015f\u0131 t\u0259kc\u0259 \u00e7ar\u0259sizlik deyil, h\u0259m d\u0259 Az\u0259rbaycan\u0131n q\u0259l\u0259b\u0259sini, q\u00fcdr\u0259tini h\u0259zm ed\u0259 bilm\u0259m\u0259kdir. Bu qa\u00e7\u0131\u015f regionun fa\u015fist ideyalardan, d\u00fc\u015fm\u0259n\u00e7ilikd\u0259n t\u0259mizl\u0259nm\u0259sinin ba\u015flan\u011f\u0131c\u0131d\u0131r. Bu qa\u00e7\u0131\u015f s\u00fclh v\u0259 \u0259dal\u0259tin&nbsp;d\u00fc\u015fm\u0259n\u00e7ilik v\u0259 haqs\u0131zl\u0131q \u00fcz\u0259rind\u0259 parlaq q\u0259l\u0259b\u0259sidir.<\/p>\n\n\n\n<p>Az\u0259rbaycan\u0131n t\u0259l\u0259bi b\u00fct\u00fcn d\u00fcnya \u00fc\u00e7\u00fcn a\u015fkar v\u0259 \u0259dal\u0259tlidir: regionda s\u00fclh v\u0259 \u0259min-amanl\u0131q i\u00e7ind\u0259 ya\u015fama\u011f\u0131n t\u0259k \u015f\u0259rti Az\u0259rbaycan\u0131n \u0259razi b\u00fct\u00f6vl\u00fcy\u00fcn\u00fc q\u0259bul etm\u0259k v\u0259 m\u00fcz\u0259ff\u0259r Az\u0259rbaycan ordusunun d\u00f6y\u00fc\u015f meydan\u0131nda yaratd\u0131\u011f\u0131 yeni reall\u0131qlar\u0131 q\u0259bullanmaqd\u0131r!<\/p>\n\n\n\n<figure class=\"wp-block-image size-large is-resized\"><img loading=\"lazy\" decoding=\"async\" src=\"https:\/\/fedai.az\/wp-content\/uploads\/2021\/08\/seventimes_c270eb7dd0e8b6b2e46e7b8efb3a1362_fzewyt4c63imxbgqpja8.jpg\" alt=\"\" class=\"wp-image-44849\" width=\"905\" height=\"564\" srcset=\"https:\/\/fedai.az\/wp-content\/uploads\/2021\/08\/seventimes_c270eb7dd0e8b6b2e46e7b8efb3a1362_fzewyt4c63imxbgqpja8.jpg 512w, https:\/\/fedai.az\/wp-content\/uploads\/2021\/08\/seventimes_c270eb7dd0e8b6b2e46e7b8efb3a1362_fzewyt4c63imxbgqpja8-300x187.jpg 300w, https:\/\/fedai.az\/wp-content\/uploads\/2021\/08\/seventimes_c270eb7dd0e8b6b2e46e7b8efb3a1362_fzewyt4c63imxbgqpja8-150x93.jpg 150w, https:\/\/fedai.az\/wp-content\/uploads\/2021\/08\/seventimes_c270eb7dd0e8b6b2e46e7b8efb3a1362_fzewyt4c63imxbgqpja8-115x73.jpg 115w\" sizes=\"auto, (max-width: 905px) 100vw, 905px\" \/><\/figure>\n\n\n\n<p>Bu g\u00fcn \u201cerm\u0259nil\u0259rin Qaraba\u011fdan b\u00f6y\u00fck k\u00f6\u00e7\u00fc\u201d ba\u015flay\u0131bsa, bu onlar\u0131n h\u0259min \u0259raziy\u0259 aid olmad\u0131qlar\u0131n\u0131n da etiraf\u0131d\u0131r. \u00c7\u00fcnki bir xalq\u0131 do\u011fma torpa\u011f\u0131ndan he\u00e7 kim qopara bilm\u0259z, nec\u0259 ki, Az\u0259rbaycan xalq\u0131 Qaraba\u011fdan he\u00e7 zaman qopmad\u0131, can\u0131 il\u0259, qan\u0131 il\u0259 Qaraba\u011fa sahib \u00e7\u0131xd\u0131 v\u0259 \u0259dal\u0259tsizliy\u0259 son qoydu.<\/p>\n\n\n\n<p>Lakin erm\u0259nil\u0259r k\u00f6n\u00fcll\u00fc \u015f\u0259kild\u0259 Qaraba\u011fdan qa\u00e7\u0131rlar. B\u00fct\u00fcn d\u00fcnyan\u0131n g\u00f6z\u00fc qar\u015f\u0131s\u0131nda s\u00fclh i\u00e7ind\u0259 ya\u015famaq \u0259v\u0259zin\u0259 \u00f6z ifrat d\u00fc\u015f\u00fcnc\u0259l\u0259rini, d\u00fc\u015fm\u0259n\u00e7iliyi se\u00e7ir, n\u0259 olur olsun, \u00f6z xisl\u0259tl\u0259rind\u0259n \u0259l \u00e7\u0259kmirl\u0259r, erm\u0259ni Nair Allabyan\u0131n dediyi kimi burada \u201cg\u0259l\u0259c\u0259k g\u00f6rm\u00fcrl\u0259r\u201d. \u00c7\u00fcnki bu g\u00fcn Qaraba\u011f\u0131 t\u0259rk ed\u0259n h\u0259r bir erm\u0259ni bu torpa\u011fa aid olmad\u0131\u011f\u0131n\u0131 anlay\u0131r, \u015f\u00fcurlar\u0131na hopmu\u015f fa\u015fizm b\u0259las\u0131n\u0131, Az\u0259rbaycan xalq\u0131na qar\u015f\u0131 h\u0259s\u0259d, kin v\u0259 d\u00fc\u015fm\u0259n\u00e7iliyi k\u0259nara ata bilmir. Erm\u0259nil\u0259rin \u201csadiq oldu\u011fu\u201d bu xisl\u0259tin q\u00fcdr\u0259tli Az\u0259rbaycan\u0131n v\u0259 lideri il\u0259 bir yumruq kimi birl\u0259\u015f\u0259n q\u0259hr\u0259man xalq\u0131n\u0131n yaratd\u0131\u011f\u0131 yeni reall\u0131qda h\u0259qiq\u0259t\u0259n \u201cg\u0259l\u0259c\u0259yi g\u00f6r\u00fcnm\u00fcr\u201d! <\/p>\n\n\n\n<p>M\u0259nb\u0259: Oxu.az<\/p>\n","protected":false},"excerpt":{"rendered":"<p>Qaraba\u011fda ya\u015fayan v\u0259 dinc h\u0259yat \u0259v\u0259zin\u0259 Az\u0259rbaycanla \u0259dav\u0259t aparmaq, d\u00fc\u015fm\u0259n\u00e7ilik etm\u0259yi se\u00e7\u0259n erm\u0259nil\u0259r art\u0131q \u00e7ar\u0259siz olduqlar\u0131n\u0131 s\u00f6z\u00fcn \u0259sl m\u0259nas\u0131nda anlay\u0131blar. Art\u0131q sosial \u015f\u0259b\u0259k\u0259l\u0259rin erm\u0259ni<\/p>\n","protected":false},"author":2,"featured_media":44850,"comment_status":"closed","ping_status":"closed","sticky":false,"template":"","format":"standard","meta":{"footnotes":""},"categories":[4],"tags":[],"class_list":["post-44847","post","type-post","status-publish","format-standard","has-post-thumbnail","hentry","category-qarabag"],"aioseo_notices":[],"_links":{"self":[{"href":"https:\/\/fedai.az\/index.php?rest_route=\/wp\/v2\/posts\/44847","targetHints":{"allow":["GET"]}}],"collection":[{"href":"https:\/\/fedai.az\/index.php?rest_route=\/wp\/v2\/posts"}],"about":[{"href":"https:\/\/fedai.az\/index.php?rest_route=\/wp\/v2\/types\/post"}],"author":[{"embeddable":true,"href":"https:\/\/fedai.az\/index.php?rest_route=\/wp\/v2\/users\/2"}],"replies":[{"embeddable":true,"href":"https:\/\/fedai.az\/index.php?rest_route=%2Fwp%2Fv2%2Fcomments&post=44847"}],"version-history":[{"count":1,"href":"https:\/\/fedai.az\/index.php?rest_route=\/wp\/v2\/posts\/44847\/revisions"}],"predecessor-version":[{"id":44851,"href":"https:\/\/fedai.az\/index.php?rest_route=\/wp\/v2\/posts\/44847\/revisions\/44851"}],"wp:featuredmedia":[{"embeddable":true,"href":"https:\/\/fedai.az\/index.php?rest_route=\/wp\/v2\/media\/44850"}],"wp:attachment":[{"href":"https:\/\/fedai.az\/index.php?rest_route=%2Fwp%2Fv2%2Fmedia&parent=44847"}],"wp:term":[{"taxonomy":"category","embeddable":true,"href":"https:\/\/fedai.az\/index.php?rest_route=%2Fwp%2Fv2%2Fcategories&post=44847"},{"taxonomy":"post_tag","embeddable":true,"href":"https:\/\/fedai.az\/index.php?rest_route=%2Fwp%2Fv2%2Ftags&post=44847"}],"curies":[{"name":"wp","href":"https:\/\/api.w.org\/{rel}","templated":true}]}}