{"id":44852,"date":"2021-08-09T02:13:59","date_gmt":"2021-08-08T22:13:59","guid":{"rendered":"https:\/\/fedai.az\/?p=44852"},"modified":"2021-08-10T12:48:22","modified_gmt":"2021-08-10T08:48:22","slug":"tarixd%c9%99-izi-olan-beyl%c9%99qan-batalyonu","status":"publish","type":"post","link":"https:\/\/fedai.az\/?p=44852","title":{"rendered":"Tarixd\u0259 izi olan Beyl\u0259qan batalyonu"},"content":{"rendered":"\n<p><strong>Bu g\u00fcnl\u0259rd\u0259 sayt\u0131m\u0131zda Akif H\u0259s\u0259nov adl\u0131 bir m\u00fcharib\u0259 veteran\u0131n\u0131n imzas\u0131yla ordumuzun imicinin qorunmas\u0131yla ba\u011fl\u0131 bir yaz\u0131 yay\u0131nlanm\u0131\u015fd\u0131. Yanl\u0131\u015f olaraq Az\u0259rbaycan V\u0259t\u0259n M\u00fcharib\u0259si Veteranlar\u0131 \u0130ctimai Birliyi (AVMV\u0130B) s\u0259drinin s\u0259lahiyy\u0259tli n\u00fcmay\u0259nd\u0259si, AVMV\u0130B Xocav\u0259nd rayon \u015f\u00f6b\u0259sinin s\u0259dri, Beyl\u0259qan batalyonunun sabiq komandiri Akif H\u0259s\u0259novu \u00f6zl\u0259rini &#171;d\u00f6y\u00fc\u015f\u00e7\u00fc&#187; elan ed\u0259nl\u0259rin dayaz arqumentl\u0259rl\u0259 h\u0259d\u0259f\u0259 g\u0259tirdikl\u0259rini izl\u0259m\u0259li oldum. <\/strong><\/p>\n\n\n\n<p>S\u0259hh\u0259timl\u0259 ba\u011fl\u0131 gec d\u0259 olsa, bu yanl\u0131\u015f v\u0259 z\u0259r\u0259rli fikir sahibl\u0259rin\u0259 bildirm\u0259k ist\u0259yir\u0259m ki, d\u00fcnyada m\u00f6vcud olan insanlar barmaq izl\u0259ri kimi f\u0259rqli d\u00fc\u015f\u00fcnc\u0259 sahibl\u0259ridir. Amma kims\u0259ni m\u0259cbur etm\u0259k olmaz ki, m\u00fctl\u0259q bizim kimi d\u00fc\u015f\u00fcns\u00fcnl\u0259r. Fedai.az m\u00fcst\u0259qil v\u0259 t\u0259r\u0259fsizliyini qoruyan az sayl\u0131 saytlardand\u0131. M\u0259s\u0259l\u0259 il\u0259 ba\u011fl\u0131 redaksiyam\u0131za z\u0259ng ed\u0259n Akif H\u0259s\u0259nova bildirdim ki, ad\u0131 ke\u00e7\u0259n \u015f\u0259xsin siz\u0259 he\u00e7 bir aidiyyat\u0131 yoxdur. <\/p>\n\n\n\n<figure class=\"wp-block-gallery columns-2 is-cropped wp-block-gallery-1 is-layout-flex wp-block-gallery-is-layout-flex\"><ul class=\"blocks-gallery-grid\"><li class=\"blocks-gallery-item\"><figure><img loading=\"lazy\" decoding=\"async\" width=\"693\" height=\"344\" src=\"https:\/\/fedai.az\/wp-content\/uploads\/2021\/08\/u8-1.jpg\" alt=\"\" data-id=\"44856\" data-full-url=\"https:\/\/fedai.az\/wp-content\/uploads\/2021\/08\/u8-1.jpg\" data-link=\"https:\/\/fedai.az\/?attachment_id=44856\" class=\"wp-image-44856\" srcset=\"https:\/\/fedai.az\/wp-content\/uploads\/2021\/08\/u8-1.jpg 693w, https:\/\/fedai.az\/wp-content\/uploads\/2021\/08\/u8-1-300x149.jpg 300w, https:\/\/fedai.az\/wp-content\/uploads\/2021\/08\/u8-1-150x74.jpg 150w\" sizes=\"auto, (max-width: 693px) 100vw, 693px\" \/><\/figure><\/li><li class=\"blocks-gallery-item\"><figure><img loading=\"lazy\" decoding=\"async\" width=\"960\" height=\"637\" src=\"https:\/\/fedai.az\/wp-content\/uploads\/2021\/08\/T39272.jpg\" alt=\"\" data-id=\"44854\" data-full-url=\"https:\/\/fedai.az\/wp-content\/uploads\/2021\/08\/T39272.jpg\" data-link=\"https:\/\/fedai.az\/?attachment_id=44854\" class=\"wp-image-44854\" srcset=\"https:\/\/fedai.az\/wp-content\/uploads\/2021\/08\/T39272.jpg 960w, https:\/\/fedai.az\/wp-content\/uploads\/2021\/08\/T39272-300x199.jpg 300w, https:\/\/fedai.az\/wp-content\/uploads\/2021\/08\/T39272-150x100.jpg 150w, https:\/\/fedai.az\/wp-content\/uploads\/2021\/08\/T39272-768x510.jpg 768w\" sizes=\"auto, (max-width: 960px) 100vw, 960px\" \/><\/figure><\/li><\/ul><\/figure>\n\n\n\n<p>Bu g\u00fcn Akif H\u0259s\u0259novun, h\u0259m I Qaraba\u011f, h\u0259m d\u0259 II Qaraba\u011f d\u00f6y\u00fc\u015fl\u0259rind\u0259ki xidm\u0259tl\u0259ri, dinc d\u00f6vrl\u0259rd\u0259 &#171;m\u0131\u015fka&#187; q\u0259hr\u0259manl\u0131\u011f\u0131ndan f\u0259rqli olaraq, \u0259sg\u0259r v\u0259 zabitl\u0259rimiz aras\u0131nda ke\u00e7irdiyi h\u0259rbi-v\u0259t\u0259np\u0259rv\u0259rlik ruhlu t\u0259dbirl\u0259ri sadalasaq bu s\u00f6z q\u0259hr\u0259manlar\u0131n\u0131n qulaq asma\u011fa heyl\u0259ri \u00e7atmaz. AVMV\u0130B t\u0259kc\u0259 2019-cu ild\u0259 m\u0259kt\u0259blil\u0259r v\u0259 h\u0259rbi hiss\u0259l\u0259rd\u0259 836 g\u00f6r\u00fc\u015f-t\u0259dbir ke\u00e7ir\u0259r\u0259k g\u0259ncl\u0259rimizi Qaraba\u011f\u0131 azad etm\u0259y\u0259 haz\u0131r olma\u011fa \u00e7a\u011f\u0131rm\u0131\u015fd\u0131. Bu g\u00fcn d\u00f6y\u00fc\u015f\u0259nl\u0259r aras\u0131nda minl\u0259rl\u0259 veteranlar\u0131m\u0131z\u0131n o\u011flu \u015f\u0259hid v\u0259 qazi olmu\u015flar. B\u0259s n\u0259 \u0259c\u0259b, bunca internetd\u0259 &#171;s\u0259r\u00e7\u0259 qovalayanlar\u0131n&#187; birinin \u00f6vlad\u0131n\u0131 bu s\u0131rada g\u00f6rm\u0259dik? Akif H\u0259s\u0259nov 44 g\u00fcnl\u00fck m\u00fcharib\u0259nin h\u0259r g\u00fcn\u00fcn\u00fc \u0259sg\u0259rl\u0259rimizl\u0259 birg\u0259 oldu, b\u0259s bu s\u00f6z q\u0259hr\u0259manlar\u0131 haradayd\u0131lar?<\/p>\n\n\n\n<figure class=\"wp-block-embed is-type-video is-provider-dailymotion wp-block-embed-dailymotion wp-embed-aspect-16-9 wp-has-aspect-ratio\"><div class=\"wp-block-embed__wrapper\">\n<iframe loading=\"lazy\" title=\"AVMV\u0130B \u00f6n c\u0259bh\u0259d\u0259: \u0130ki d\u00f6y\u00fc\u015f\u00e7\u00fc n\u0259slin g\u00f6r\u00fc\u015f\u00fc\" frameborder=\"0\" width=\"715\" height=\"402\" src=\"https:\/\/www.dailymotion.com\/embed\/video\/x7wpp65\" allowfullscreen allow=\"autoplay\"><\/iframe>\n<\/div><\/figure>\n\n\n\n<p>Birc\u0259 fakt\u0131 xat\u0131rlad\u0131m ki, I Qaraba\u011f m\u00fcharib\u0259sinin \u0259n a\u011f\u0131r g\u00fcnl\u0259rind\u0259 Xocav\u0259nd istiqam\u0259tind\u0259 bu g\u00fcn d\u0259 d\u00fc\u015fm\u0259n n\u0259zar\u0259tind\u0259 olan \u015ei\u015fqaya y\u00fcks\u0259kliyini d\u0259f\u0259l\u0259rl\u0259 d\u00fc\u015fm\u0259nd\u0259n azad etmi\u015f bir batalyonun komandiri kimi Akif H\u0259s\u0259nov bizim \u00fc\u00e7\u00fcn bir q\u0259hr\u0259mand\u0131r. \u018fm\u0259l adam\u0131d\u0131r. Ke\u00e7mi\u015fi daim g\u00fcn i\u015f\u0131\u011f\u0131nda olan ki\u015fil\u0259rd\u0259ndir. Komandir kimi ona uzun \u00f6m\u00fcr v\u0259 o batalyonun h\u0259r bir \u015f\u0259hidin\u0259 Allahdan r\u0259hm\u0259t, veteranlar\u0131m\u0131za is\u0259 cansa\u011fl\u0131\u011f\u0131 arzulay\u0131r\u0131q.<\/p>\n\n\n\n<p><strong>Biz daim Ordumuzun, D\u00f6vl\u0259timizin yan\u0131nday\u0131q. Bizim ba\u015f\u0131m\u0131z\u0131n \u0259yildiyi v\u0259 dizimizin b\u00fck\u00fcld\u00fcy\u00fc t\u0259k yer m\u00fcq\u0259dd\u0259s Az\u0259rbaycan Bayra\u011f\u0131n\u0131n \u00f6n\u00fcd\u00fcr&#8230;<\/strong><\/p>\n\n\n\n<p><strong>X. \u018fd\u0259bo\u011flu<\/strong><\/p>\n\n\n\n<p><strong>AVMV\u0130B M\u0259tbuat Xidm\u0259tinin r\u0259hb\u0259ri<\/strong><\/p>\n\n\n\n<figure class=\"wp-block-embed is-type-video is-provider-youtube wp-block-embed-youtube wp-embed-aspect-4-3 wp-has-aspect-ratio\"><div class=\"wp-block-embed__wrapper\">\n<iframe loading=\"lazy\" title=\"beyleqan batalyonu 1993_1 hisse\" width=\"715\" height=\"536\" src=\"https:\/\/www.youtube.com\/embed\/4ukTTEQb4MY?feature=oembed\" frameborder=\"0\" allow=\"accelerometer; autoplay; clipboard-write; encrypted-media; gyroscope; picture-in-picture\" allowfullscreen><\/iframe>\n<\/div><\/figure>\n\n\n\n<figure class=\"wp-block-embed is-type-video is-provider-youtube wp-block-embed-youtube wp-embed-aspect-4-3 wp-has-aspect-ratio\"><div class=\"wp-block-embed__wrapper\">\n<iframe loading=\"lazy\" title=\"beyleqan batalyonu 1993_2 hisse\" width=\"715\" height=\"536\" src=\"https:\/\/www.youtube.com\/embed\/kVucKKtVOTc?feature=oembed\" frameborder=\"0\" allow=\"accelerometer; autoplay; clipboard-write; encrypted-media; gyroscope; picture-in-picture\" allowfullscreen><\/iframe>\n<\/div><\/figure>\n","protected":false},"excerpt":{"rendered":"<p>Bu g\u00fcnl\u0259rd\u0259 sayt\u0131m\u0131zda Akif H\u0259s\u0259nov adl\u0131 bir m\u00fcharib\u0259 veteran\u0131n\u0131n imzas\u0131yla ordumuzun imicinin qorunmas\u0131yla ba\u011fl\u0131 bir yaz\u0131 yay\u0131nlanm\u0131\u015fd\u0131. Yanl\u0131\u015f olaraq Az\u0259rbaycan V\u0259t\u0259n M\u00fcharib\u0259si Veteranlar\u0131 \u0130ctimai<\/p>\n","protected":false},"author":2,"featured_media":44860,"comment_status":"closed","ping_status":"closed","sticky":false,"template":"","format":"standard","meta":{"footnotes":""},"categories":[5],"tags":[],"class_list":["post-44852","post","type-post","status-publish","format-standard","has-post-thumbnail","hentry","category-veteran"],"aioseo_notices":[],"_links":{"self":[{"href":"https:\/\/fedai.az\/index.php?rest_route=\/wp\/v2\/posts\/44852","targetHints":{"allow":["GET"]}}],"collection":[{"href":"https:\/\/fedai.az\/index.php?rest_route=\/wp\/v2\/posts"}],"about":[{"href":"https:\/\/fedai.az\/index.php?rest_route=\/wp\/v2\/types\/post"}],"author":[{"embeddable":true,"href":"https:\/\/fedai.az\/index.php?rest_route=\/wp\/v2\/users\/2"}],"replies":[{"embeddable":true,"href":"https:\/\/fedai.az\/index.php?rest_route=%2Fwp%2Fv2%2Fcomments&post=44852"}],"version-history":[{"count":3,"href":"https:\/\/fedai.az\/index.php?rest_route=\/wp\/v2\/posts\/44852\/revisions"}],"predecessor-version":[{"id":45005,"href":"https:\/\/fedai.az\/index.php?rest_route=\/wp\/v2\/posts\/44852\/revisions\/45005"}],"wp:featuredmedia":[{"embeddable":true,"href":"https:\/\/fedai.az\/index.php?rest_route=\/wp\/v2\/media\/44860"}],"wp:attachment":[{"href":"https:\/\/fedai.az\/index.php?rest_route=%2Fwp%2Fv2%2Fmedia&parent=44852"}],"wp:term":[{"taxonomy":"category","embeddable":true,"href":"https:\/\/fedai.az\/index.php?rest_route=%2Fwp%2Fv2%2Fcategories&post=44852"},{"taxonomy":"post_tag","embeddable":true,"href":"https:\/\/fedai.az\/index.php?rest_route=%2Fwp%2Fv2%2Ftags&post=44852"}],"curies":[{"name":"wp","href":"https:\/\/api.w.org\/{rel}","templated":true}]}}