{"id":44861,"date":"2021-08-09T03:13:32","date_gmt":"2021-08-08T23:13:32","guid":{"rendered":"https:\/\/fedai.az\/?p=44861"},"modified":"2021-08-09T03:13:37","modified_gmt":"2021-08-08T23:13:37","slug":"sabahdan-az%c9%99rbaycanda-peyv%c9%99nd-olunmayan-s%c9%99xsl%c9%99r%c9%99-s%c9%99n%c9%99d-veril%c9%99c%c9%99k","status":"publish","type":"post","link":"https:\/\/fedai.az\/?p=44861","title":{"rendered":"Sabahdan Az\u0259rbaycanda peyv\u0259nd olunmayan \u015f\u0259xsl\u0259r\u0259 s\u0259n\u0259d veril\u0259c\u0259k"},"content":{"rendered":"\n<p><strong>Sabahdan \u00f6lk\u0259mizd\u0259 koronavirusa qar\u015f\u0131 peyv\u0259nd oluna bilm\u0259y\u0259n \u015f\u0259xsl\u0259r\u0259 s\u0259n\u0259d veril\u0259c\u0259k. &#171;\u018fks g\u00f6st\u0259ri\u015f sertifikat&#187;\u0131n\u0131 m\u00fc\u0259yy\u0259n x\u0259st\u0259likl\u0259rd\u0259n \u0259ziyy\u0259t \u00e7\u0259k\u0259n \u015f\u0259xsl\u0259r \u0259ld\u0259 ed\u0259 bil\u0259c\u0259kl\u0259r.<\/strong><\/p>\n\n\n\n<p>Sertifikat yaln\u0131z peyv\u0259ndl\u0259r\u0259 qar\u015f\u0131 \u0259ks g\u00f6st\u0259ri\u015fi olan v\u0259t\u0259nda\u015flar \u00fc\u00e7\u00fcn n\u0259z\u0259rd\u0259 tutulub.<\/p>\n\n\n\n<p>\u0130nfeksionist \u0130lham Bayramov deyir ki, koronavirus \u0259leyhin\u0259 vaksinasiya \u00fc\u00e7\u00fcn \u0259ks g\u00f6st\u0259ri\u015f olan allergik x\u0259st\u0259likl\u0259r dedikd\u0259 x\u00fcsusil\u0259 d\u0259rman preparatlar\u0131na qar\u015f\u0131 allergiya n\u0259z\u0259rd\u0259 tutulur. Onun s\u00f6zl\u0259rin\u0259 g\u00f6r\u0259, g\u00fccl\u00fc qida allergiyas\u0131 da \u0259ks-g\u00f6st\u0259ri\u015f ola bil\u0259r. B\u00fct\u00fcn hallarda allerqoloq m\u00fcayin\u0259sind\u0259n ke\u00e7m\u0259k t\u00f6vsiy\u0259 olunur.<ins><\/ins><\/p>\n\n\n\n<p>\u0130nfeksionist vur\u011fulay\u0131b ki, \u0259ks-g\u00f6st\u0259ri\u015f bir s\u0131ra allergik reaksiyan\u0131n d\u0259r\u0259c\u0259sind\u0259n as\u0131l\u0131d\u0131r. Y\u0259ni, b\u0259zi allergik x\u0259st\u0259l\u0259r h\u0259kim m\u0259sl\u0259h\u0259ti il\u0259 COVID-19 \u0259leyhin\u0259 vaksinasiyada i\u015ftirak ed\u0259 bil\u0259rl\u0259r. \u0130lham Bayramov \u0259ks g\u00f6st\u0259ri\u015f sertifikat\u0131 alacaq \u015f\u0259xsl\u0259r\u0259 t\u00f6vsiy\u0259 d\u0259 verib.<\/p>\n\n\n\n<p>Qeyd ed\u0259k ki, vaksinl\u0259r\u0259 qar\u015f\u0131 \u0259ks g\u00f6st\u0259ri\u015fi oan v\u0259t\u0259nda\u015flar sabahdan etibar\u0259n &#171;\u018fks g\u00f6st\u0259ri\u015f sertifikat&#187;\u0131n\u0131 almaq \u00fc\u00e7\u00fcn \u0259razi \u00fczr\u0259 poliklinikalara m\u00fcraci\u0259t etm\u0259lidirl\u0259r. Poliklinika h\u0259min \u015f\u0259xsl\u0259rin m\u0259lumatlar\u0131n\u0131 S\u0259hiyy\u0259 Nazirliyi t\u0259r\u0259find\u0259n yarad\u0131lm\u0131\u015f x\u00fcsusi komissiyaya t\u0259qdim ed\u0259c\u0259k. Komissiyan\u0131n r\u0259yi \u0259sas\u0131nda v\u0259t\u0259nda\u015fa sertifikat veril\u0259c\u0259k.<\/p>\n\n\n\n<p>M\u0259nb\u0259: Xezerxeber.az<\/p>\n","protected":false},"excerpt":{"rendered":"<p>Sabahdan \u00f6lk\u0259mizd\u0259 koronavirusa qar\u015f\u0131 peyv\u0259nd oluna bilm\u0259y\u0259n \u015f\u0259xsl\u0259r\u0259 s\u0259n\u0259d veril\u0259c\u0259k. &#171;\u018fks g\u00f6st\u0259ri\u015f sertifikat&#187;\u0131n\u0131 m\u00fc\u0259yy\u0259n x\u0259st\u0259likl\u0259rd\u0259n \u0259ziyy\u0259t \u00e7\u0259k\u0259n \u015f\u0259xsl\u0259r \u0259ld\u0259 ed\u0259 bil\u0259c\u0259kl\u0259r. Sertifikat yaln\u0131z peyv\u0259ndl\u0259r\u0259<\/p>\n","protected":false},"author":2,"featured_media":44863,"comment_status":"closed","ping_status":"closed","sticky":false,"template":"","format":"standard","meta":{"footnotes":""},"categories":[12],"tags":[],"class_list":["post-44861","post","type-post","status-publish","format-standard","has-post-thumbnail","hentry","category-sosial"],"aioseo_notices":[],"_links":{"self":[{"href":"https:\/\/fedai.az\/index.php?rest_route=\/wp\/v2\/posts\/44861","targetHints":{"allow":["GET"]}}],"collection":[{"href":"https:\/\/fedai.az\/index.php?rest_route=\/wp\/v2\/posts"}],"about":[{"href":"https:\/\/fedai.az\/index.php?rest_route=\/wp\/v2\/types\/post"}],"author":[{"embeddable":true,"href":"https:\/\/fedai.az\/index.php?rest_route=\/wp\/v2\/users\/2"}],"replies":[{"embeddable":true,"href":"https:\/\/fedai.az\/index.php?rest_route=%2Fwp%2Fv2%2Fcomments&post=44861"}],"version-history":[{"count":1,"href":"https:\/\/fedai.az\/index.php?rest_route=\/wp\/v2\/posts\/44861\/revisions"}],"predecessor-version":[{"id":44864,"href":"https:\/\/fedai.az\/index.php?rest_route=\/wp\/v2\/posts\/44861\/revisions\/44864"}],"wp:featuredmedia":[{"embeddable":true,"href":"https:\/\/fedai.az\/index.php?rest_route=\/wp\/v2\/media\/44863"}],"wp:attachment":[{"href":"https:\/\/fedai.az\/index.php?rest_route=%2Fwp%2Fv2%2Fmedia&parent=44861"}],"wp:term":[{"taxonomy":"category","embeddable":true,"href":"https:\/\/fedai.az\/index.php?rest_route=%2Fwp%2Fv2%2Fcategories&post=44861"},{"taxonomy":"post_tag","embeddable":true,"href":"https:\/\/fedai.az\/index.php?rest_route=%2Fwp%2Fv2%2Ftags&post=44861"}],"curies":[{"name":"wp","href":"https:\/\/api.w.org\/{rel}","templated":true}]}}