{"id":44881,"date":"2021-08-09T11:26:15","date_gmt":"2021-08-09T07:26:15","guid":{"rendered":"https:\/\/fedai.az\/?p=44881"},"modified":"2021-08-09T11:26:19","modified_gmt":"2021-08-09T07:26:19","slug":"susa-s%c9%99h%c9%99rinin-bas-planinin-b%c9%99zi-detallari-aciqlanib","status":"publish","type":"post","link":"https:\/\/fedai.az\/?p=44881","title":{"rendered":"\u015eu\u015fa \u015f\u0259h\u0259rinin Ba\u015f plan\u0131n\u0131n b\u0259zi detallar\u0131 a\u00e7\u0131qlan\u0131b"},"content":{"rendered":"\n<p><strong>\u015eu\u015fada 2040-c\u0131 il\u0259 q\u0259d\u0259r 25 min n\u0259f\u0259r ya\u015faya bil\u0259c\u0259k. <\/strong><\/p>\n\n\n\n<p>Bu, \u015eu\u015fan\u0131n Ba\u015f Plan\u0131nda n\u0259z\u0259rd\u0259 tutulur.<\/p>\n\n\n\n<p>Az\u0259rbaycan Prezidentinin \u015eu\u015fa rayonunda x\u00fcsusi n\u00fcmay\u0259nd\u0259si Ayd\u0131n K\u0259rimov:<\/p>\n\n\n\n<p>\u201cBa\u015f plan\u0131n i\u015fl\u0259nm\u0259si zaman\u0131 ilk olaraq \u015f\u0259h\u0259rd\u0259ki k\u00fc\u00e7\u0259-yol infrastrukturunun yarad\u0131lmas\u0131 yer tutacaq. \u015e\u0259h\u0259rd\u0259ki 200-\u0259 q\u0259d\u0259r tarixi abid\u0259nin \u0259ks\u0259riyy\u0259ti b\u0259rpa prosesin\u0259 c\u0259lb olunacaq. \u015e\u0259h\u0259rin m\u0259rk\u0259zind\u0259 \u00fc\u00e7\u00fcn daha s\u0131x, daha aktiv h\u0259yat olacaq, burada 4-5 m\u0259rt\u0259b\u0259li ya\u015fay\u0131\u015f v\u0259 ictimai i\u015fg\u00fczar binalar olacaq.Prezident \u0130lham \u018fliyev t\u0259r\u0259find\u0259n t\u0259m\u0259li qoyulan Yeni m\u0259scid kompleksi tikil\u0259c\u0259k. \u018fsas m\u0259qs\u0259d m\u0259skunla\u015fma\u011fa haz\u0131r olan kimi v\u0259 insanlar qay\u0131danda \u015f\u0259h\u0259ri dayan\u0131ql\u0131 v\u0259 komfortlu \u015f\u0259kild\u0259 t\u0259\u015fkil etm\u0259kdir\u201d.<\/p>\n\n\n\n<p><strong>Leyla H\u0259s\u0259nova<\/strong><\/p>\n\n\n\n<figure class=\"wp-block-image size-large is-resized\"><img loading=\"lazy\" decoding=\"async\" src=\"https:\/\/fedai.az\/wp-content\/uploads\/2021\/08\/234387300_5961844383887004_3076269801186020988_n.jpg\" alt=\"\" class=\"wp-image-44882\" width=\"901\" height=\"676\" srcset=\"https:\/\/fedai.az\/wp-content\/uploads\/2021\/08\/234387300_5961844383887004_3076269801186020988_n.jpg 720w, https:\/\/fedai.az\/wp-content\/uploads\/2021\/08\/234387300_5961844383887004_3076269801186020988_n-300x225.jpg 300w, https:\/\/fedai.az\/wp-content\/uploads\/2021\/08\/234387300_5961844383887004_3076269801186020988_n-150x113.jpg 150w\" sizes=\"auto, (max-width: 901px) 100vw, 901px\" \/><\/figure>\n","protected":false},"excerpt":{"rendered":"<p>\u015eu\u015fada 2040-c\u0131 il\u0259 q\u0259d\u0259r 25 min n\u0259f\u0259r ya\u015faya bil\u0259c\u0259k. Bu, \u015eu\u015fan\u0131n Ba\u015f Plan\u0131nda n\u0259z\u0259rd\u0259 tutulur. Az\u0259rbaycan Prezidentinin \u015eu\u015fa rayonunda x\u00fcsusi n\u00fcmay\u0259nd\u0259si Ayd\u0131n K\u0259rimov: \u201cBa\u015f<\/p>\n","protected":false},"author":2,"featured_media":44883,"comment_status":"closed","ping_status":"closed","sticky":false,"template":"","format":"standard","meta":{"footnotes":""},"categories":[4],"tags":[],"class_list":["post-44881","post","type-post","status-publish","format-standard","has-post-thumbnail","hentry","category-qarabag"],"aioseo_notices":[],"_links":{"self":[{"href":"https:\/\/fedai.az\/index.php?rest_route=\/wp\/v2\/posts\/44881","targetHints":{"allow":["GET"]}}],"collection":[{"href":"https:\/\/fedai.az\/index.php?rest_route=\/wp\/v2\/posts"}],"about":[{"href":"https:\/\/fedai.az\/index.php?rest_route=\/wp\/v2\/types\/post"}],"author":[{"embeddable":true,"href":"https:\/\/fedai.az\/index.php?rest_route=\/wp\/v2\/users\/2"}],"replies":[{"embeddable":true,"href":"https:\/\/fedai.az\/index.php?rest_route=%2Fwp%2Fv2%2Fcomments&post=44881"}],"version-history":[{"count":1,"href":"https:\/\/fedai.az\/index.php?rest_route=\/wp\/v2\/posts\/44881\/revisions"}],"predecessor-version":[{"id":44884,"href":"https:\/\/fedai.az\/index.php?rest_route=\/wp\/v2\/posts\/44881\/revisions\/44884"}],"wp:featuredmedia":[{"embeddable":true,"href":"https:\/\/fedai.az\/index.php?rest_route=\/wp\/v2\/media\/44883"}],"wp:attachment":[{"href":"https:\/\/fedai.az\/index.php?rest_route=%2Fwp%2Fv2%2Fmedia&parent=44881"}],"wp:term":[{"taxonomy":"category","embeddable":true,"href":"https:\/\/fedai.az\/index.php?rest_route=%2Fwp%2Fv2%2Fcategories&post=44881"},{"taxonomy":"post_tag","embeddable":true,"href":"https:\/\/fedai.az\/index.php?rest_route=%2Fwp%2Fv2%2Ftags&post=44881"}],"curies":[{"name":"wp","href":"https:\/\/api.w.org\/{rel}","templated":true}]}}