{"id":44910,"date":"2021-08-09T13:52:08","date_gmt":"2021-08-09T09:52:08","guid":{"rendered":"https:\/\/fedai.az\/?p=44910"},"modified":"2021-08-09T14:23:26","modified_gmt":"2021-08-09T10:23:26","slug":"avmvib-uzvu-3-cu-d%c9%99r%c9%99c%c9%99li-v%c9%99t%c9%99n%c9%99-xidm%c9%99t-ordeniyl%c9%99-t%c9%99ltif-olunub","status":"publish","type":"post","link":"https:\/\/fedai.az\/?p=44910","title":{"rendered":"AVMV\u0130B \u00fczv\u00fc  3-c\u00fc d\u0259r\u0259c\u0259li &#171;V\u0259t\u0259n\u0259 xidm\u0259t\u0259 g\u00f6r\u0259&#187; ordeniyl\u0259 t\u0259ltif olunub"},"content":{"rendered":"\n<p><strong>Az\u0259rbaycan Respublikas\u0131n\u0131n S\u0259f\u0259rb\u0259rlik v\u0259 H\u0259rbi Xidm\u0259t\u0259 \u00c7a\u011f\u0131r\u0131\u015f \u00fczr\u0259 D\u00f6vl\u0259t Xidm\u0259tinin \u0259m\u0259kda\u015f\u0131, Az\u0259rbaycan V\u0259t\u0259n M\u00fcharib\u0259si Veteranlar\u0131 \u0130ctimai Birliyinin (AVMV\u0130B) f\u0259al \u00fczv\u00fc, m\u00fcharib\u0259 veteran\u0131 \u015eaiq Bilman o\u011flu M\u0259mm\u0259dov Az\u0259rbaycan Respublikas\u0131 prezidenti \u0130lham \u018fliyevin s\u0259r\u0259ncam\u0131yla 3-c\u00fc d\u0259r\u0259c\u0259li &#171;V\u0259t\u0259n\u0259 xidm\u0259t\u0259 g\u00f6r\u0259&#187; ordeniyl\u0259 t\u0259ltif olunub.<\/strong><\/p>\n\n\n\n<figure class=\"wp-block-gallery columns-2 is-cropped wp-block-gallery-1 is-layout-flex wp-block-gallery-is-layout-flex\"><ul class=\"blocks-gallery-grid\"><li class=\"blocks-gallery-item\"><figure><img loading=\"lazy\" decoding=\"async\" width=\"540\" height=\"960\" src=\"https:\/\/fedai.az\/wp-content\/uploads\/2021\/08\/234324962_4460639090679148_6486265870146338877_n.jpg\" alt=\"\" data-id=\"44911\" data-link=\"https:\/\/fedai.az\/?attachment_id=44911\" class=\"wp-image-44911\" srcset=\"https:\/\/fedai.az\/wp-content\/uploads\/2021\/08\/234324962_4460639090679148_6486265870146338877_n.jpg 540w, https:\/\/fedai.az\/wp-content\/uploads\/2021\/08\/234324962_4460639090679148_6486265870146338877_n-169x300.jpg 169w, https:\/\/fedai.az\/wp-content\/uploads\/2021\/08\/234324962_4460639090679148_6486265870146338877_n-84x150.jpg 84w\" sizes=\"auto, (max-width: 540px) 100vw, 540px\" \/><\/figure><\/li><li class=\"blocks-gallery-item\"><figure><img loading=\"lazy\" decoding=\"async\" width=\"748\" height=\"1000\" src=\"https:\/\/fedai.az\/wp-content\/uploads\/2021\/08\/234892330_4460639540679103_5286804843526129917_n.jpg\" alt=\"\" data-id=\"44912\" data-full-url=\"https:\/\/fedai.az\/wp-content\/uploads\/2021\/08\/234892330_4460639540679103_5286804843526129917_n.jpg\" data-link=\"https:\/\/fedai.az\/?attachment_id=44912\" class=\"wp-image-44912\" srcset=\"https:\/\/fedai.az\/wp-content\/uploads\/2021\/08\/234892330_4460639540679103_5286804843526129917_n.jpg 748w, https:\/\/fedai.az\/wp-content\/uploads\/2021\/08\/234892330_4460639540679103_5286804843526129917_n-224x300.jpg 224w, https:\/\/fedai.az\/wp-content\/uploads\/2021\/08\/234892330_4460639540679103_5286804843526129917_n-112x150.jpg 112w\" sizes=\"auto, (max-width: 748px) 100vw, 748px\" \/><\/figure><\/li><\/ul><\/figure>\n\n\n\n<p><br>Bu bar\u0259d\u0259 m\u0259lumat\u0131 AVMV\u0130B s\u0259drinin s\u0259lahiyy\u0259tli n\u00fcmay\u0259nd\u0259si Orxan Orucov verib.<\/p>\n\n\n\n<p>\u015eaiq M\u0259mm\u0259dov, h\u0259m I Qaraba\u011f, h\u0259m d\u0259 44 g\u00fcnl\u00fck V\u0259t\u0259n m\u00fcharib\u0259sind\u0259 g\u00f6st\u0259rdiyi xidm\u0259tl\u0259r \u00f6lk\u0259 r\u0259hb\u0259ri t\u0259r\u0259find\u0259n y\u00fcks\u0259k qiym\u0259tl\u0259ndirilib. O, g\u0259ncl\u0259rimizin h\u0259rbi-v\u0259t\u0259np\u0259rv\u0259rlik ruhunda yeti\u015fm\u0259si \u00fc\u00e7\u00fcn ictimai f\u0259aliyy\u0259tin\u0259 g\u00f6r\u0259 AVMV\u0130B-nin t\u0259sis etdiyi Xatir\u0259 medallar\u0131yla t\u0259ltif edilmi\u015fdi.<\/p>\n\n\n\n<p>Az\u0259rbaycan V\u0259t\u0259n M\u00fcharib\u0259si Veteranlar\u0131 \u0130ctimai Birliyinin (AVMV\u0130B) f\u0259al \u00fczv\u00fc olan veteran\u0131m\u0131z \u015eaiq M\u0259mm\u0259dovu t\u0259ltif m\u00fcnasib\u0259tiyl\u0259 AVMV\u0130B R\u0259hb\u0259rliyi ad\u0131ndan t\u0259brik edir v\u0259 g\u0259l\u0259c\u0259k f\u0259aliyy\u0259tind\u0259 u\u011furlar arzulay\u0131r\u0131q.<\/p>\n\n\n\n<p><br><strong>T\u0259brik edirik!<\/strong><\/p>\n\n\n\n<p><strong><br>Elnur S\u0259lim<\/strong><\/p>\n","protected":false},"excerpt":{"rendered":"<p>Az\u0259rbaycan Respublikas\u0131n\u0131n S\u0259f\u0259rb\u0259rlik v\u0259 H\u0259rbi Xidm\u0259t\u0259 \u00c7a\u011f\u0131r\u0131\u015f \u00fczr\u0259 D\u00f6vl\u0259t Xidm\u0259tinin \u0259m\u0259kda\u015f\u0131, Az\u0259rbaycan V\u0259t\u0259n M\u00fcharib\u0259si Veteranlar\u0131 \u0130ctimai Birliyinin (AVMV\u0130B) f\u0259al \u00fczv\u00fc, m\u00fcharib\u0259 veteran\u0131 \u015eaiq Bilman<\/p>\n","protected":false},"author":2,"featured_media":44913,"comment_status":"closed","ping_status":"closed","sticky":false,"template":"","format":"standard","meta":{"footnotes":""},"categories":[5],"tags":[],"class_list":["post-44910","post","type-post","status-publish","format-standard","has-post-thumbnail","hentry","category-veteran"],"aioseo_notices":[],"_links":{"self":[{"href":"https:\/\/fedai.az\/index.php?rest_route=\/wp\/v2\/posts\/44910","targetHints":{"allow":["GET"]}}],"collection":[{"href":"https:\/\/fedai.az\/index.php?rest_route=\/wp\/v2\/posts"}],"about":[{"href":"https:\/\/fedai.az\/index.php?rest_route=\/wp\/v2\/types\/post"}],"author":[{"embeddable":true,"href":"https:\/\/fedai.az\/index.php?rest_route=\/wp\/v2\/users\/2"}],"replies":[{"embeddable":true,"href":"https:\/\/fedai.az\/index.php?rest_route=%2Fwp%2Fv2%2Fcomments&post=44910"}],"version-history":[{"count":2,"href":"https:\/\/fedai.az\/index.php?rest_route=\/wp\/v2\/posts\/44910\/revisions"}],"predecessor-version":[{"id":44921,"href":"https:\/\/fedai.az\/index.php?rest_route=\/wp\/v2\/posts\/44910\/revisions\/44921"}],"wp:featuredmedia":[{"embeddable":true,"href":"https:\/\/fedai.az\/index.php?rest_route=\/wp\/v2\/media\/44913"}],"wp:attachment":[{"href":"https:\/\/fedai.az\/index.php?rest_route=%2Fwp%2Fv2%2Fmedia&parent=44910"}],"wp:term":[{"taxonomy":"category","embeddable":true,"href":"https:\/\/fedai.az\/index.php?rest_route=%2Fwp%2Fv2%2Fcategories&post=44910"},{"taxonomy":"post_tag","embeddable":true,"href":"https:\/\/fedai.az\/index.php?rest_route=%2Fwp%2Fv2%2Ftags&post=44910"}],"curies":[{"name":"wp","href":"https:\/\/api.w.org\/{rel}","templated":true}]}}