{"id":44949,"date":"2021-08-10T01:15:25","date_gmt":"2021-08-09T21:15:25","guid":{"rendered":"https:\/\/fedai.az\/?p=44949"},"modified":"2021-08-10T01:15:29","modified_gmt":"2021-08-09T21:15:29","slug":"lacina-kocub-yasayan-erm%c9%99nil%c9%99r","status":"publish","type":"post","link":"https:\/\/fedai.az\/?p=44949","title":{"rendered":"La\u00e7\u0131na k\u00f6\u00e7\u00fcb ya\u015fayan erm\u0259nil\u0259r"},"content":{"rendered":"\n<p><strong>GADTB-nin M\u0259tbuat M\u0259rk\u0259zin\u0259 daxil olan m\u0259lumata g\u00f6r\u0259, Az\u0259rbaycan\u0131n La\u00e7\u0131n rayonunda \u0259sla erm\u0259ni qalmad\u0131\u011f\u0131 bar\u0259d\u0259 iddialar var. \u018ffsuslar olsun ki, bel\u0259 deyil.<\/strong><\/p>\n\n\n\n<p><strong>Bu s\u00f6zl\u0259ri ara\u015fd\u0131rma\u00e7\u0131 jurnalist El\u00e7in Al\u0131o\u011flu qeyd edib.<\/strong><\/p>\n\n\n\n<p>O bildirib ki, La\u00e7\u0131ndak\u0131 Zabux \u00e7ay\u0131n\u0131n sahilind\u0259, erm\u0259nil\u0259rin indi \u201cAqavno\u201d adland\u0131rd\u0131qlar\u0131 Zabux k\u0259ndind\u0259 284 erm\u0259ni ya\u015fay\u0131r. Onlar\u0131n \u0259ks\u0259riyy\u0259ti n\u0259 Az\u0259rbaycan, n\u0259 d\u0259 Erm\u0259nistan v\u0259t\u0259nda\u015f\u0131d\u0131r:<\/p>\n\n\n\n<p>\u201cBu erm\u0259nil\u0259r Rusiya, Suriya, \u0130raq v\u0259 Livandan k\u00f6\u00e7\u00fcr\u00fcl\u0259r\u0259k La\u00e7\u0131na g\u0259tiril\u0259n, Qaraba\u011fda demoqrafik situasiyan\u0131 s\u00fcni olaraq d\u0259yi\u015fm\u0259k m\u0259qs\u0259dil\u0259 \u0130r\u0259van\u0131n onill\u0259r boyu h\u0259yata ke\u00e7irdiyi \u201cmiqrasiya\u201d prosesind\u0259 g\u0259lmi\u015f \u015f\u0259xsl\u0259rdir.<\/p>\n\n\n\n<p>\u018fvv\u0259ll\u0259r ad\u0131 \u201cXut Zabux\u201d olmu\u015f bu k\u0259ndin yax\u0131nl\u0131\u011f\u0131nda q\u0259diml\u0259rd\u0259 \u201cSus Zabux\u201d adl\u0131 k\u0259nd d\u0259 vard\u0131. Oykonim, y\u0259ni ad\u0131n k\u00fcrd dilind\u0259ki \u201czaboq\u201d s\u00f6z\u00fcnd\u0259n oldu\u011fu iddia olunur. Sonralar qon\u015fuluqdak\u0131 Baharl\u0131 v\u0259 \u015eadmanl\u0131 k\u0259ndl\u0259rin\u0259 d\u0259 \u201cZabux\u201d ad\u0131 verilmi\u015fdi.<\/p>\n\n\n\n<p>Torpaqlar\u0131m\u0131z erm\u0259ni i\u015f\u011fal\u0131nda olan d\u00f6n\u0259md\u0259 Zabuxda PKK terror qrupla\u015fmas\u0131n\u0131n m\u0259nsublar\u0131ndan olan Zeylan \u00d6calan\u0131n ba\u015f\u00e7\u0131l\u0131q etdiyi \u201cK\u00fcrd Konqresi\u201d terror qrupla\u015fmas\u0131 m\u0259sk\u0259n salm\u0131\u015fd\u0131. Erm\u0259nil\u0259rin \u201cAqavno\u201d adland\u0131rd\u0131qlar\u0131 Zabuxla bah\u0259m, A\u015fa\u011f\u0131 Sus k\u0259ndind\u0259 d\u0259 haylar ya\u015fay\u0131r.<\/p>\n\n\n\n<p>Amma Zabuxdan f\u0259rqli olaraq, A\u015fa\u011f\u0131 Susu erm\u0259nil\u0259r dem\u0259k olar ki, tam t\u0259rk edibl\u0259r. K\u0259ndd\u0259 c\u0259mi 3 erm\u0259ni ail\u0259si qal\u0131b ki, onlar\u0131n da ikisi avqustun sonunad\u0259k Erm\u0259nistana, oradan da Rusiyan\u0131n Krasnodar diyar\u0131na yollanmaq niyy\u0259tind\u0259dir.<\/p>\n\n\n\n<p>\u0130r\u0259van hakimiyy\u0259ti v\u0259 Xank\u0259ndid\u0259ki terror\u00e7u rejim La\u00e7\u0131n \u015f\u0259h\u0259ri il\u0259 bah\u0259m, Zabux v\u0259 A\u015fa\u011f\u0131 Sus k\u0259ndl\u0259rin\u0259 Hadrut, F\u00fczuli, Xocav\u0259nd, \u015eu\u015fa v\u0259 K\u0259lb\u0259c\u0259ri t\u0259rk etmi\u015f erm\u0259ni ail\u0259l\u0259rini m\u0259skunla\u015fd\u0131rmaq niyy\u0259tind\u0259dirl\u0259r.<\/p>\n\n\n\n<p>Zabuxun \u201ck\u0259nd icmas\u0131n\u0131n r\u0259hb\u0259ri\u201d Andranik \u00c7avu\u015fyan bel\u0259 deyib\u201d.<\/p>\n\n\n\n<p>E.Al\u0131o\u011flu bildirib ki, La\u00e7\u0131n \u015f\u0259h\u0259rinin \u00f6z\u00fcn\u0259 g\u0259ldikd\u0259, orada c\u0259mi 82 erm\u0259ni qal\u0131b:<\/p>\n\n\n\n<p>\u201cErm\u0259nil\u0259r La\u00e7\u0131n\u0131 b\u00fct\u00fcnl\u00fckl\u0259 t\u0259rk etm\u0259k niyy\u0259tind\u0259dir. \u015e\u0259h\u0259rd\u0259 erm\u0259ni avtomobil kolonlar\u0131n\u0131n h\u0259r\u0259k\u0259tind\u0259 d\u0259 s\u0259ngim\u0259 m\u00fc\u015fahid\u0259 olunur.<\/p>\n\n\n\n<p>Rusiyan\u0131n Qaraba\u011fdak\u0131 s\u00fclhm\u0259raml\u0131 kontingenti d\u0259 La\u00e7\u0131nda h\u0259r hans\u0131 uzunm\u00fcdd\u0259tli m\u00f6vcudluq obyekti, y\u0259ni kazarma, m\u00f6hk\u0259ml\u0259ndirilmi\u015f post v\u0259 s. in\u015fa etm\u0259yibl\u0259r.<\/p>\n\n\n\n<p>Rusiyal\u0131 s\u00fclhm\u0259raml\u0131lar qeyri-r\u0259smi olaraq, adlar\u0131n\u0131n \u00e7\u0259kilm\u0259m\u0259si \u015f\u0259rti il\u0259 dedil\u0259r ki, \u00f6t\u0259n ilin noyabr\u0131n 10-da imzalanm\u0131\u015f \u00fc\u00e7t\u0259r\u0259fli b\u0259yanatda g\u00f6st\u0259rmi\u015f m\u00fcdd\u0259t, y\u0259ni bundan sonra qalan 4,5 il ba\u015fa \u00e7atan kimi Qaraba\u011f\u0131 t\u0259rk ed\u0259c\u0259kl\u0259rin\u0259 \u015f\u00fcbh\u0259 etmirl\u0259r.<\/p>\n\n\n\n<p>S\u00fclhm\u0259raml\u0131lar aras\u0131nda \u00f6zl\u0259ri demi\u015fk\u0259n, \u201c\u00e7amadan \u0259hval\u0131\u201d, y\u0259ni m\u00fcv\u0259qq\u0259tilik h\u00f6km s\u00fcr\u00fcr.<\/p>\n\n\n\n<p>K\u0259lb\u0259c\u0259rd\u0259 m\u0259skunla\u015fma\u011fa ba\u015flayan az\u0259rbaycanl\u0131 fermerl\u0259rin t\u0259s\u0259rr\u00fcfatlar\u0131ndan bu yax\u0131nlarda La\u00e7\u0131nda da olacaq.<\/p>\n\n\n\n<p>\u0130\u015f\u011faldan azad edilmi\u015f La\u00e7\u0131nda b\u0259rpa, rekonstruksiya v\u0259 t\u0259mir i\u015fl\u0259rin\u0259 ba\u015flan\u0131b.<\/p>\n\n\n\n<p>Yeni yollar \u00e7\u0259kilir, i\u015fl\u0259r g\u00f6r\u00fcl\u00fcr\u201d.<\/p>\n","protected":false},"excerpt":{"rendered":"<p>GADTB-nin M\u0259tbuat M\u0259rk\u0259zin\u0259 daxil olan m\u0259lumata g\u00f6r\u0259, Az\u0259rbaycan\u0131n La\u00e7\u0131n rayonunda \u0259sla erm\u0259ni qalmad\u0131\u011f\u0131 bar\u0259d\u0259 iddialar var. \u018ffsuslar olsun ki, bel\u0259 deyil. Bu s\u00f6zl\u0259ri ara\u015fd\u0131rma\u00e7\u0131<\/p>\n","protected":false},"author":2,"featured_media":44950,"comment_status":"closed","ping_status":"closed","sticky":false,"template":"","format":"standard","meta":{"footnotes":""},"categories":[4],"tags":[],"class_list":["post-44949","post","type-post","status-publish","format-standard","has-post-thumbnail","hentry","category-qarabag"],"aioseo_notices":[],"_links":{"self":[{"href":"https:\/\/fedai.az\/index.php?rest_route=\/wp\/v2\/posts\/44949","targetHints":{"allow":["GET"]}}],"collection":[{"href":"https:\/\/fedai.az\/index.php?rest_route=\/wp\/v2\/posts"}],"about":[{"href":"https:\/\/fedai.az\/index.php?rest_route=\/wp\/v2\/types\/post"}],"author":[{"embeddable":true,"href":"https:\/\/fedai.az\/index.php?rest_route=\/wp\/v2\/users\/2"}],"replies":[{"embeddable":true,"href":"https:\/\/fedai.az\/index.php?rest_route=%2Fwp%2Fv2%2Fcomments&post=44949"}],"version-history":[{"count":1,"href":"https:\/\/fedai.az\/index.php?rest_route=\/wp\/v2\/posts\/44949\/revisions"}],"predecessor-version":[{"id":44951,"href":"https:\/\/fedai.az\/index.php?rest_route=\/wp\/v2\/posts\/44949\/revisions\/44951"}],"wp:featuredmedia":[{"embeddable":true,"href":"https:\/\/fedai.az\/index.php?rest_route=\/wp\/v2\/media\/44950"}],"wp:attachment":[{"href":"https:\/\/fedai.az\/index.php?rest_route=%2Fwp%2Fv2%2Fmedia&parent=44949"}],"wp:term":[{"taxonomy":"category","embeddable":true,"href":"https:\/\/fedai.az\/index.php?rest_route=%2Fwp%2Fv2%2Fcategories&post=44949"},{"taxonomy":"post_tag","embeddable":true,"href":"https:\/\/fedai.az\/index.php?rest_route=%2Fwp%2Fv2%2Ftags&post=44949"}],"curies":[{"name":"wp","href":"https:\/\/api.w.org\/{rel}","templated":true}]}}