{"id":44966,"date":"2021-08-10T02:55:38","date_gmt":"2021-08-09T22:55:38","guid":{"rendered":"https:\/\/fedai.az\/?p=44966"},"modified":"2021-08-10T02:55:43","modified_gmt":"2021-08-09T22:55:43","slug":"dag-tulkucunu-susanin-azad-edilm%c9%99si-oldurdu","status":"publish","type":"post","link":"https:\/\/fedai.az\/?p=44966","title":{"rendered":"&#171;Da\u011f t\u00fclk\u00fcc\u00fc&#187;n\u00fc \u015eu\u015fan\u0131n azad edilm\u0259si \u00f6ld\u00fcrd\u00fc"},"content":{"rendered":"\n<p><strong>&#171;Da\u011f t\u00fclk\u00fcs\u00fc&#187; l\u0259q\u0259bli, 1992-ci ild\u0259 \u015eu\u015fan\u0131n i\u015f\u011fal\u0131 \u0259m\u0259liyyat\u0131na r\u0259hb\u0259rlik etmi\u015f general-mayor Arkadi Ter-Tatevosyan C\u0131d\u0131r d\u00fcz\u00fc \u0259v\u0259zin\u0259, 31 mart 2021-ci ild\u0259n Yerevandak\u0131 bu m\u0259zarl\u0131qda \u201cdinc\u0259lir\u201d.<\/strong><\/p>\n\n\n\n<p>Ter-Tadevosyan\u00a0G\u00fcrc\u00fcstan SSR-in\u00a0Tbilisi\u00a0\u015f\u0259h\u0259rind\u0259 anadan olub.\u00a0Tbilisid\u0259\u00a0orta m\u0259kt\u0259bi bitirdikd\u0259n sonra, \u00dcmumqo\u015fun Komandirl\u0259r M\u0259kt\u0259bi v\u0259 Leninqrad H\u0259rbi Akademiyas\u0131n\u0131n Arxeoloji Xidm\u0259tl\u0259r v\u0259 N\u0259qliyyat Akademiyas\u0131n\u0131 bitirib. <\/p>\n\n\n\n<figure class=\"wp-block-gallery columns-2 is-cropped wp-block-gallery-1 is-layout-flex wp-block-gallery-is-layout-flex\"><ul class=\"blocks-gallery-grid\"><li class=\"blocks-gallery-item\"><figure><img loading=\"lazy\" decoding=\"async\" width=\"428\" height=\"586\" src=\"https:\/\/fedai.az\/wp-content\/uploads\/2021\/08\/232933553_2816517291934913_6191698704797022202_n.jpg\" alt=\"\" data-id=\"44967\" data-link=\"https:\/\/fedai.az\/?attachment_id=44967\" class=\"wp-image-44967\" srcset=\"https:\/\/fedai.az\/wp-content\/uploads\/2021\/08\/232933553_2816517291934913_6191698704797022202_n.jpg 428w, https:\/\/fedai.az\/wp-content\/uploads\/2021\/08\/232933553_2816517291934913_6191698704797022202_n-219x300.jpg 219w, https:\/\/fedai.az\/wp-content\/uploads\/2021\/08\/232933553_2816517291934913_6191698704797022202_n-110x150.jpg 110w\" sizes=\"auto, (max-width: 428px) 100vw, 428px\" \/><\/figure><\/li><li class=\"blocks-gallery-item\"><figure><img loading=\"lazy\" decoding=\"async\" width=\"960\" height=\"718\" src=\"https:\/\/fedai.az\/wp-content\/uploads\/2021\/08\/232768570_2816517315268244_7158507983074789954_n.jpg\" alt=\"\" data-id=\"44968\" data-full-url=\"https:\/\/fedai.az\/wp-content\/uploads\/2021\/08\/232768570_2816517315268244_7158507983074789954_n.jpg\" data-link=\"https:\/\/fedai.az\/?attachment_id=44968\" class=\"wp-image-44968\" srcset=\"https:\/\/fedai.az\/wp-content\/uploads\/2021\/08\/232768570_2816517315268244_7158507983074789954_n.jpg 960w, https:\/\/fedai.az\/wp-content\/uploads\/2021\/08\/232768570_2816517315268244_7158507983074789954_n-300x224.jpg 300w, https:\/\/fedai.az\/wp-content\/uploads\/2021\/08\/232768570_2816517315268244_7158507983074789954_n-150x112.jpg 150w, https:\/\/fedai.az\/wp-content\/uploads\/2021\/08\/232768570_2816517315268244_7158507983074789954_n-768x574.jpg 768w\" sizes=\"auto, (max-width: 960px) 100vw, 960px\" \/><\/figure><\/li><\/ul><\/figure>\n\n\n\n<p>TerTadevosyan\u00a0Erm\u0259nistanda\u00a0&#171;\u015eu\u015fa i\u015f\u011fal\u0131n\u0131n lideri&#187; kimi tan\u0131n\u0131r.\u00a0O, erm\u0259ni silahl\u0131 q\u00fcvv\u0259l\u0259rinin formala\u015fmas\u0131nda i\u015ftirak etmi\u015f v\u0259 inki\u015faf etmi\u015f bir qurum kimi ortaya \u00e7\u0131xmadan \u0259vv\u0259l ciddi \u00e7\u0259tinlikl\u0259ri aradan qald\u0131rma\u011fa k\u00f6m\u0259k etmi\u015fdir.\u00a025 may 1992-ci ild\u0259 Qaraba\u011f m\u00fcharib\u0259si zaman\u0131 \u0259ld\u0259 etdiyi u\u011furlar \u00fc\u00e7\u00fcn Ter-Tadevosyana general-mayor r\u00fctb\u0259si verilib. H\u0259m\u00e7inin M\u00fcbariz\u0259 Xa\u00e7\u0131 medal\u0131 il\u0259 t\u0259ltif olunur.<\/p>\n\n\n\n<p>Sonralar veteranlar\u0131 birl\u0259\u015fdir\u0259n t\u0259\u015fkilat\u0131n yaranmas\u0131nda i\u015ftirak edib. 2000-ci ilin may ay\u0131nda Ter-Tadevosyan Yerkrapah veteranlar ittifaq\u0131n\u0131 t\u0259rk etmi\u015f v\u0259 Azadl\u0131q m\u00fcharib\u0259si veteranlar\u0131 ittifaq\u0131n\u0131 qurdu, o h\u0259min ilin iyul ay\u0131nda t\u0259rk etdi, baxmayaraq ki, qo\u015fulmu\u015f \u015f\u0259xsl\u0259r haqq\u0131nda \u015f\u0259xsi naraz\u0131l\u0131qlar\u0131n\u0131 bildirirdi.<\/p>\n\n\n\n<p>Qondarma Da\u011fl\u0131q Qaraba\u011f Respublikas\u0131n\u0131n Prezidenti\u00a0Bako Saakyan\u00a0Ter-Tadevosyan\u0131 2009-cu ild\u0259 \u015eu\u015fan\u0131n i\u015f\u011fal\u0131n\u0131n 17-ci ild\u00f6n\u00fcm\u00fcn\u0259 h\u0259sr olunmu\u015f &#171;Q\u0131z\u0131l Qartal&#187; ordeni v\u0259 &#171;Da\u011fl\u0131q Qaraba\u011f Q\u0259hr\u0259man\u0131&#187; ad\u0131na layiq g\u00f6r\u00fclm\u00fc\u015fd\u00fcr.<\/p>\n\n\n\n<p>Bu qoca k\u00f6p\u0259k 31 mart 2021-ci ild\u0259 81 ya\u015f\u0131nda \u0130r\u0259vanda g\u0259b\u0259rdi.\u00c7ox g\u00fcman ki, Ordumuzun z\u0259f\u0259ri &#171;Da\u011f t\u00fclk\u00fcs\u00fcn\u00fcn&#187; c\u0259h\u0259nn\u0259m yol\u00e7ulu\u011funu tezl\u0259\u015fdirdi. \u00c7\u00fcnki qohumlar\u0131 erm\u0259ni saytlar\u0131na v\u0259 Simonyan\u0131n &#171;Sputnik&#187;in\u0259 \u00f6z a\u00e7\u0131qlamalar\u0131nda bildirmi\u015fdil\u0259r ki, \u0130lham \u018fliyev \u015eu\u015fada bayram tonqal\u0131 yand\u0131randa Arkadi Ter-Tadevosyan ikinci d\u0259f\u0259 infarkt ke\u00e7irdi<\/p>\n\n\n\n<p><strong>Eldar Ta\u011f\u0131yev<\/strong><\/p>\n\n\n\n<p><strong>Ukrayna<\/strong><\/p>\n","protected":false},"excerpt":{"rendered":"<p>&#171;Da\u011f t\u00fclk\u00fcs\u00fc&#187; l\u0259q\u0259bli, 1992-ci ild\u0259 \u015eu\u015fan\u0131n i\u015f\u011fal\u0131 \u0259m\u0259liyyat\u0131na r\u0259hb\u0259rlik etmi\u015f general-mayor Arkadi Ter-Tatevosyan C\u0131d\u0131r d\u00fcz\u00fc \u0259v\u0259zin\u0259, 31 mart 2021-ci ild\u0259n Yerevandak\u0131 bu m\u0259zarl\u0131qda \u201cdinc\u0259lir\u201d.<\/p>\n","protected":false},"author":2,"featured_media":44969,"comment_status":"closed","ping_status":"closed","sticky":false,"template":"","format":"standard","meta":{"footnotes":""},"categories":[4],"tags":[],"class_list":["post-44966","post","type-post","status-publish","format-standard","has-post-thumbnail","hentry","category-qarabag"],"aioseo_notices":[],"_links":{"self":[{"href":"https:\/\/fedai.az\/index.php?rest_route=\/wp\/v2\/posts\/44966","targetHints":{"allow":["GET"]}}],"collection":[{"href":"https:\/\/fedai.az\/index.php?rest_route=\/wp\/v2\/posts"}],"about":[{"href":"https:\/\/fedai.az\/index.php?rest_route=\/wp\/v2\/types\/post"}],"author":[{"embeddable":true,"href":"https:\/\/fedai.az\/index.php?rest_route=\/wp\/v2\/users\/2"}],"replies":[{"embeddable":true,"href":"https:\/\/fedai.az\/index.php?rest_route=%2Fwp%2Fv2%2Fcomments&post=44966"}],"version-history":[{"count":1,"href":"https:\/\/fedai.az\/index.php?rest_route=\/wp\/v2\/posts\/44966\/revisions"}],"predecessor-version":[{"id":44970,"href":"https:\/\/fedai.az\/index.php?rest_route=\/wp\/v2\/posts\/44966\/revisions\/44970"}],"wp:featuredmedia":[{"embeddable":true,"href":"https:\/\/fedai.az\/index.php?rest_route=\/wp\/v2\/media\/44969"}],"wp:attachment":[{"href":"https:\/\/fedai.az\/index.php?rest_route=%2Fwp%2Fv2%2Fmedia&parent=44966"}],"wp:term":[{"taxonomy":"category","embeddable":true,"href":"https:\/\/fedai.az\/index.php?rest_route=%2Fwp%2Fv2%2Fcategories&post=44966"},{"taxonomy":"post_tag","embeddable":true,"href":"https:\/\/fedai.az\/index.php?rest_route=%2Fwp%2Fv2%2Ftags&post=44966"}],"curies":[{"name":"wp","href":"https:\/\/api.w.org\/{rel}","templated":true}]}}