{"id":44971,"date":"2021-08-10T03:24:41","date_gmt":"2021-08-09T23:24:41","guid":{"rendered":"https:\/\/fedai.az\/?p=44971"},"modified":"2021-08-10T11:11:12","modified_gmt":"2021-08-10T07:11:12","slug":"biz%c9%99-yazirlar-hec-kim-kohn%c9%99-doyuscul%c9%99rin-v%c9%99t%c9%99n-ugrunda-c%c9%99kdiyi-%c9%99zab-%c9%99ziyy%c9%99tl%c9%99r%c9%99-kolg%c9%99-sala-bilm%c9%99z","status":"publish","type":"post","link":"https:\/\/fedai.az\/?p=44971","title":{"rendered":"Biz\u0259 yaz\u0131rlar: He\u00e7 kim k\u00f6hn\u0259 d\u00f6y\u00fc\u015f\u00e7\u00fcl\u0259rin, V\u0259t\u0259n u\u011frunda \u00e7\u0259kdiyi \u0259zab-\u0259ziyy\u0259tl\u0259r\u0259 k\u00f6lg\u0259 sala bilm\u0259z"},"content":{"rendered":"\n<p><strong>Ham\u0131n\u0131 salamlay\u0131ram. He\u00e7 kim k\u00f6hn\u0259 d\u00f6y\u00fc\u015f\u00e7\u00fcl\u0259rin, V\u0259t\u0259n u\u011frunda \u00e7\u0259kdiyi \u0259zab-\u0259ziyy\u0259tl\u0259r\u0259 k\u00f6lg\u0259 sala bilm\u0259z v\u0259 bu i\u015f onlar\u0131n \u00e7\u0259kisind\u0259 deyil.<\/strong><\/p>\n\n\n\n<p>Birinciy\u0259-ikinciy\u0259 \u0259lb\u0259t ki, ay\u0131rmazd\u0131m v\u0259t\u0259n o\u011fullar\u0131n\u0131,v\u0259t\u0259n m\u00fcdafiy\u0259\u00e7il\u0259rini. Ancaq bu m\u00fcharib\u0259d\u0259n sonra b\u0259zi a\u011fzl g\u00f6y\u00e7\u0259kl\u0259r ist\u0259yirl\u0259r ki, ayr\u0131se\u00e7kilik salalar, d\u00f6y\u00fc\u015f\u00e7\u00fcl\u0259r aras\u0131na, nifaq salalar. Bu m\u00fcharib\u0259nin d\u00fcn\u0259ni bu g\u00fcn\u00fc yoxdur, sabah\u0131 v\u0259 g\u0259l\u0259c\u0259yi var.<\/p>\n\n\n\n<p>Odur ki, h\u0259qiqi v\u0259t\u0259n o\u011fullar\u0131 birinci, ikinci s\u00f6hb\u0259ti etmirl\u0259r v\u0259 sabah da m\u00fcharib\u0259 olas\u0131 bir vaxtda h\u0259mi\u015f\u0259 v\u0259t\u0259n u\u011frunda \u00f6l\u00fcb, \u00f6ld\u00fcrm\u0259y\u0259 haz\u0131rd\u0131rlar. O vaxtlar d\u00f6y\u00fc\u015fl\u0259rin harda v\u0259 kiml\u0259r t\u0259r\u0259find\u0259n nec\u0259 apar\u0131ld\u0131\u011f\u0131n\u0131 biz \u00e7ox g\u00f6z\u0259l bilirik.<\/p>\n\n\n\n<p>O c\u00fcml\u0259d\u0259n d\u0259 Akif qarda\u015f\u0259m\u0131z\u0131n v\u0259 Beyl\u0259qan batalyonunun nec\u0259 d\u00f6y\u00fc\u015fd\u00fct\u00fcn\u00fc ham\u0131m\u0131z \u00e7ox g\u00f6z\u0259l bilirik. O vaxtlar L\u0259l\u0259t\u0259p\u0259ni, N\u0259rgizt\u0259p\u0259ni, \u015ei\u015fqayan\u0131 v\u0259 \u0259traf y\u00fcks\u0259klikl\u0259ri h\u0259min batalyonlar\u0131n d\u00f6y\u00fc\u015f\u00e7\u00fcl\u0259ri dem\u0259k olar ki, yal\u0131n \u0259ll\u0259 bir ne\u00e7\u0259 d\u0259f\u0259 alm\u0131\u015fd\u0131lar. \u0130ndi he\u00e7 kimin haqq\u0131 deyil ki, Akif kimi komandiri v\u0259 onun tabe\u00e7iliyind\u0259 olmu\u015f d\u00f6y\u00fc\u015f\u00e7\u00fcl\u0259ri senzuradan ke\u00e7irsin.<\/p>\n\n\n\n<figure class=\"wp-block-image size-large\"><img loading=\"lazy\" decoding=\"async\" width=\"960\" height=\"540\" src=\"https:\/\/fedai.az\/wp-content\/uploads\/2021\/08\/234459208_4463396707070053_5679229641797415495_n.jpg\" alt=\"\" class=\"wp-image-44988\" srcset=\"https:\/\/fedai.az\/wp-content\/uploads\/2021\/08\/234459208_4463396707070053_5679229641797415495_n.jpg 960w, https:\/\/fedai.az\/wp-content\/uploads\/2021\/08\/234459208_4463396707070053_5679229641797415495_n-300x169.jpg 300w, https:\/\/fedai.az\/wp-content\/uploads\/2021\/08\/234459208_4463396707070053_5679229641797415495_n-150x84.jpg 150w, https:\/\/fedai.az\/wp-content\/uploads\/2021\/08\/234459208_4463396707070053_5679229641797415495_n-768x432.jpg 768w\" sizes=\"auto, (max-width: 960px) 100vw, 960px\" \/><\/figure>\n\n\n\n<p>Allah c\u0259mi \u015f\u0259hidl\u0259rimiz\u0259 r\u0259hm\u0259t el\u0259sin, qazi v\u0259 veteranlar\u0131m\u0131za allah \u015f\u0259fa v\u0259 can sa\u011fl\u0131\u011f\u0131 versin!<\/p>\n\n\n\n<p>&#171;F\u0259dai&#187; q\u0259zetinin jurnalist hey\u0259tin\u0259 v\u0259 onun redaktoruna Allah uzun \u00f6m\u00fcr, can sa\u011fl\u0131\u011f\u0131 versin. \u00c7\u00fcnki bu 26-27-ild\u0259 ham\u0131 biz d\u00f6y\u00fc\u015f\u00e7\u00fcl\u0259ri h\u0259r k\u0259s unutsa da, yaddan \u00e7\u0131xarsa da, &#171;Veteran-F\u0259dai&#187; q\u0259zetinin redaktoru he\u00e7 vaxt biz d\u00f6y\u00fc\u015f\u00e7\u00fcl\u0259ri yalq\u0131z qoymay\u0131b v\u0259 h\u0259mi\u015f\u0259 biziml\u0259 olub.<\/p>\n\n\n\n<p>Onlar\u0131n hans\u0131 f\u0259dakarl\u0131qla, q\u0259hr\u0259manl\u0131qla v\u0259 hans\u0131 \u00e7\u0259tinlikl\u0259 o q\u0259zeti bu g\u00fcn\u0259 kimi saxlamaqlar\u0131n\u0131n m\u0259n \u015fahidiy\u0259m.<\/p>\n\n\n\n<p>Var olun, Xaqani m\u00fc\u0259llim v\u0259 var olsun sizin yazarlar.<\/p>\n\n\n\n<p>AVMV\u0130B-nin s\u0259drin\u0259 v\u0259 b\u00fct\u00fcn \u0130dar\u0259 Hey\u0259tin\u0259 Allah \u00f6m\u00fcr versin. N\u0259 yax\u015f\u0131 ki, siz vars\u0131z&#8230;<\/p>\n\n\n\n<p>Allah d\u00fcnyas\u0131n d\u0259yi\u015f\u0259nl\u0259r\u0259 r\u0259hm\u0259t el\u0259sin! <\/p>\n\n\n\n<p>Biz d\u00f6y\u00fc\u015f\u00e7\u00fcl\u0259r, h\u0259qiqi d\u00f6y\u00fc\u015f\u00e7\u00fcl\u0259r, h\u0259qiqi v\u0259t\u0259n o\u011fullar\u0131 h\u0259mi\u015f\u0259 sizinl\u0259yik!<\/p>\n\n\n\n<figure class=\"wp-block-image size-large is-resized\"><img loading=\"lazy\" decoding=\"async\" src=\"https:\/\/fedai.az\/wp-content\/uploads\/2021\/08\/80680795_190331318762679_1837671022531182592_n.jpg\" alt=\"\" class=\"wp-image-44972\" width=\"367\" height=\"367\" srcset=\"https:\/\/fedai.az\/wp-content\/uploads\/2021\/08\/80680795_190331318762679_1837671022531182592_n.jpg 582w, https:\/\/fedai.az\/wp-content\/uploads\/2021\/08\/80680795_190331318762679_1837671022531182592_n-300x300.jpg 300w, https:\/\/fedai.az\/wp-content\/uploads\/2021\/08\/80680795_190331318762679_1837671022531182592_n-150x150.jpg 150w, https:\/\/fedai.az\/wp-content\/uploads\/2021\/08\/80680795_190331318762679_1837671022531182592_n-215x215.jpg 215w\" sizes=\"auto, (max-width: 367px) 100vw, 367px\" \/><\/figure>\n\n\n\n<p><strong>Nazim Pa\u015fayev<\/strong><\/p>\n\n\n\n<p><strong><em>M\u00fcharib\u0259 veteran\u0131<\/em><\/strong><\/p>\n","protected":false},"excerpt":{"rendered":"<p>Ham\u0131n\u0131 salamlay\u0131ram. He\u00e7 kim k\u00f6hn\u0259 d\u00f6y\u00fc\u015f\u00e7\u00fcl\u0259rin, V\u0259t\u0259n u\u011frunda \u00e7\u0259kdiyi \u0259zab-\u0259ziyy\u0259tl\u0259r\u0259 k\u00f6lg\u0259 sala bilm\u0259z v\u0259 bu i\u015f onlar\u0131n \u00e7\u0259kisind\u0259 deyil. Birinciy\u0259-ikinciy\u0259 \u0259lb\u0259t ki, ay\u0131rmazd\u0131m v\u0259t\u0259n<\/p>\n","protected":false},"author":2,"featured_media":44973,"comment_status":"closed","ping_status":"closed","sticky":false,"template":"","format":"standard","meta":{"footnotes":""},"categories":[5],"tags":[],"class_list":["post-44971","post","type-post","status-publish","format-standard","has-post-thumbnail","hentry","category-veteran"],"aioseo_notices":[],"_links":{"self":[{"href":"https:\/\/fedai.az\/index.php?rest_route=\/wp\/v2\/posts\/44971","targetHints":{"allow":["GET"]}}],"collection":[{"href":"https:\/\/fedai.az\/index.php?rest_route=\/wp\/v2\/posts"}],"about":[{"href":"https:\/\/fedai.az\/index.php?rest_route=\/wp\/v2\/types\/post"}],"author":[{"embeddable":true,"href":"https:\/\/fedai.az\/index.php?rest_route=\/wp\/v2\/users\/2"}],"replies":[{"embeddable":true,"href":"https:\/\/fedai.az\/index.php?rest_route=%2Fwp%2Fv2%2Fcomments&post=44971"}],"version-history":[{"count":2,"href":"https:\/\/fedai.az\/index.php?rest_route=\/wp\/v2\/posts\/44971\/revisions"}],"predecessor-version":[{"id":44989,"href":"https:\/\/fedai.az\/index.php?rest_route=\/wp\/v2\/posts\/44971\/revisions\/44989"}],"wp:featuredmedia":[{"embeddable":true,"href":"https:\/\/fedai.az\/index.php?rest_route=\/wp\/v2\/media\/44973"}],"wp:attachment":[{"href":"https:\/\/fedai.az\/index.php?rest_route=%2Fwp%2Fv2%2Fmedia&parent=44971"}],"wp:term":[{"taxonomy":"category","embeddable":true,"href":"https:\/\/fedai.az\/index.php?rest_route=%2Fwp%2Fv2%2Fcategories&post=44971"},{"taxonomy":"post_tag","embeddable":true,"href":"https:\/\/fedai.az\/index.php?rest_route=%2Fwp%2Fv2%2Ftags&post=44971"}],"curies":[{"name":"wp","href":"https:\/\/api.w.org\/{rel}","templated":true}]}}