{"id":44978,"date":"2021-08-10T03:55:11","date_gmt":"2021-08-09T23:55:11","guid":{"rendered":"https:\/\/fedai.az\/?p=44978"},"modified":"2021-08-10T03:55:14","modified_gmt":"2021-08-09T23:55:14","slug":"pkk-cocuqlari-h%c9%99bs-olundular","status":"publish","type":"post","link":"https:\/\/fedai.az\/?p=44978","title":{"rendered":"&#171;PKK cocuqlar\u0131&#187; h\u0259bs olundular&#8230;"},"content":{"rendered":"\n<p><span class=\"has-inline-color has-black-color\"><strong>T\u00fcrkiy\u0259d\u0259 terror\u00e7u t\u0259\u015fkilat kimi tan\u0131nan v\u0259 \u00f6lk\u0259 me\u015f\u0259l\u0259rind\u0259 ba\u015f ver\u0259n yan\u011f\u0131nlara g\u00f6r\u0259 m\u0259suliyy\u0259ti \u00f6z \u00fcz\u0259rin\u0259 g\u00f6t\u00fcr\u0259n \u201cAt\u0259\u015fin cocuqlar\u0131\u201d qrupuna \u00fczv olmaqda \u015f\u00fcbh\u0259li bilin\u0259n iki n\u0259f\u0259r \u015f\u0259xs saxlan\u0131l\u0131b.<\/strong><\/span><\/p>\n\n\n\n<p>Bu bar\u0259d\u0259 \u201cHaber Global\u201d m\u0259lumat verib.<\/p>\n\n\n\n<figure class=\"wp-block-image size-large\"><img loading=\"lazy\" decoding=\"async\" width=\"990\" height=\"556\" src=\"https:\/\/fedai.az\/wp-content\/uploads\/2021\/08\/20201102-12-jpgabe094-image.jpg\" alt=\"\" class=\"wp-image-44979\" srcset=\"https:\/\/fedai.az\/wp-content\/uploads\/2021\/08\/20201102-12-jpgabe094-image.jpg 990w, https:\/\/fedai.az\/wp-content\/uploads\/2021\/08\/20201102-12-jpgabe094-image-300x168.jpg 300w, https:\/\/fedai.az\/wp-content\/uploads\/2021\/08\/20201102-12-jpgabe094-image-150x84.jpg 150w, https:\/\/fedai.az\/wp-content\/uploads\/2021\/08\/20201102-12-jpgabe094-image-768x431.jpg 768w\" sizes=\"auto, (max-width: 990px) 100vw, 990px\" \/><\/figure>\n\n\n\n<p>M\u0259lumata \u0259sas\u0259n, D\u0259nizlid\u0259 ke\u00e7iril\u0259n x\u00fcsusi \u0259m\u0259liyyat n\u0259tic\u0259sind\u0259 a\u015fkar edil\u0259n \u015f\u0259xsl\u0259r son g\u00fcnl\u0259rd\u0259\u00a0PKK\u00a0il\u0259 \u0259laq\u0259li sosial media hesablar\u0131ndan yan\u011f\u0131nlarla ba\u011fl\u0131 \u0259kst\u0259bli\u011fat i\u015fi aparmaqda ittiham olunub.<\/p>\n\n\n\n<p>M\u0259hk\u0259m\u0259nin bar\u0259l\u0259rind\u0259 h\u0259bs q\u0259timkan t\u0259dbiri se\u00e7diyi qrup \u00fczvl\u0259ri art\u0131q t\u0259cridxanaya yerl\u0259\u015fdirilib.<\/p>\n","protected":false},"excerpt":{"rendered":"<p>T\u00fcrkiy\u0259d\u0259 terror\u00e7u t\u0259\u015fkilat kimi tan\u0131nan v\u0259 \u00f6lk\u0259 me\u015f\u0259l\u0259rind\u0259 ba\u015f ver\u0259n yan\u011f\u0131nlara g\u00f6r\u0259 m\u0259suliyy\u0259ti \u00f6z \u00fcz\u0259rin\u0259 g\u00f6t\u00fcr\u0259n \u201cAt\u0259\u015fin cocuqlar\u0131\u201d qrupuna \u00fczv olmaqda \u015f\u00fcbh\u0259li bilin\u0259n iki<\/p>\n","protected":false},"author":2,"featured_media":44981,"comment_status":"closed","ping_status":"closed","sticky":false,"template":"","format":"standard","meta":{"footnotes":""},"categories":[3],"tags":[],"class_list":["post-44978","post","type-post","status-publish","format-standard","has-post-thumbnail","hentry","category-gundm"],"aioseo_notices":[],"_links":{"self":[{"href":"https:\/\/fedai.az\/index.php?rest_route=\/wp\/v2\/posts\/44978","targetHints":{"allow":["GET"]}}],"collection":[{"href":"https:\/\/fedai.az\/index.php?rest_route=\/wp\/v2\/posts"}],"about":[{"href":"https:\/\/fedai.az\/index.php?rest_route=\/wp\/v2\/types\/post"}],"author":[{"embeddable":true,"href":"https:\/\/fedai.az\/index.php?rest_route=\/wp\/v2\/users\/2"}],"replies":[{"embeddable":true,"href":"https:\/\/fedai.az\/index.php?rest_route=%2Fwp%2Fv2%2Fcomments&post=44978"}],"version-history":[{"count":1,"href":"https:\/\/fedai.az\/index.php?rest_route=\/wp\/v2\/posts\/44978\/revisions"}],"predecessor-version":[{"id":44982,"href":"https:\/\/fedai.az\/index.php?rest_route=\/wp\/v2\/posts\/44978\/revisions\/44982"}],"wp:featuredmedia":[{"embeddable":true,"href":"https:\/\/fedai.az\/index.php?rest_route=\/wp\/v2\/media\/44981"}],"wp:attachment":[{"href":"https:\/\/fedai.az\/index.php?rest_route=%2Fwp%2Fv2%2Fmedia&parent=44978"}],"wp:term":[{"taxonomy":"category","embeddable":true,"href":"https:\/\/fedai.az\/index.php?rest_route=%2Fwp%2Fv2%2Fcategories&post=44978"},{"taxonomy":"post_tag","embeddable":true,"href":"https:\/\/fedai.az\/index.php?rest_route=%2Fwp%2Fv2%2Ftags&post=44978"}],"curies":[{"name":"wp","href":"https:\/\/api.w.org\/{rel}","templated":true}]}}