{"id":45009,"date":"2021-08-11T00:12:15","date_gmt":"2021-08-10T20:12:15","guid":{"rendered":"https:\/\/fedai.az\/?p=45009"},"modified":"2021-08-11T00:12:19","modified_gmt":"2021-08-10T20:12:19","slug":"ktmt-s%c9%99dri-az%c9%99rbaycan-s%c9%99rh%c9%99din%c9%99-g%c9%99ldi-erm%c9%99nil%c9%99r%c9%99-x%c9%99b%c9%99rdarliq-etdi","status":"publish","type":"post","link":"https:\/\/fedai.az\/?p=45009","title":{"rendered":"KTMT s\u0259dri Az\u0259rbaycan s\u0259rh\u0259din\u0259 g\u0259ldi, erm\u0259nil\u0259r\u0259 x\u0259b\u0259rdarl\u0131q etdi"},"content":{"rendered":"\n<blockquote class=\"wp-block-quote is-layout-flow wp-block-quote-is-layout-flow\"><p><em><strong>MDB \u00f6lk\u0259l\u0259rinin Kollektiv T\u0259hl\u00fck\u0259sizlik M\u00fcqavil\u0259si T\u0259\u015fkilat\u0131n\u0131n (KTMT) ba\u015f katibi, Erm\u0259nistanda i\u015f\u00e7i s\u0259f\u0259rd\u0259 olan Stanislav Zas bu g\u00fcn Erm\u0259nistan\u0131n Vedi rayonundak\u0131 Arazd\u0259y\u0259n (Erasx) k\u0259ndind\u0259ki h\u0259rbi m\u00f6vqel\u0259rd\u0259 olub.<\/strong><\/em><\/p><\/blockquote>\n\n\n\n<p>Onu Erm\u0259nistan Silahl\u0131 Q\u00fcvv\u0259l\u0259rinin Ba\u015f Q\u0259rargah r\u0259isinin m\u00fcavini, general-leytenant Andranik Makaryan m\u00fc\u015fayi\u0259t edib.<\/p>\n\n\n\n<p>Arazd\u0259y\u0259nd\u0259 , Nax\u00e7\u0131van\u0131n S\u0259d\u0259r\u0259k rayonunun Heyd\u0259rabad k\u0259ndi il\u0259 \u00fczb\u0259\u00fcz m\u0259kandak\u0131 m\u00f6vqed\u0259 olark\u0259n o, s\u0259rh\u0259dd\u0259ki situasiya il\u0259 tan\u0131\u015f olub.<\/p>\n\n\n\n<p>S. Zas s\u0259rh\u0259dd\u0259ki dayaq m\u00f6vqesind\u0259 erm\u0259ni h\u0259rb\u00e7il\u0259rl\u0259 s\u00f6hb\u0259t edib.<\/p>\n\n\n\n<p>O, Erm\u0259nistan\u0131n M\u00fcdafi\u0259 Nazirliyini problemi s\u00fclh yollar\u0131 il\u0259 h\u0259ll etm\u0259k istiqam\u0259tind\u0259 daha aktiv \u00e7al\u0131\u015fma\u011fa \u00e7a\u011f\u0131r\u0131b.<\/p>\n\n\n\n<p>Xat\u0131rladaq ki, m\u0259hz Arazd\u0259y\u0259n ya\u015fay\u0131\u015f m\u0259nt\u0259q\u0259sind\u0259 yerl\u0259\u015f\u0259n m\u00f6vqel\u0259rind\u0259n Nax\u00e7\u0131van Muxtar Respublikas\u0131n\u0131n S\u0259d\u0259r\u0259k rayonu Heyd\u0259rabad ya\u015fay\u0131\u015f m\u0259nt\u0259q\u0259si istiqam\u0259tind\u0259 yerl\u0259\u015f\u0259n Az\u0259rbaycan Ordusunun m\u00f6vqel\u0259rini m\u00fcxt\u0259lif \u00e7apl\u0131 silahlardan at\u0259\u015f\u0259 tutulur.<\/p>\n\n\n\n<p>S. Zas \u0130r\u0259vanda olark\u0259n b\u0259yan edib ki, Erm\u0259nistan-Az\u0259rbaycan s\u0259rh\u0259dind\u0259ki insidentl\u0259r KTMT \u00fczv\u00fc olan Erm\u0259nistan\u0131n t\u0259hl\u00fck\u0259sizliyi \u00fc\u00e7\u00fcn t\u0259hdiddir.<\/p>\n\n\n\n<p>&#171;M\u00fct\u0259\u015f\u0259kkil \u015f\u0259kild\u0259, o c\u00fcml\u0259d\u0259n Erm\u0259nistan\u0131n m\u00fcvafiq d\u00f6vl\u0259t strukturlar\u0131n\u0131n k\u00f6m\u0259yi il\u0259 monitorinql\u0259r ke\u00e7iririk. T\u0259bii, hesab edirik ki, s\u0259rh\u0259dd\u0259ki insidentl\u0259r KTMT \u00fczv\u00fc olan Erm\u0259nistanla yana\u015f\u0131, KTMT-nin C\u0259nub m\u0259suliyy\u0259t zonas\u0131 \u00fc\u00e7\u00fcn t\u0259hdiddir. Problemin h\u0259ll yollar\u0131na g\u0259ldikd\u0259 is\u0259, d\u00fc\u015f\u00fcn\u00fcr\u00fck ki, situasiyan\u0131n siyasi yollarla h\u0259ll imkanlar\u0131 t\u00fck\u0259nm\u0259yib. Ger\u00e7\u0259kd\u0259n d\u0259, bu, ham\u0131 \u00fc\u00e7\u00fcn \u0259n yax\u015f\u0131 variant olard\u0131. Ba\u015f ver\u0259nl\u0259r Rusiya, Az\u0259rbaycan v\u0259 Erm\u0259nistan liderl\u0259ri aras\u0131nda \u0259ld\u0259 olunmu\u015f anla\u015fman\u0131n ger\u00e7\u0259kl\u0259\u015fdirilm\u0259sini, regionda s\u00fclh\u00fcn b\u0259rq\u0259rar olmas\u0131n\u0131 \u00e7\u0259tinl\u0259\u015fdirir&#187;, &#8212; S. Zas deyib.<\/p>\n\n\n\n<p>Daha sonra \u0130r\u0259vanda Nikol Pa\u015finyanla g\u00f6r\u00fc\u015f\u0259n S.Zas s\u0259rh\u0259dd\u0259ki olaylardan KTMT-nin narahat oldu\u011funu vur\u011fulay\u0131b. Pa\u015finyla g\u00f6r\u00fc\u015f\u00fcnd\u0259 d\u0259 S. Zas probleml\u0259rin s\u00fclh yolu il\u0259 h\u0259llinin \u00f6n\u0259mli oldu\u011funu vur\u011fulay\u0131b.<\/p>\n\n\n\n<p>Xat\u0131rladaq ki, KTMT-d\u0259 n\u00f6vb\u0259ti s\u0259dr rotasiya qaydas\u0131 il\u0259 Erm\u0259nistan olacaq.<\/p>\n\n\n\n<p>Bel\u0259likl\u0259, \u0130r\u0259vanda Erm\u0259nistan r\u0259hb\u0259rliyin\u0259 faktiki olaraq x\u0259b\u0259rdarl\u0131q ed\u0259n v\u0259 s\u0259rh\u0259dd\u0259ki insidentl\u0259rin \u00f6t\u0259n ilin noyabr\u0131n 10-da imzalanm\u0131\u015f \u00fc\u00e7t\u0259r\u0259fli b\u0259yanat\u0131n m\u00fcdd\u0259alar\u0131n\u0131n ger\u00e7\u0259kl\u0259\u015fdirilm\u0259sin\u0259 mane oldu\u011funu vur\u011fulayan S. Zas h\u0259m d\u0259 Erm\u0259nistan r\u0259hb\u0259rliyinin KTMT-ni proses\u0259 qatmaq niyy\u0259tl\u0259rin\u0259 qar\u015f\u0131 \u00e7\u0131xd\u0131\u011f\u0131n\u0131 a\u015fkar deyib.<\/p>\n\n\n\n<p><strong>Orxan Hun<br>Milli.Az<\/strong><\/p>\n","protected":false},"excerpt":{"rendered":"<p>MDB \u00f6lk\u0259l\u0259rinin Kollektiv T\u0259hl\u00fck\u0259sizlik M\u00fcqavil\u0259si T\u0259\u015fkilat\u0131n\u0131n (KTMT) ba\u015f katibi, Erm\u0259nistanda i\u015f\u00e7i s\u0259f\u0259rd\u0259 olan Stanislav Zas bu g\u00fcn Erm\u0259nistan\u0131n Vedi rayonundak\u0131 Arazd\u0259y\u0259n (Erasx) k\u0259ndind\u0259ki h\u0259rbi<\/p>\n","protected":false},"author":2,"featured_media":45010,"comment_status":"closed","ping_status":"closed","sticky":false,"template":"","format":"standard","meta":{"footnotes":""},"categories":[4],"tags":[],"class_list":["post-45009","post","type-post","status-publish","format-standard","has-post-thumbnail","hentry","category-qarabag"],"aioseo_notices":[],"_links":{"self":[{"href":"https:\/\/fedai.az\/index.php?rest_route=\/wp\/v2\/posts\/45009","targetHints":{"allow":["GET"]}}],"collection":[{"href":"https:\/\/fedai.az\/index.php?rest_route=\/wp\/v2\/posts"}],"about":[{"href":"https:\/\/fedai.az\/index.php?rest_route=\/wp\/v2\/types\/post"}],"author":[{"embeddable":true,"href":"https:\/\/fedai.az\/index.php?rest_route=\/wp\/v2\/users\/2"}],"replies":[{"embeddable":true,"href":"https:\/\/fedai.az\/index.php?rest_route=%2Fwp%2Fv2%2Fcomments&post=45009"}],"version-history":[{"count":1,"href":"https:\/\/fedai.az\/index.php?rest_route=\/wp\/v2\/posts\/45009\/revisions"}],"predecessor-version":[{"id":45011,"href":"https:\/\/fedai.az\/index.php?rest_route=\/wp\/v2\/posts\/45009\/revisions\/45011"}],"wp:featuredmedia":[{"embeddable":true,"href":"https:\/\/fedai.az\/index.php?rest_route=\/wp\/v2\/media\/45010"}],"wp:attachment":[{"href":"https:\/\/fedai.az\/index.php?rest_route=%2Fwp%2Fv2%2Fmedia&parent=45009"}],"wp:term":[{"taxonomy":"category","embeddable":true,"href":"https:\/\/fedai.az\/index.php?rest_route=%2Fwp%2Fv2%2Fcategories&post=45009"},{"taxonomy":"post_tag","embeddable":true,"href":"https:\/\/fedai.az\/index.php?rest_route=%2Fwp%2Fv2%2Ftags&post=45009"}],"curies":[{"name":"wp","href":"https:\/\/api.w.org\/{rel}","templated":true}]}}