{"id":45012,"date":"2021-08-11T00:25:46","date_gmt":"2021-08-10T20:25:46","guid":{"rendered":"https:\/\/fedai.az\/?p=45012"},"modified":"2021-08-11T00:25:46","modified_gmt":"2021-08-10T20:25:46","slug":"erm%c9%99ni-deputatdan-44-gunluk-muharib%c9%99-il%c9%99-bagli-etiraf","status":"publish","type":"post","link":"https:\/\/fedai.az\/?p=45012","title":{"rendered":"Erm\u0259ni deputatdan 44 g\u00fcnl\u00fck m\u00fcharib\u0259 il\u0259 ba\u011fl\u0131 ET\u0130RAF"},"content":{"rendered":"\n<p><strong>&#171;M\u0259n bu informasiyalar\u0131 a\u00e7\u0131qlasam, al\u0259m qar\u0131\u015facaq\u201d.<\/strong><\/p>\n\n\n\n<p>\u201c44 g\u00fcnl\u00fck m\u00fcharib\u0259ni ara\u015fd\u0131rmaq m\u0259qs\u0259di il\u0259 komissiyan\u0131n formala\u015fd\u0131r\u0131lmas\u0131n\u0131 s\u0259brsizlikl\u0259 g\u00f6zl\u0259yir\u0259m. M\u00fcharib\u0259 il\u0259 ba\u011fl\u0131 m\u0259nd\u0259 olan ciddi informasiya bar\u0259d\u0259 tez bir zamanda&nbsp;m\u0259lumat verm\u0259k ist\u0259yir\u0259m&#187;.<\/p>\n\n\n\n<p>\u201c\u00d6lk\u0259.Az\u201d x\u0259b\u0259r verir ki,\u00a0 bunu\u00a0 hakim partiyadan olan deputat Eduard Aqacanyan parlamentd\u0259 b\u0259yan edib.\u00a0<\/p>\n\n\n\n<p><br>O \u0259minlikl\u0259 bildirib\u00a0ki,\u00a0 h\u00fcquq-m\u00fchafiz\u0259 orqanlar\u0131n\u0131n v\u0259 istintaq komissiyas\u0131n\u0131n f\u0259aliyy\u0259tinin\u00a0 yekunu olaraq\u00a0 c\u0259miyy\u0259t\u00a0 ist\u0259r indiki, ist\u0259rs\u0259 d\u0259 \u0259vv\u0259lki hakimiyy\u0259tin f\u0259aliyy\u0259ti il\u0259 ba\u011fl\u0131 suallara cavab tapacaq: \u201cB\u00fct\u00fcn m\u0259s\u0259l\u0259l\u0259r\u0259 siyasi v\u0259 h\u00fcquqi qiym\u0259t veril\u0259c\u0259k\u201d.<\/p>\n","protected":false},"excerpt":{"rendered":"<p>&#171;M\u0259n bu informasiyalar\u0131 a\u00e7\u0131qlasam, al\u0259m qar\u0131\u015facaq\u201d. \u201c44 g\u00fcnl\u00fck m\u00fcharib\u0259ni ara\u015fd\u0131rmaq m\u0259qs\u0259di il\u0259 komissiyan\u0131n formala\u015fd\u0131r\u0131lmas\u0131n\u0131 s\u0259brsizlikl\u0259 g\u00f6zl\u0259yir\u0259m. M\u00fcharib\u0259 il\u0259 ba\u011fl\u0131 m\u0259nd\u0259 olan ciddi informasiya bar\u0259d\u0259<\/p>\n","protected":false},"author":2,"featured_media":45013,"comment_status":"closed","ping_status":"closed","sticky":false,"template":"","format":"standard","meta":{"footnotes":""},"categories":[15],"tags":[],"class_list":["post-45012","post","type-post","status-publish","format-standard","has-post-thumbnail","hentry","category-atmaca"],"aioseo_notices":[],"_links":{"self":[{"href":"https:\/\/fedai.az\/index.php?rest_route=\/wp\/v2\/posts\/45012","targetHints":{"allow":["GET"]}}],"collection":[{"href":"https:\/\/fedai.az\/index.php?rest_route=\/wp\/v2\/posts"}],"about":[{"href":"https:\/\/fedai.az\/index.php?rest_route=\/wp\/v2\/types\/post"}],"author":[{"embeddable":true,"href":"https:\/\/fedai.az\/index.php?rest_route=\/wp\/v2\/users\/2"}],"replies":[{"embeddable":true,"href":"https:\/\/fedai.az\/index.php?rest_route=%2Fwp%2Fv2%2Fcomments&post=45012"}],"version-history":[{"count":1,"href":"https:\/\/fedai.az\/index.php?rest_route=\/wp\/v2\/posts\/45012\/revisions"}],"predecessor-version":[{"id":45014,"href":"https:\/\/fedai.az\/index.php?rest_route=\/wp\/v2\/posts\/45012\/revisions\/45014"}],"wp:featuredmedia":[{"embeddable":true,"href":"https:\/\/fedai.az\/index.php?rest_route=\/wp\/v2\/media\/45013"}],"wp:attachment":[{"href":"https:\/\/fedai.az\/index.php?rest_route=%2Fwp%2Fv2%2Fmedia&parent=45012"}],"wp:term":[{"taxonomy":"category","embeddable":true,"href":"https:\/\/fedai.az\/index.php?rest_route=%2Fwp%2Fv2%2Fcategories&post=45012"},{"taxonomy":"post_tag","embeddable":true,"href":"https:\/\/fedai.az\/index.php?rest_route=%2Fwp%2Fv2%2Ftags&post=45012"}],"curies":[{"name":"wp","href":"https:\/\/api.w.org\/{rel}","templated":true}]}}