{"id":45084,"date":"2021-08-12T01:02:07","date_gmt":"2021-08-11T21:02:07","guid":{"rendered":"https:\/\/fedai.az\/?p=45084"},"modified":"2021-08-12T01:02:08","modified_gmt":"2021-08-11T21:02:08","slug":"az%c9%99rbaycan-xin-irana-etiraz-notasi-verib","status":"publish","type":"post","link":"https:\/\/fedai.az\/?p=45084","title":{"rendered":"Az\u0259rbaycan X\u0130N \u0130rana etiraz notas\u0131 verib"},"content":{"rendered":"\n<p><strong>\u0130ran \u0130slam Respublikas\u0131n\u0131n Az\u0259rbaycandak\u0131 s\u0259firi Xarici \u0130\u015fl\u0259r Nazirliyin\u0259 (X\u0130N) d\u0259v\u0259t olunub.<\/strong><\/p>\n\n\n\n<p>Bu bar\u0259d\u0259 X\u0130N m\u0259lumat yay\u0131b.<\/p>\n\n\n\n<p><strong>G\u00f6r\u00fc\u015fd\u0259 s\u0259firin diqq\u0259ti \u0130ran \u0130slam Respublikas\u0131na m\u0259xsus y\u00fck avtomobill\u0259rinin Qaraba\u011fa qanunsuz s\u0259f\u0259r etm\u0259si il\u0259 ba\u011fl\u0131 a\u015fkar edilmi\u015f arzuolunmaz faktlara c\u0259lb edilib v\u0259 bununla ba\u011fl\u0131 qar\u015f\u0131 t\u0259r\u0259f\u0259 nota t\u0259qdim olunub.<\/strong><\/p>\n\n\n\n<p>Notada son d\u00f6vrl\u0259r dost \u0130ran \u0130slam Respublikas\u0131na m\u0259xsus m\u00fcxt\u0259lif t\u0259yinatl\u0131 avtomobill\u0259rinin davaml\u0131 olaraq r\u0259smi Bak\u0131n\u0131n icaz\u0259si olmadan Az\u0259rbaycan\u0131n Qaraba\u011f b\u00f6lg\u0259sin\u0259 giri\u015f-\u00e7\u0131x\u0131\u015f etm\u0259si il\u0259 ba\u011fl\u0131 naraz\u0131l\u0131q ifad\u0259 olunub: &#171;<strong>Bir m\u00fcdd\u0259t \u00f6nc\u0259 \u0130ran t\u0259r\u0259fin\u0259 \u015fifahi \u015f\u0259kild\u0259 \u00e7atd\u0131r\u0131lm\u0131\u015f naraz\u0131l\u0131\u011f\u0131m\u0131z g\u00f6r\u00fc\u015f zaman\u0131 bir daha \u0130ran s\u0259firinin qar\u015f\u0131s\u0131nda qald\u0131r\u0131l\u0131b&#187;.<\/strong><\/p>\n\n\n\n<p>G\u00f6r\u00fc\u015f zaman\u0131 bu kimi narahatl\u0131q do\u011furan v\u0259 iki \u00f6lk\u0259 aras\u0131nda m\u00f6vcud yax\u0131n dostluq v\u0259 t\u0259r\u0259fda\u015fl\u0131q m\u00fcnasib\u0259tl\u0259rinin ruhuna uy\u011fun g\u0259lm\u0259y\u0259n hallara son qoyulmas\u0131 istiqam\u0259tind\u0259 \u0130ran\u0131n yeni administrasiyas\u0131 t\u0259r\u0259find\u0259n \u0259m\u0259li add\u0131mlar\u0131n at\u0131laca\u011f\u0131 qeyd olunub.<\/p>\n","protected":false},"excerpt":{"rendered":"<p>\u0130ran \u0130slam Respublikas\u0131n\u0131n Az\u0259rbaycandak\u0131 s\u0259firi Xarici \u0130\u015fl\u0259r Nazirliyin\u0259 (X\u0130N) d\u0259v\u0259t olunub. Bu bar\u0259d\u0259 X\u0130N m\u0259lumat yay\u0131b. G\u00f6r\u00fc\u015fd\u0259 s\u0259firin diqq\u0259ti \u0130ran \u0130slam Respublikas\u0131na m\u0259xsus y\u00fck<\/p>\n","protected":false},"author":2,"featured_media":45085,"comment_status":"closed","ping_status":"closed","sticky":false,"template":"","format":"standard","meta":{"footnotes":""},"categories":[1],"tags":[],"class_list":["post-45084","post","type-post","status-publish","format-standard","has-post-thumbnail","hentry","category-siyast"],"aioseo_notices":[],"_links":{"self":[{"href":"https:\/\/fedai.az\/index.php?rest_route=\/wp\/v2\/posts\/45084","targetHints":{"allow":["GET"]}}],"collection":[{"href":"https:\/\/fedai.az\/index.php?rest_route=\/wp\/v2\/posts"}],"about":[{"href":"https:\/\/fedai.az\/index.php?rest_route=\/wp\/v2\/types\/post"}],"author":[{"embeddable":true,"href":"https:\/\/fedai.az\/index.php?rest_route=\/wp\/v2\/users\/2"}],"replies":[{"embeddable":true,"href":"https:\/\/fedai.az\/index.php?rest_route=%2Fwp%2Fv2%2Fcomments&post=45084"}],"version-history":[{"count":1,"href":"https:\/\/fedai.az\/index.php?rest_route=\/wp\/v2\/posts\/45084\/revisions"}],"predecessor-version":[{"id":45086,"href":"https:\/\/fedai.az\/index.php?rest_route=\/wp\/v2\/posts\/45084\/revisions\/45086"}],"wp:featuredmedia":[{"embeddable":true,"href":"https:\/\/fedai.az\/index.php?rest_route=\/wp\/v2\/media\/45085"}],"wp:attachment":[{"href":"https:\/\/fedai.az\/index.php?rest_route=%2Fwp%2Fv2%2Fmedia&parent=45084"}],"wp:term":[{"taxonomy":"category","embeddable":true,"href":"https:\/\/fedai.az\/index.php?rest_route=%2Fwp%2Fv2%2Fcategories&post=45084"},{"taxonomy":"post_tag","embeddable":true,"href":"https:\/\/fedai.az\/index.php?rest_route=%2Fwp%2Fv2%2Ftags&post=45084"}],"curies":[{"name":"wp","href":"https:\/\/api.w.org\/{rel}","templated":true}]}}