{"id":45087,"date":"2021-08-12T01:20:12","date_gmt":"2021-08-11T21:20:12","guid":{"rendered":"https:\/\/fedai.az\/?p=45087"},"modified":"2021-08-12T01:40:03","modified_gmt":"2021-08-11T21:40:03","slug":"the-national-interest-s%c9%99rh%c9%99dd%c9%99-g%c9%99rginlik-erm%c9%99nistan-ucun-t%c9%99hluk%c9%99li-strategiyadir","status":"publish","type":"post","link":"https:\/\/fedai.az\/?p=45087","title":{"rendered":"&#171;The National Interest&#187;: S\u0259rh\u0259dd\u0259 g\u0259rginlik Erm\u0259nistan \u00fc\u00e7\u00fcn t\u0259hl\u00fck\u0259li strategiyad\u0131r"},"content":{"rendered":"\n<p><strong>AB\u015e-\u0131n \u201cThe National Interest\u201d jurnal\u0131nda Baltimor Universitetinin \u0130ctimai v\u0259 Beyn\u0259lxalq M\u00fcnasib\u0259tl\u0259r M\u0259kt\u0259binin icra\u00e7\u0131 direktoru \u0130van Sa\u015fa \u015eixan\u0131n Erm\u0259nistan r\u0259hb\u0259rliyi v\u0259 2020-ci ilin pay\u0131z\u0131nda darmada\u011f\u0131n olan erm\u0259ni silahl\u0131 birl\u0259\u015fm\u0259l\u0259ri t\u0259r\u0259find\u0259n davam etdiril\u0259n t\u0259xribat xarakterli h\u0259r\u0259k\u0259tl\u0259r bar\u0259d\u0259 \u201cS\u0259rh\u0259dd\u0259 g\u0259rginlik Erm\u0259nistan \u00fc\u00e7\u00fcn t\u0259hl\u00fck\u0259li strategiyad\u0131r\u201d s\u0259rl\u00f6vh\u0259li m\u0259qal\u0259si d\u0259rc olunub.<\/strong><\/p>\n\n\n\n<p><strong><a target=\"_blank\" href=\"http:\/\/publika.az\/\" rel=\"noreferrer noopener\">Publika.az<\/a>&nbsp;<\/strong>x\u0259b\u0259r verir ki, m\u0259qal\u0259d\u0259 Erm\u0259nistanla Az\u0259rbaycan aras\u0131nda 44 g\u00fcnl\u00fck m\u00fcharib\u0259y\u0259 son qoyan at\u0259\u015fk\u0259s bar\u0259d\u0259 Birg\u0259 B\u0259yanat\u0131n imzalanmas\u0131ndan c\u0259mi 8 ay sonra iki qon\u015fu d\u00f6vl\u0259tl\u0259r aras\u0131nda m\u00fcnasib\u0259tl\u0259rd\u0259 g\u0259rginliyin yenid\u0259n artd\u0131\u011f\u0131 bildirilib. Qeyd olunub ki, d\u00f6vl\u0259t s\u0259rh\u0259dind\u0259 at\u0259\u015f s\u0259sl\u0259ri davam edir.<\/p>\n\n\n\n<figure class=\"wp-block-image size-large is-resized\"><img loading=\"lazy\" decoding=\"async\" src=\"https:\/\/fedai.az\/wp-content\/uploads\/2021\/08\/16286727114498228096_1000x669.jpg\" alt=\"\" class=\"wp-image-45098\" width=\"911\" height=\"512\" srcset=\"https:\/\/fedai.az\/wp-content\/uploads\/2021\/08\/16286727114498228096_1000x669.jpg 800w, https:\/\/fedai.az\/wp-content\/uploads\/2021\/08\/16286727114498228096_1000x669-300x169.jpg 300w, https:\/\/fedai.az\/wp-content\/uploads\/2021\/08\/16286727114498228096_1000x669-150x84.jpg 150w, https:\/\/fedai.az\/wp-content\/uploads\/2021\/08\/16286727114498228096_1000x669-768x432.jpg 768w\" sizes=\"auto, (max-width: 911px) 100vw, 911px\" \/><\/figure>\n\n\n\n<p>M\u00fc\u0259llif qeyd edir ki, \u00f6t\u0259n ilin iyulunda Erm\u0259nistan\u0131n t\u0259xribat\u00e7\u0131 \u0259m\u0259ll\u0259ri d\u00f6vl\u0259t s\u0259rh\u0259dind\u0259 silahl\u0131 toqqu\u015fmalara g\u0259tirib \u00e7\u0131xard\u0131. N\u0259tic\u0259d\u0259 q\u0131sa m\u00fcdd\u0259t sonra geni\u015fmiqyasl\u0131 m\u00fcharib\u0259 ba\u015flad\u0131. M\u0259hz buna g\u00f6r\u0259 m\u00f6vcud g\u0259rginliyi azaltmaq \u00fc\u00e7\u00fcn yaln\u0131z s\u00fclh\u0259 m\u0259nas\u0131z \u00e7a\u011f\u0131r\u0131\u015flar etm\u0259k kifay\u0259t deyil, bu, d\u00fcnya liderl\u0259ri t\u0259r\u0259find\u0259n t\u0259cili diqq\u0259t t\u0259l\u0259b edir.<\/p>\n\n\n\n<p>Ekspert yaz\u0131r ki, regional g\u0259rginliyin azald\u0131lmas\u0131n\u0131n yegan\u0259 yolu Erm\u0259nistanla Az\u0259rbaycan aras\u0131nda s\u0259rh\u0259dl\u0259rin m\u00fc\u0259yy\u0259nl\u0259\u015fdirilm\u0259sidir. Erm\u0259nistanla Az\u0259rbaycan aras\u0131nda artan qar\u015f\u0131durma demarkasiyan\u0131n Qafqaz b\u00f6lg\u0259si \u00fc\u00e7\u00fcn niy\u0259 bu q\u0259d\u0259r m\u00fch\u00fcm oldu\u011funu g\u00f6st\u0259rir.<\/p>\n\n\n\n<p>M\u00fc\u0259llif vur\u011fulay\u0131r ki, Erm\u0259nistan 30 il \u0259rzind\u0259 i\u015f\u011fal alt\u0131nda saxlad\u0131\u011f\u0131 Qaraba\u011f\u0131n azad edilm\u0259si il\u0259 bar\u0131\u015fmal\u0131 olacaq. Bu, ba\u015f nazir Nikol Pa\u015finyan\u0131n h\u0259r\u0259k\u0259tl\u0259rind\u0259n as\u0131l\u0131d\u0131r. Pa\u015finyan s\u0259l\u0259fl\u0259rind\u0259n daha az mill\u0259t\u00e7i olsa da, liberal deyil. Pa\u015finyan m\u00fcharib\u0259nin yenid\u0259n ba\u015flanmas\u0131n\u0131n Erm\u0259nistan \u00fc\u00e7\u00fcn da\u011f\u0131d\u0131c\u0131 olaca\u011f\u0131n\u0131n f\u0259rqind\u0259dir. \u00c7\u00fcnki Az\u0259rbaycan \u00f6t\u0259nilki m\u00fcharib\u0259d\u0259 \u00f6z h\u0259rbi g\u00fcc\u00fcn\u00fc q\u0259tiyy\u0259tl\u0259 n\u00fcmayi\u015f etdirdi.<\/p>\n\n\n\n<p>Beyn\u0259lxalq s\u0259viyy\u0259d\u0259 tan\u0131nm\u0131\u015f s\u0259rh\u0259d boyunca davam ed\u0259n t\u0259xribatlar\u0131n b\u00f6y\u00fck g\u0259rginliy\u0259 s\u0259b\u0259b oldu\u011funu bildir\u0259n m\u00fc\u0259llif diqq\u0259t\u0259 \u00e7atd\u0131r\u0131r ki, bu, Pa\u015finyana Qaraba\u011f m\u0259s\u0259l\u0259sini g\u00fcnd\u0259md\u0259 saxlama\u011fa, erm\u0259ni xalq\u0131n\u0131 \u00f6z \u0259traf\u0131nda toplayaraq \u00f6lk\u0259 ictimaiyy\u0259tinin diqq\u0259tini daxili probleml\u0259rd\u0259n yay\u0131nd\u0131rma\u011fa k\u00f6m\u0259k edir. Pa\u015finyan bilir ki, q\u0131\u015f yax\u0131nla\u015fd\u0131qca Erm\u0259nistanda COVID-19-un yay\u0131lmas\u0131n\u0131n v\u0259 m\u00fcnaqi\u015f\u0259nin s\u0259b\u0259b oldu\u011fu iqtisadi probleml\u0259r daha \u00e7ox n\u0259z\u0259r\u0259 \u00e7arpacaq. Buna g\u00f6r\u0259 d\u0259 N.Pa\u015finyan diqq\u0259ti yay\u0131nd\u0131rma\u011fa \u00e7al\u0131\u015f\u0131r.<\/p>\n\n\n\n<p>M\u00fc\u0259llif hesab edir ki, indi f\u00fcrs\u0259td\u0259n istifad\u0259 ed\u0259r\u0259k Az\u0259rbaycanla s\u00fclh\u00fc b\u0259rq\u0259rar etm\u0259k vaxt\u0131d\u0131r. Erm\u0259nistan Az\u0259rbaycanla m\u00fcnasib\u0259tl\u0259ri normalla\u015fd\u0131rmaq v\u0259 s\u0259rh\u0259dl\u0259rin demarkasiyas\u0131 siyas\u0259tini y\u00fcr\u00fcts\u0259, bu, onun \u00fc\u00e7\u00fcn faydal\u0131 olacaq.<\/p>\n","protected":false},"excerpt":{"rendered":"<p>AB\u015e-\u0131n \u201cThe National Interest\u201d jurnal\u0131nda Baltimor Universitetinin \u0130ctimai v\u0259 Beyn\u0259lxalq M\u00fcnasib\u0259tl\u0259r M\u0259kt\u0259binin icra\u00e7\u0131 direktoru \u0130van Sa\u015fa \u015eixan\u0131n Erm\u0259nistan r\u0259hb\u0259rliyi v\u0259 2020-ci ilin pay\u0131z\u0131nda darmada\u011f\u0131n<\/p>\n","protected":false},"author":2,"featured_media":45088,"comment_status":"closed","ping_status":"closed","sticky":false,"template":"","format":"standard","meta":{"footnotes":""},"categories":[1],"tags":[],"class_list":["post-45087","post","type-post","status-publish","format-standard","has-post-thumbnail","hentry","category-siyast"],"aioseo_notices":[],"_links":{"self":[{"href":"https:\/\/fedai.az\/index.php?rest_route=\/wp\/v2\/posts\/45087","targetHints":{"allow":["GET"]}}],"collection":[{"href":"https:\/\/fedai.az\/index.php?rest_route=\/wp\/v2\/posts"}],"about":[{"href":"https:\/\/fedai.az\/index.php?rest_route=\/wp\/v2\/types\/post"}],"author":[{"embeddable":true,"href":"https:\/\/fedai.az\/index.php?rest_route=\/wp\/v2\/users\/2"}],"replies":[{"embeddable":true,"href":"https:\/\/fedai.az\/index.php?rest_route=%2Fwp%2Fv2%2Fcomments&post=45087"}],"version-history":[{"count":2,"href":"https:\/\/fedai.az\/index.php?rest_route=\/wp\/v2\/posts\/45087\/revisions"}],"predecessor-version":[{"id":45099,"href":"https:\/\/fedai.az\/index.php?rest_route=\/wp\/v2\/posts\/45087\/revisions\/45099"}],"wp:featuredmedia":[{"embeddable":true,"href":"https:\/\/fedai.az\/index.php?rest_route=\/wp\/v2\/media\/45088"}],"wp:attachment":[{"href":"https:\/\/fedai.az\/index.php?rest_route=%2Fwp%2Fv2%2Fmedia&parent=45087"}],"wp:term":[{"taxonomy":"category","embeddable":true,"href":"https:\/\/fedai.az\/index.php?rest_route=%2Fwp%2Fv2%2Fcategories&post=45087"},{"taxonomy":"post_tag","embeddable":true,"href":"https:\/\/fedai.az\/index.php?rest_route=%2Fwp%2Fv2%2Ftags&post=45087"}],"curies":[{"name":"wp","href":"https:\/\/api.w.org\/{rel}","templated":true}]}}