{"id":45176,"date":"2021-08-13T01:06:42","date_gmt":"2021-08-12T21:06:42","guid":{"rendered":"https:\/\/fedai.az\/?p=45176"},"modified":"2021-08-13T01:06:48","modified_gmt":"2021-08-12T21:06:48","slug":"prezident-s%c9%99r%c9%99f-ordenini-oljas-suleymenova-t%c9%99qdim-etdi","status":"publish","type":"post","link":"https:\/\/fedai.az\/?p=45176","title":{"rendered":"Prezident \u201c\u015e\u0259r\u0259f\u201d ordenini Oljas S\u00fcleymenova t\u0259qdim etdi"},"content":{"rendered":"\n<p><strong>Avqustun 12-d\u0259 Az\u0259rbaycan Prezidenti \u0130lham \u018fliyev g\u00f6rk\u0259mli qazax \u015fairi v\u0259 ictimai xadim Oljas S\u00fcleymenovu q\u0259bul ed\u0259rk\u0259n ona \u201c\u015e\u0259r\u0259f\u201d ordenini t\u0259qdim edib.<\/strong><\/p>\n\n\n\n<p>Prezident \u0130lham \u018fliyev g\u00f6r\u00fc\u015f zaman\u0131 Oljas S\u00fcleymenovun Az\u0259rbaycan\u0131n bir ne\u00e7\u0259 ali m\u00fckafat\u0131 il\u0259 t\u0259ltif olundu\u011funu xat\u0131rlad\u0131b.<\/p>\n\n\n\n<p>D\u00f6vl\u0259t ba\u015f\u00e7\u0131s\u0131 Oljas S\u00fcleymenovun Az\u0259rbaycanla Qazax\u0131stan aras\u0131nda m\u0259d\u0259ni \u0259laq\u0259l\u0259rin inki\u015faf\u0131na verdiyi t\u00f6hf\u0259l\u0259r\u0259 g\u00f6r\u0259 bu ilin may ay\u0131nda \u201c\u015e\u0259r\u0259f\u201d ordeni il\u0259 t\u0259ltif edildiyini bildirib v\u0259 ordeni g\u00f6rk\u0259mli qazax \u015fairin\u0259 t\u0259qdim edib.<\/p>\n","protected":false},"excerpt":{"rendered":"<p>Avqustun 12-d\u0259 Az\u0259rbaycan Prezidenti \u0130lham \u018fliyev g\u00f6rk\u0259mli qazax \u015fairi v\u0259 ictimai xadim Oljas S\u00fcleymenovu q\u0259bul ed\u0259rk\u0259n ona \u201c\u015e\u0259r\u0259f\u201d ordenini t\u0259qdim edib. Prezident \u0130lham \u018fliyev<\/p>\n","protected":false},"author":2,"featured_media":45177,"comment_status":"closed","ping_status":"closed","sticky":false,"template":"","format":"standard","meta":{"footnotes":""},"categories":[3],"tags":[],"class_list":["post-45176","post","type-post","status-publish","format-standard","has-post-thumbnail","hentry","category-gundm"],"aioseo_notices":[],"_links":{"self":[{"href":"https:\/\/fedai.az\/index.php?rest_route=\/wp\/v2\/posts\/45176","targetHints":{"allow":["GET"]}}],"collection":[{"href":"https:\/\/fedai.az\/index.php?rest_route=\/wp\/v2\/posts"}],"about":[{"href":"https:\/\/fedai.az\/index.php?rest_route=\/wp\/v2\/types\/post"}],"author":[{"embeddable":true,"href":"https:\/\/fedai.az\/index.php?rest_route=\/wp\/v2\/users\/2"}],"replies":[{"embeddable":true,"href":"https:\/\/fedai.az\/index.php?rest_route=%2Fwp%2Fv2%2Fcomments&post=45176"}],"version-history":[{"count":1,"href":"https:\/\/fedai.az\/index.php?rest_route=\/wp\/v2\/posts\/45176\/revisions"}],"predecessor-version":[{"id":45178,"href":"https:\/\/fedai.az\/index.php?rest_route=\/wp\/v2\/posts\/45176\/revisions\/45178"}],"wp:featuredmedia":[{"embeddable":true,"href":"https:\/\/fedai.az\/index.php?rest_route=\/wp\/v2\/media\/45177"}],"wp:attachment":[{"href":"https:\/\/fedai.az\/index.php?rest_route=%2Fwp%2Fv2%2Fmedia&parent=45176"}],"wp:term":[{"taxonomy":"category","embeddable":true,"href":"https:\/\/fedai.az\/index.php?rest_route=%2Fwp%2Fv2%2Fcategories&post=45176"},{"taxonomy":"post_tag","embeddable":true,"href":"https:\/\/fedai.az\/index.php?rest_route=%2Fwp%2Fv2%2Ftags&post=45176"}],"curies":[{"name":"wp","href":"https:\/\/api.w.org\/{rel}","templated":true}]}}