{"id":45179,"date":"2021-08-13T01:16:14","date_gmt":"2021-08-12T21:16:14","guid":{"rendered":"https:\/\/fedai.az\/?p=45179"},"modified":"2021-08-13T01:16:23","modified_gmt":"2021-08-12T21:16:23","slug":"rusiya-mn-in-t%c9%99hluk%c9%99li-aciqlamasi-qarabagda-n%c9%99-bas-verir","status":"publish","type":"post","link":"https:\/\/fedai.az\/?p=45179","title":{"rendered":"Rusiya MN-in t\u0259hl\u00fck\u0259li a\u00e7\u0131qlamas\u0131: Qaraba\u011fda n\u0259 ba\u015f verir?"},"content":{"rendered":"\n<p><strong>Rusiya M\u00fcdafi\u0259 Nazirliyinin Qaraba\u011fda ba\u015f ver\u0259nl\u0259rl\u0259 ba\u011fl\u0131 m\u0259lumat\u0131 Az\u0259rbaycan\u0131n \u0259razi b\u00fct\u00f6vl\u00fcy\u00fcn\u0259 qar\u015f\u0131 a\u00e7\u0131q t\u0259xribatd\u0131r.<br><br>\u201cAvqustun 11-d\u0259 Az\u0259rbaycan Silahl\u0131 Q\u00fcvv\u0259l\u0259ri Da\u011fl\u0131q Qaraba\u011f\u0131n silahl\u0131 birl\u0259\u015fm\u0259l\u0259rinin m\u00f6vqel\u0259rin\u0259 z\u0259rb\u0259l\u0259r endirib, x\u0259sar\u0259t alan yoxdur, hadis\u0259 il\u0259 ba\u011fl\u0131 ara\u015fd\u0131rma apar\u0131l\u0131r\u201d, &#8212; m\u0259lumatda deyilir.<\/strong><\/p>\n\n\n\n<p>Bu informasiya iki kontekstd\u0259 diqq\u0259t \u00e7\u0259kir:<\/p>\n\n\n\n<p><strong>Birincisi,<\/strong>&nbsp;Az\u0259rbaycan Ordusu Qaraba\u011fda qanunsuz erm\u0259ni silahl\u0131 qrupla\u015fmalar\u0131n\u0131n m\u00f6hk\u0259ml\u0259nm\u0259sin\u0259 qar\u015f\u0131 h\u0259rbi m\u00fcst\u0259vid\u0259 add\u0131mlar\u0131n\u0131 at\u0131r v\u0259 erm\u0259ni qo\u015funlar\u0131 \u00e7\u0131xar\u0131lmayana q\u0259d\u0259r bu add\u0131mlar davam ed\u0259c\u0259k: Az\u0259rbaycan MN-nin rus s\u00fclhm\u0259raml\u0131lar\u0131na x\u0259b\u0259rdarl\u0131\u011f\u0131, ard\u0131nca Xarici \u0130\u015fl\u0259r Nazirliyinin Erm\u0259nistan X\u0130N-\u0259 cavab\u0131nda qeyd olunan m\u0259qamlar r\u0259smi Bak\u0131n\u0131n 10 noyabr raz\u0131la\u015fmas\u0131n\u0131n 4-c\u00fc b\u0259ndinin icras\u0131nda israr etdiyini t\u0259sdiql\u0259yir;<\/p>\n\n\n\n<p><strong>\u0130kincisi,<\/strong>&nbsp;Rusiya M\u00fcdafi\u0259 Nazirliyi Az\u0259rbaycan suverenliyin\u0259 qar\u015f\u0131 a\u00e7\u0131q t\u0259hdid ir\u0259li s\u00fcr\u00fcr: iyulun 6-da erm\u0259ni terror\u00e7ular\u0131n \u015eu\u015fa istiqam\u0259tind\u0259 at\u0259\u015f a\u00e7mas\u0131 il\u0259 ba\u011fl\u0131 m\u0259lumatda Rusiya MN \u201cErm\u0259nistan v\u0259 Az\u0259rbaycan t\u0259r\u0259fl\u0259ri\u201d qeydi il\u0259 Az\u0259rbaycan s\u0259rh\u0259dl\u0259ri daxilind\u0259 \u0130r\u0259van\u0131 t\u0259r\u0259f kimi g\u00f6st\u0259rirdi, indi is\u0259 bir q\u0259d\u0259r d\u0259 ir\u0259li ged\u0259r\u0259k, \u201cDa\u011fl\u0131q Qaraba\u011f\u0131\u201d, Xank\u0259ndid\u0259ki terror\u00e7u rejimi t\u0259r\u0259f kimi g\u00f6st\u0259rir;<\/p>\n\n\n\n<p>R\u0259smi Moskvadan h\u0259rbi r\u0259hb\u0259rliyinin bu t\u0259xribat\u0131 il\u0259 ba\u011fl\u0131 cavab t\u0259l\u0259b olunmal\u0131d\u0131r.<\/p>\n\n\n\n<p><strong>Asif N\u0259rimanl\u0131<\/strong><\/p>\n\n\n\n<p>M\u0259nb\u0259: Publika.az<\/p>\n","protected":false},"excerpt":{"rendered":"<p>Rusiya M\u00fcdafi\u0259 Nazirliyinin Qaraba\u011fda ba\u015f ver\u0259nl\u0259rl\u0259 ba\u011fl\u0131 m\u0259lumat\u0131 Az\u0259rbaycan\u0131n \u0259razi b\u00fct\u00f6vl\u00fcy\u00fcn\u0259 qar\u015f\u0131 a\u00e7\u0131q t\u0259xribatd\u0131r. \u201cAvqustun 11-d\u0259 Az\u0259rbaycan Silahl\u0131 Q\u00fcvv\u0259l\u0259ri Da\u011fl\u0131q Qaraba\u011f\u0131n silahl\u0131 birl\u0259\u015fm\u0259l\u0259rinin m\u00f6vqel\u0259rin\u0259<\/p>\n","protected":false},"author":2,"featured_media":45180,"comment_status":"closed","ping_status":"closed","sticky":false,"template":"","format":"standard","meta":{"footnotes":""},"categories":[4],"tags":[],"class_list":["post-45179","post","type-post","status-publish","format-standard","has-post-thumbnail","hentry","category-qarabag"],"aioseo_notices":[],"_links":{"self":[{"href":"https:\/\/fedai.az\/index.php?rest_route=\/wp\/v2\/posts\/45179","targetHints":{"allow":["GET"]}}],"collection":[{"href":"https:\/\/fedai.az\/index.php?rest_route=\/wp\/v2\/posts"}],"about":[{"href":"https:\/\/fedai.az\/index.php?rest_route=\/wp\/v2\/types\/post"}],"author":[{"embeddable":true,"href":"https:\/\/fedai.az\/index.php?rest_route=\/wp\/v2\/users\/2"}],"replies":[{"embeddable":true,"href":"https:\/\/fedai.az\/index.php?rest_route=%2Fwp%2Fv2%2Fcomments&post=45179"}],"version-history":[{"count":1,"href":"https:\/\/fedai.az\/index.php?rest_route=\/wp\/v2\/posts\/45179\/revisions"}],"predecessor-version":[{"id":45181,"href":"https:\/\/fedai.az\/index.php?rest_route=\/wp\/v2\/posts\/45179\/revisions\/45181"}],"wp:featuredmedia":[{"embeddable":true,"href":"https:\/\/fedai.az\/index.php?rest_route=\/wp\/v2\/media\/45180"}],"wp:attachment":[{"href":"https:\/\/fedai.az\/index.php?rest_route=%2Fwp%2Fv2%2Fmedia&parent=45179"}],"wp:term":[{"taxonomy":"category","embeddable":true,"href":"https:\/\/fedai.az\/index.php?rest_route=%2Fwp%2Fv2%2Fcategories&post=45179"},{"taxonomy":"post_tag","embeddable":true,"href":"https:\/\/fedai.az\/index.php?rest_route=%2Fwp%2Fv2%2Ftags&post=45179"}],"curies":[{"name":"wp","href":"https:\/\/api.w.org\/{rel}","templated":true}]}}