{"id":45182,"date":"2021-08-13T01:23:05","date_gmt":"2021-08-12T21:23:05","guid":{"rendered":"https:\/\/fedai.az\/?p=45182"},"modified":"2021-08-13T01:25:09","modified_gmt":"2021-08-12T21:25:09","slug":"nurullayevin-%c9%99lillik-meyarlarina-etirazini-veteranlar-r%c9%99gb%c9%99tl%c9%99-qarsilayib","status":"publish","type":"post","link":"https:\/\/fedai.az\/?p=45182","title":{"rendered":"Nurullayevin \u0259lillik meyarlar\u0131na etiraz\u0131n\u0131 veteranlar r\u0259\u011fb\u0259tl\u0259 qar\u015f\u0131lay\u0131b"},"content":{"rendered":"\n<p><strong>Bu yar\u0131tmaz qanunun \u0259leyhin\u0259 s\u0259s ver\u0259n mill\u0259t v\u0259kill\u0259rinin m\u00f6vqel\u0259rini t\u0259qdim ed\u0259c\u0259yik. B\u0259zi deputatlar biziml\u0259 raz\u0131 olduqlar\u0131n\u0131 bildirik ikili m\u00f6vqe ortaya qoydular.<\/strong><\/p>\n\n\n\n<p>Razi Nurullayev &#171;\u018flilliyi olan \u015f\u0259xsl\u0259rin h\u00fcquqlar\u0131 haqq\u0131nda&#187; qanuna t\u0259klif edil\u0259n d\u0259yi\u015fiklikl\u0259r\u0259 m\u00fcnasib\u0259t bildirib.<\/p>\n\n\n\n<p><strong>\u018flilliyin m\u00fc\u0259yy\u0259nl\u0259\u015fdirilm\u0259si il\u0259 ba\u011fl\u0131 qanun layih\u0259si xeyli t\u0259zadl\u0131 m\u00f6vqel\u0259ri ortaya qoydu. Qanun layih\u0259sinin bu sah\u0259d\u0259 formala\u015fan ac\u0131nacaql\u0131 v\u0259ziyy\u0259ti daha da a\u011f\u0131rla\u015fd\u0131raca\u011f\u0131 d\u00fc\u015f\u00fcnc\u0259sind\u0259y\u0259m. Ona g\u00f6r\u0259 d\u0259 \u0259leyhin\u0259 s\u0259s vermi\u015f\u0259m.<\/strong><\/p>\n\n\n\n<p>Sputnik Az\u0259rbaycan x\u0259b\u0259r verir ki, bunu parlamentin bug\u00fcnk\u00fc iclas\u0131nda deputat Razi Nurullayev deyib.<\/p>\n\n\n\n<p>Deputat bildirib ki, bu \u015f\u0259kild\u0259 qanun layih\u0259sinin q\u0259bul edilm\u0259si v\u0259t\u0259nda\u015flara qar\u015f\u0131 at\u0131lan antaqonist bir h\u0259r\u0259k\u0259tdir: &#171;Bununla b\u0259rab\u0259r, d\u0259r\u0259c\u0259l\u0259r aras\u0131nda qoyulan f\u0259rqin 1 faizd\u0259n 5 faiz\u0259 qald\u0131r\u0131lmas\u0131n\u0131 m\u00fcsb\u0259t hal kimi d\u0259y\u0259rl\u0259ndir\u0259m. B\u00fct\u00fcn bu probleml\u0259r\u0259 yol a\u00e7an \u0259n a\u011fr\u0131l\u0131 m\u0259s\u0259l\u0259 is\u0259 Nazirl\u0259r Kabinetinin q\u0259bul etdiyi 2015-ci il 30 dekabr tarixli 413 sayl\u0131 q\u0259rar\u0131d\u0131r. &#171;\u018flilliyin v\u0259 sa\u011flaml\u0131q imkanlar\u0131n\u0131n m\u0259hdudlu\u011funun m\u00fc\u0259yy\u0259n olunmas\u0131 meyarlar\u0131na dair \u018fsasnam\u0259&#187; t\u0259sdiq edilib v\u0259 bir \u00e7ox x\u0259st\u0259likl\u0259r siyah\u0131dan \u00e7\u0131xar\u0131l\u0131b. Bu tip q\u0259rarlar\u0131 Nazirl\u0259r Kabineti t\u0259kba\u015f\u0131na q\u0259bul etm\u0259m\u0259lidir. Bunu Milli M\u0259clis m\u00fczakir\u0259 etm\u0259lidir. \u00dcmumiyy\u0259tl\u0259, insanlar\u0131n taleyini m\u00fc\u0259yy\u0259n ed\u0259n m\u0259s\u0259l\u0259l\u0259rl\u0259 ba\u011fl\u0131 m\u0259s\u0259l\u0259l\u0259r geni\u015f ictimai m\u00fczakir\u0259l\u0259rd\u0259 dinl\u0259nilm\u0259li v\u0259 q\u0259rar\u0131 da parlament verm\u0259lidir. G\u00fcc\u00fcm \u00e7atan m\u0259s\u0259l\u0259 is\u0259 bu qanun layih\u0259sinin \u0259leyhin\u0259 s\u0259s verm\u0259kl\u0259 t\u0259s\u0259lli tapmaqd\u0131r&#187;.<\/p>\n\n\n\n<p>M\u0259nb\u0259: Sputnik Az\u0259rbaycan<\/p>\n\n\n\n<p><strong>P.S. Videonu izl\u0259m\u0259yi unutmay\u0131n:<\/strong><\/p>\n\n\n\n<figure class=\"wp-block-embed is-type-video is-provider-youtube wp-block-embed-youtube wp-embed-aspect-16-9 wp-has-aspect-ratio\"><div class=\"wp-block-embed__wrapper\">\n<iframe loading=\"lazy\" title=\"\u018flilliyin t\u0259yinat\u0131nda 1 faizin yaratd\u0131\u011f\u0131 xariq\u0259 v\u0259 y\u0131xd\u0131\u011f\u0131 evl\u0259r\" width=\"715\" height=\"402\" src=\"https:\/\/www.youtube.com\/embed\/-ez5CDJtu94?feature=oembed\" frameborder=\"0\" allow=\"accelerometer; autoplay; clipboard-write; encrypted-media; gyroscope; picture-in-picture\" allowfullscreen><\/iframe>\n<\/div><\/figure>\n\n\n\n<p><\/p>\n","protected":false},"excerpt":{"rendered":"<p>Bu yar\u0131tmaz qanunun \u0259leyhin\u0259 s\u0259s ver\u0259n mill\u0259t v\u0259kill\u0259rinin m\u00f6vqel\u0259rini t\u0259qdim ed\u0259c\u0259yik. B\u0259zi deputatlar biziml\u0259 raz\u0131 olduqlar\u0131n\u0131 bildirik ikili m\u00f6vqe ortaya qoydular. Razi Nurullayev &#171;\u018flilliyi<\/p>\n","protected":false},"author":2,"featured_media":45183,"comment_status":"closed","ping_status":"closed","sticky":false,"template":"","format":"standard","meta":{"footnotes":""},"categories":[12],"tags":[],"class_list":["post-45182","post","type-post","status-publish","format-standard","has-post-thumbnail","hentry","category-sosial"],"aioseo_notices":[],"_links":{"self":[{"href":"https:\/\/fedai.az\/index.php?rest_route=\/wp\/v2\/posts\/45182","targetHints":{"allow":["GET"]}}],"collection":[{"href":"https:\/\/fedai.az\/index.php?rest_route=\/wp\/v2\/posts"}],"about":[{"href":"https:\/\/fedai.az\/index.php?rest_route=\/wp\/v2\/types\/post"}],"author":[{"embeddable":true,"href":"https:\/\/fedai.az\/index.php?rest_route=\/wp\/v2\/users\/2"}],"replies":[{"embeddable":true,"href":"https:\/\/fedai.az\/index.php?rest_route=%2Fwp%2Fv2%2Fcomments&post=45182"}],"version-history":[{"count":2,"href":"https:\/\/fedai.az\/index.php?rest_route=\/wp\/v2\/posts\/45182\/revisions"}],"predecessor-version":[{"id":45186,"href":"https:\/\/fedai.az\/index.php?rest_route=\/wp\/v2\/posts\/45182\/revisions\/45186"}],"wp:featuredmedia":[{"embeddable":true,"href":"https:\/\/fedai.az\/index.php?rest_route=\/wp\/v2\/media\/45183"}],"wp:attachment":[{"href":"https:\/\/fedai.az\/index.php?rest_route=%2Fwp%2Fv2%2Fmedia&parent=45182"}],"wp:term":[{"taxonomy":"category","embeddable":true,"href":"https:\/\/fedai.az\/index.php?rest_route=%2Fwp%2Fv2%2Fcategories&post=45182"},{"taxonomy":"post_tag","embeddable":true,"href":"https:\/\/fedai.az\/index.php?rest_route=%2Fwp%2Fv2%2Ftags&post=45182"}],"curies":[{"name":"wp","href":"https:\/\/api.w.org\/{rel}","templated":true}]}}