{"id":45230,"date":"2021-08-13T11:46:27","date_gmt":"2021-08-13T07:46:27","guid":{"rendered":"https:\/\/fedai.az\/?p=45230"},"modified":"2021-08-13T11:46:32","modified_gmt":"2021-08-13T07:46:32","slug":"qazil%c9%99r%c9%99-qarsi-qisas-%c9%99m%c9%99liyyati-davam-edir","status":"publish","type":"post","link":"https:\/\/fedai.az\/?p=45230","title":{"rendered":"Qazil\u0259r\u0259 qar\u015f\u0131 &#171;qisas \u0259m\u0259liyyat\u0131&#187; davam edir&#8230;"},"content":{"rendered":"\n<p><strong>Sosial \u015f\u0259b\u0259k\u0259d\u0259 daha bir qaziy\u0259 qar\u015f\u0131 diqq\u0259tsizlik m\u00fczakir\u0259 m\u00f6vzusuna \u00e7evrilib.<\/strong><\/p>\n\n\n\n<p>\u0130kinci Qaraba\u011f m\u00fcharib\u0259si zaman\u0131 \u015eu\u015fan\u0131n azad edilm\u0259sind\u0259 \u0259fsan\u0259l\u0259\u015f\u0259n qazil\u0259rimizd\u0259n olan Kamran El\u015fad o\u011flu H\u0259s\u0259novun a\u015fa\u011f\u0131da g\u00f6rd\u00fcy\u00fcn\u00fcz \u201cevd\u0259\u201d ya\u015fay\u0131r v\u0259 \u00f6d\u0259nm\u0259mi\u015f i\u015f\u0131q borcuna g\u00f6r\u0259 ail\u0259nin i\u015f\u0131\u011f\u0131 k\u0259silib. <\/p>\n\n\n\n<figure class=\"wp-block-image size-large\"><img loading=\"lazy\" decoding=\"async\" width=\"960\" height=\"960\" src=\"https:\/\/fedai.az\/wp-content\/uploads\/2021\/08\/235698539_2933748326868027_5297814584790872161_n.jpg\" alt=\"\" class=\"wp-image-45232\" srcset=\"https:\/\/fedai.az\/wp-content\/uploads\/2021\/08\/235698539_2933748326868027_5297814584790872161_n.jpg 960w, https:\/\/fedai.az\/wp-content\/uploads\/2021\/08\/235698539_2933748326868027_5297814584790872161_n-300x300.jpg 300w, https:\/\/fedai.az\/wp-content\/uploads\/2021\/08\/235698539_2933748326868027_5297814584790872161_n-150x150.jpg 150w, https:\/\/fedai.az\/wp-content\/uploads\/2021\/08\/235698539_2933748326868027_5297814584790872161_n-768x768.jpg 768w, https:\/\/fedai.az\/wp-content\/uploads\/2021\/08\/235698539_2933748326868027_5297814584790872161_n-215x215.jpg 215w\" sizes=\"auto, (max-width: 960px) 100vw, 960px\" \/><\/figure>\n\n\n\n<p>D\u00f6y\u00fc\u015fd\u0259 bir g\u00f6z\u00fcn\u00fc itir\u0259n qazi Kamran H\u0259s\u0259nov m\u00fcharib\u0259d\u0259 g\u00f6st\u0259rdiyi xidm\u0259t\u0259 v\u0259 c\u0259surlu\u011fundan dolay\u0131 4 medalla t\u0259ltif olunub.<\/p>\n\n\n\n<p>\u0130ndi siz deyin 1 g\u00f6z\u00fc olmayan bir insan qaranl\u0131q daxmada nec\u0259 h\u0259r\u0259k\u0259t ed\u0259c\u0259k, ehtiyaclar\u0131n \u00f6d\u0259y\u0259c\u0259k?! <\/p>\n\n\n\n<p>Budurmu qazil\u0259r\u0259 d\u00f6vl\u0259t qay\u011f\u0131s\u0131?!<\/p>\n\n\n\n<p>M\u0259nb\u0259: <a href=\"https:\/\/www.facebook.com\/AzerbaijansvoiceinEurope\/?__cft__[0]=AZWPJSe4AnI6cWFUaL84Xh6sSrSbSXFBhMC-w-FKA6wCHV-YjIiCQamefqB0jKsr_g4B8zs6rZNHgx9aOGrPA3Kb_iO8_Chu6z7TGVinsdkjd7jh15q48sysyH0zAkWc_qddJnICUa_fiX3jL6VbeaVg3u5Vs_9tdYlxSUCcKH58_V6-J1C-vrGttZPPSNCrjRDsiMJcsajioIrkO1SlxKY3rJjTii8JTyvPUkxzJZh1ToDXh8LKN9Z4KKPrqAMAirXd65wn7dvx2cnADEG0hQe-&amp;__tn__=-UC%2CP-y-R\"><strong>Azerbaijan&#8217;s voice in Europe<\/strong><\/a><\/p>\n\n\n\n<p><strong>P.S. Bu \u015f\u0259r\u0259fsizliy\u0259 \u0259l atan v\u0259 qazil\u0259rimiz\u0259 qar\u015f\u0131 erm\u0259ni planlar\u0131na al\u0259t olanlara birc\u0259 s\u00f6z\u00fcm\u00fcz var: G\u0259lin birc\u0259 g\u00f6z\u00fcn\u00fcz\u00fc \u00e7\u0131xaraq, n\u0259 \u0259lillik, n\u0259 imtiyaz, n\u0259 m\u0259nzil, n\u0259 d\u0259 t\u0259qa\u00fcd v\u0259 s. ist\u0259mirik. El\u0259 bu add\u0131m\u0131 qanunil\u0259\u015fdirin&#8230;<\/strong><\/p>\n","protected":false},"excerpt":{"rendered":"<p>Sosial \u015f\u0259b\u0259k\u0259d\u0259 daha bir qaziy\u0259 qar\u015f\u0131 diqq\u0259tsizlik m\u00fczakir\u0259 m\u00f6vzusuna \u00e7evrilib. \u0130kinci Qaraba\u011f m\u00fcharib\u0259si zaman\u0131 \u015eu\u015fan\u0131n azad edilm\u0259sind\u0259 \u0259fsan\u0259l\u0259\u015f\u0259n qazil\u0259rimizd\u0259n olan Kamran El\u015fad o\u011flu H\u0259s\u0259novun<\/p>\n","protected":false},"author":2,"featured_media":45231,"comment_status":"closed","ping_status":"closed","sticky":false,"template":"","format":"standard","meta":{"footnotes":""},"categories":[5],"tags":[],"class_list":["post-45230","post","type-post","status-publish","format-standard","has-post-thumbnail","hentry","category-veteran"],"aioseo_notices":[],"_links":{"self":[{"href":"https:\/\/fedai.az\/index.php?rest_route=\/wp\/v2\/posts\/45230","targetHints":{"allow":["GET"]}}],"collection":[{"href":"https:\/\/fedai.az\/index.php?rest_route=\/wp\/v2\/posts"}],"about":[{"href":"https:\/\/fedai.az\/index.php?rest_route=\/wp\/v2\/types\/post"}],"author":[{"embeddable":true,"href":"https:\/\/fedai.az\/index.php?rest_route=\/wp\/v2\/users\/2"}],"replies":[{"embeddable":true,"href":"https:\/\/fedai.az\/index.php?rest_route=%2Fwp%2Fv2%2Fcomments&post=45230"}],"version-history":[{"count":1,"href":"https:\/\/fedai.az\/index.php?rest_route=\/wp\/v2\/posts\/45230\/revisions"}],"predecessor-version":[{"id":45233,"href":"https:\/\/fedai.az\/index.php?rest_route=\/wp\/v2\/posts\/45230\/revisions\/45233"}],"wp:featuredmedia":[{"embeddable":true,"href":"https:\/\/fedai.az\/index.php?rest_route=\/wp\/v2\/media\/45231"}],"wp:attachment":[{"href":"https:\/\/fedai.az\/index.php?rest_route=%2Fwp%2Fv2%2Fmedia&parent=45230"}],"wp:term":[{"taxonomy":"category","embeddable":true,"href":"https:\/\/fedai.az\/index.php?rest_route=%2Fwp%2Fv2%2Fcategories&post=45230"},{"taxonomy":"post_tag","embeddable":true,"href":"https:\/\/fedai.az\/index.php?rest_route=%2Fwp%2Fv2%2Ftags&post=45230"}],"curies":[{"name":"wp","href":"https:\/\/api.w.org\/{rel}","templated":true}]}}