{"id":45234,"date":"2021-08-13T12:02:55","date_gmt":"2021-08-13T08:02:55","guid":{"rendered":"https:\/\/fedai.az\/?p=45234"},"modified":"2021-08-13T13:03:54","modified_gmt":"2021-08-13T09:03:54","slug":"atan-kazaklarmi-yoxsa-erm%c9%99nil%c9%99rmi","status":"publish","type":"post","link":"https:\/\/fedai.az\/?p=45234","title":{"rendered":"Atan &#171;kazaklarm\u0131&#187;, yoxsa erm\u0259nil\u0259rmi?"},"content":{"rendered":"\n<p><strong>Ba\u015flar\u0131 tut ara\u011f\u0131na, yalan\u00e7\u0131 t\u0259lim v\u0259 dul qalm\u0131\u015f ax\u00e7il\u0259r\u0259 qar\u0131\u015fan rus i\u015f\u011fal\u00e7\u0131 g\u00fccl\u0259rin\u0259 yol g\u00f6r\u00fcnm\u0259kd\u0259dir&#8230;<\/strong><\/p>\n\n\n\n<p><strong>Erm\u0259nistan silahl\u0131 q\u00fcvv\u0259l\u0259rinin b\u00f6lm\u0259l\u0259ri avqustun 12-si saat 21:26-da Gorus rayonunun X\u0259zin\u0259var ya\u015fay\u0131\u015f m\u0259nt\u0259q\u0259sind\u0259 yerl\u0259\u015f\u0259n m\u00f6vqel\u0259rind\u0259n La\u00e7\u0131n rayonunun Qar\u0131q\u0131\u015flaq ya\u015fay\u0131\u015f m\u0259nt\u0259q\u0259si istiqam\u0259tind\u0259 yerl\u0259\u015f\u0259n Az\u0259rbaycan Ordusunun m\u00f6vqel\u0259rini at\u0131c\u0131 silahlardan at\u0259\u015f\u0259 tutub.<\/strong><\/p>\n\n\n\n<p>M\u00fcdafi\u0259 Nazirliyind\u0259n veril\u0259n m\u0259lumata g\u00f6r\u0259, qvqustun 13-\u00fc saat 02:30-dan etibar\u0259n is\u0259 Az\u0259rbaycan Ordusunun F\u00fczuli rayonunun Yuxar\u0131 Veys\u0259lli, Xocal\u0131 rayonunun S\u0131\u011fnaq ya\u015fay\u0131\u015f m\u0259nt\u0259q\u0259l\u0259ri v\u0259 \u015eu\u015fa \u015f\u0259h\u0259ri \u0259traf\u0131ndak\u0131 m\u00f6vqel\u0259ri at\u0131c\u0131 silahlardan at\u0259\u015f\u0259 tutulub. Bu istiqam\u0259tl\u0259r\u0259 at\u0259\u015f, Rusiya s\u00fclhm\u0259raml\u0131lar\u0131n\u0131n m\u00fcv\u0259qq\u0259ti yerl\u0259\u015fdirildiyi Az\u0259rbaycan \u0259razisind\u0259ki qanunsuz erm\u0259ni silahl\u0131 d\u0259st\u0259l\u0259ri t\u0259r\u0259find\u0259n a\u00e7\u0131l\u0131b.<\/p>\n\n\n\n<p>Az\u0259rbaycan Ordusunun \u015f\u0259xsi hey\u0259ti aras\u0131nda h\u0259lak olan v\u0259 yaralanan yoxdur.<\/p>\n\n\n\n<p>\u018fm\u0259liyyat \u015f\u0259raiti b\u00f6lm\u0259l\u0259rimizin n\u0259zar\u0259ti alt\u0131ndad\u0131r.<\/p>\n\n\n\n<figure class=\"wp-block-image size-large is-resized\"><img loading=\"lazy\" decoding=\"async\" src=\"https:\/\/fedai.az\/wp-content\/uploads\/2021\/08\/\u0411\u0435\u0437-\u043d\u0430\u0437\u0432\u0430\u043d\u0438\u044f-3.jpg\" alt=\"\" class=\"wp-image-45238\" width=\"908\" height=\"508\" srcset=\"https:\/\/fedai.az\/wp-content\/uploads\/2021\/08\/\u0411\u0435\u0437-\u043d\u0430\u0437\u0432\u0430\u043d\u0438\u044f-3.jpg 300w, https:\/\/fedai.az\/wp-content\/uploads\/2021\/08\/\u0411\u0435\u0437-\u043d\u0430\u0437\u0432\u0430\u043d\u0438\u044f-3-150x84.jpg 150w\" sizes=\"auto, (max-width: 908px) 100vw, 908px\" \/><\/figure>\n\n\n\n<p><strong>\u00d6z\u00fcn\u00fc &#171;s\u00fclhm\u0259raml\u0131&#187; ad\u0131 alt\u0131nda \u00f6lk\u0259miz\u0259 soxmu\u015f Rusiya r\u0259smi olaraq separat\u00e7\u0131 rejimi tan\u0131d\u0131\u011f\u0131n\u0131 v\u0259 d\u0259st\u0259kl\u0259diyini ictima\u0259t\u0259 b\u0259yan etdi.<\/strong><\/p>\n\n\n\n<p>Rusiya i\u015f\u011fal\u00e7\u0131 g\u00fccl\u0259ri is\u0259 Az\u0259rbaycan\u0131 at\u0259\u015fk\u0259si pozmaqda ittiham etdi.<\/p>\n\n\n\n<p>Rus i\u015f\u011fal\u00e7\u0131lar\u0131n\u0131n a\u00e7\u0131qlamas\u0131nda deyilir: \u201cAvqustun 11-d\u0259 Az\u0259rbaycan Silahl\u0131 Q\u00fcvv\u0259l\u0259ri &#171;Da\u011fl\u0131q Qaraba\u011f&#187; silahl\u0131 birl\u0259\u015fm\u0259l\u0259rinin m\u00f6vqel\u0259rin\u0259 z\u0259rb\u0259l\u0259r endirib, x\u0259sar\u0259t alan yoxdur, hadis\u0259 il\u0259 ba\u011fl\u0131 ara\u015fd\u0131rma apar\u0131l\u0131r\u201d, &#8212; m\u0259lumatda deyilir.<\/p>\n\n\n\n<p><strong>Art\u0131q bu rus ay\u0131s\u0131ndan sazi\u015fin b\u0259ndl\u0259rin\u0259 \u0259m\u0259l etm\u0259yi t\u0259l\u0259b etm\u0259yin zaman\u0131 g\u0259ldi. \u0130sti hava, dozal\u0131 tut ara\u011f\u0131 v\u0259 dul qalm\u0131\u015f haykanu\u015flar ruslar\u0131 \u00e7a\u015fd\u0131r\u0131b&#8230;<\/strong><\/p>\n","protected":false},"excerpt":{"rendered":"<p>Ba\u015flar\u0131 tut ara\u011f\u0131na, yalan\u00e7\u0131 t\u0259lim v\u0259 dul qalm\u0131\u015f ax\u00e7il\u0259r\u0259 qar\u0131\u015fan rus i\u015f\u011fal\u00e7\u0131 g\u00fccl\u0259rin\u0259 yol g\u00f6r\u00fcnm\u0259kd\u0259dir&#8230; Erm\u0259nistan silahl\u0131 q\u00fcvv\u0259l\u0259rinin b\u00f6lm\u0259l\u0259ri avqustun 12-si saat 21:26-da Gorus<\/p>\n","protected":false},"author":2,"featured_media":45235,"comment_status":"closed","ping_status":"closed","sticky":false,"template":"","format":"standard","meta":{"footnotes":""},"categories":[4],"tags":[],"class_list":["post-45234","post","type-post","status-publish","format-standard","has-post-thumbnail","hentry","category-qarabag"],"aioseo_notices":[],"_links":{"self":[{"href":"https:\/\/fedai.az\/index.php?rest_route=\/wp\/v2\/posts\/45234","targetHints":{"allow":["GET"]}}],"collection":[{"href":"https:\/\/fedai.az\/index.php?rest_route=\/wp\/v2\/posts"}],"about":[{"href":"https:\/\/fedai.az\/index.php?rest_route=\/wp\/v2\/types\/post"}],"author":[{"embeddable":true,"href":"https:\/\/fedai.az\/index.php?rest_route=\/wp\/v2\/users\/2"}],"replies":[{"embeddable":true,"href":"https:\/\/fedai.az\/index.php?rest_route=%2Fwp%2Fv2%2Fcomments&post=45234"}],"version-history":[{"count":3,"href":"https:\/\/fedai.az\/index.php?rest_route=\/wp\/v2\/posts\/45234\/revisions"}],"predecessor-version":[{"id":45239,"href":"https:\/\/fedai.az\/index.php?rest_route=\/wp\/v2\/posts\/45234\/revisions\/45239"}],"wp:featuredmedia":[{"embeddable":true,"href":"https:\/\/fedai.az\/index.php?rest_route=\/wp\/v2\/media\/45235"}],"wp:attachment":[{"href":"https:\/\/fedai.az\/index.php?rest_route=%2Fwp%2Fv2%2Fmedia&parent=45234"}],"wp:term":[{"taxonomy":"category","embeddable":true,"href":"https:\/\/fedai.az\/index.php?rest_route=%2Fwp%2Fv2%2Fcategories&post=45234"},{"taxonomy":"post_tag","embeddable":true,"href":"https:\/\/fedai.az\/index.php?rest_route=%2Fwp%2Fv2%2Ftags&post=45234"}],"curies":[{"name":"wp","href":"https:\/\/api.w.org\/{rel}","templated":true}]}}