{"id":45240,"date":"2021-08-14T02:36:02","date_gmt":"2021-08-13T22:36:02","guid":{"rendered":"https:\/\/fedai.az\/?p=45240"},"modified":"2021-08-14T02:36:08","modified_gmt":"2021-08-13T22:36:08","slug":"2021-ci-ilin-doyus-hazirligi-planina-uygun-tank-bolm%c9%99l%c9%99rinin-intensiv-doyus-hazirligi-yoxlanilir","status":"publish","type":"post","link":"https:\/\/fedai.az\/?p=45240","title":{"rendered":"2021-ci ilin d\u00f6y\u00fc\u015f haz\u0131rl\u0131\u011f\u0131 plan\u0131na uy\u011fun tank b\u00f6lm\u0259l\u0259rinin intensiv d\u00f6y\u00fc\u015f haz\u0131rl\u0131\u011f\u0131 yoxlan\u0131l\u0131r"},"content":{"rendered":"\n<p><strong>2021-ci ilin d\u00f6y\u00fc\u015f haz\u0131rl\u0131\u011f\u0131 plan\u0131na uy\u011fun olaraq Az\u0259rbaycan Ordusunun tank b\u00f6lm\u0259l\u0259rinin intensiv d\u00f6y\u00fc\u015f haz\u0131rl\u0131\u011f\u0131 m\u0259\u015f\u011f\u0259l\u0259l\u0259ri ke\u00e7irilir.<\/strong><\/p>\n\n\n\n<p>Bu bar\u0259d\u0259 M\u00fcdafi\u0259 Nazirliyind\u0259n m\u0259lumat verilib.<\/p>\n\n\n\n<p>M\u0259\u015f\u011f\u0259l\u0259l\u0259r zaman\u0131 n\u0259z\u0259ri bilikl\u0259rini t\u0259kmill\u0259\u015fdir\u0259n tank hey\u0259tl\u0259ri t\u0259hl\u00fck\u0259sizlik qaydalar\u0131n\u0131 \u00f6yr\u0259nir.<\/p>\n\n\n\n<p>Sonra h\u0259rbi qulluq\u00e7ular d\u00f6y\u00fc\u015f ma\u015f\u0131nlar\u0131n\u0131n idar\u0259 olunmas\u0131 v\u0259rdi\u015fl\u0259rinin t\u0259kmill\u0259\u015fdirilm\u0259si \u00fczr\u0259 m\u0259\u015f\u011f\u0259l\u0259l\u0259r\u0259 ba\u015flay\u0131r v\u0259 praktiki at\u0131\u015flar icra edir.<\/p>\n\n\n\n<figure class=\"wp-block-embed is-type-video is-provider-youtube wp-block-embed-youtube wp-embed-aspect-16-9 wp-has-aspect-ratio\"><div class=\"wp-block-embed__wrapper\">\n<iframe loading=\"lazy\" title=\"Tank b\u00f6lm\u0259l\u0259ri intensiv d\u00f6y\u00fc\u015f haz\u0131rl\u0131\u011f\u0131 m\u0259\u015f\u011f\u0259l\u0259l\u0259rin\u0259 ba\u015flay\u0131b\" width=\"715\" height=\"402\" src=\"https:\/\/www.youtube.com\/embed\/88cIF42Z1-k?feature=oembed\" frameborder=\"0\" allow=\"accelerometer; autoplay; clipboard-write; encrypted-media; gyroscope; picture-in-picture\" allowfullscreen><\/iframe>\n<\/div><\/figure>\n","protected":false},"excerpt":{"rendered":"<p>2021-ci ilin d\u00f6y\u00fc\u015f haz\u0131rl\u0131\u011f\u0131 plan\u0131na uy\u011fun olaraq Az\u0259rbaycan Ordusunun tank b\u00f6lm\u0259l\u0259rinin intensiv d\u00f6y\u00fc\u015f haz\u0131rl\u0131\u011f\u0131 m\u0259\u015f\u011f\u0259l\u0259l\u0259ri ke\u00e7irilir. Bu bar\u0259d\u0259 M\u00fcdafi\u0259 Nazirliyind\u0259n m\u0259lumat verilib. M\u0259\u015f\u011f\u0259l\u0259l\u0259r zaman\u0131<\/p>\n","protected":false},"author":2,"featured_media":45241,"comment_status":"closed","ping_status":"closed","sticky":false,"template":"","format":"standard","meta":{"footnotes":""},"categories":[3],"tags":[],"class_list":["post-45240","post","type-post","status-publish","format-standard","has-post-thumbnail","hentry","category-gundm"],"aioseo_notices":[],"_links":{"self":[{"href":"https:\/\/fedai.az\/index.php?rest_route=\/wp\/v2\/posts\/45240","targetHints":{"allow":["GET"]}}],"collection":[{"href":"https:\/\/fedai.az\/index.php?rest_route=\/wp\/v2\/posts"}],"about":[{"href":"https:\/\/fedai.az\/index.php?rest_route=\/wp\/v2\/types\/post"}],"author":[{"embeddable":true,"href":"https:\/\/fedai.az\/index.php?rest_route=\/wp\/v2\/users\/2"}],"replies":[{"embeddable":true,"href":"https:\/\/fedai.az\/index.php?rest_route=%2Fwp%2Fv2%2Fcomments&post=45240"}],"version-history":[{"count":1,"href":"https:\/\/fedai.az\/index.php?rest_route=\/wp\/v2\/posts\/45240\/revisions"}],"predecessor-version":[{"id":45242,"href":"https:\/\/fedai.az\/index.php?rest_route=\/wp\/v2\/posts\/45240\/revisions\/45242"}],"wp:featuredmedia":[{"embeddable":true,"href":"https:\/\/fedai.az\/index.php?rest_route=\/wp\/v2\/media\/45241"}],"wp:attachment":[{"href":"https:\/\/fedai.az\/index.php?rest_route=%2Fwp%2Fv2%2Fmedia&parent=45240"}],"wp:term":[{"taxonomy":"category","embeddable":true,"href":"https:\/\/fedai.az\/index.php?rest_route=%2Fwp%2Fv2%2Fcategories&post=45240"},{"taxonomy":"post_tag","embeddable":true,"href":"https:\/\/fedai.az\/index.php?rest_route=%2Fwp%2Fv2%2Ftags&post=45240"}],"curies":[{"name":"wp","href":"https:\/\/api.w.org\/{rel}","templated":true}]}}