{"id":45246,"date":"2021-08-14T03:03:40","date_gmt":"2021-08-13T23:03:40","guid":{"rendered":"https:\/\/fedai.az\/?p=45246"},"modified":"2021-08-14T03:03:45","modified_gmt":"2021-08-13T23:03:45","slug":"qaziy%c9%99-%c9%99lillik-verilm%c9%99sind%c9%99n-imtina-edilm%c9%99si-x%c9%99b%c9%99ri-%c9%99sassizdir-agentlik","status":"publish","type":"post","link":"https:\/\/fedai.az\/?p=45246","title":{"rendered":"Qaziy\u0259 \u0259lillik verilm\u0259sind\u0259n imtina edilm\u0259si x\u0259b\u0259ri \u0259sass\u0131zd\u0131r &#8212; Agentlik"},"content":{"rendered":"\n<p><strong>&#171;Sosial \u015f\u0259b\u0259k\u0259 s\u0259hif\u0259sind\u0259 ehtiyatda olan ba\u015f leytenant D\u0259mirov Yusif El\u015fad o\u011fluna guya \u0259lillik verilm\u0259sind\u0259n imtina edilm\u0259si bar\u0259d\u0259 yay\u0131lan m\u0259lumat \u0259sass\u0131zd\u0131r&#187;.<\/strong><br><br>Bu bar\u0259d\u0259 D\u00f6vl\u0259t Tibbi-Sosial Ekspertiza v\u0259 Reabilitasiya Agentliyi m\u0259lumat yay\u0131b.<\/p>\n\n\n\n<p>&#171;N\u0259 onun \u00f6z\u00fc, n\u0259 d\u0259 aidiyy\u0259ti qurumla d\u0259qiql\u0259\u015fdirilm\u0259d\u0259n bel\u0259 h\u0259qiq\u0259td\u0259n uzaq m\u0259lumat paya\u015f\u0131lmas\u0131 media prinsipl\u0259rin\u0259 v\u0259 pe\u015f\u0259karl\u0131\u011f\u0131na ziddir. V\u0259t\u0259n m\u00fcharib\u0259sind\u0259 yaralanm\u0131\u015f Yusif D\u0259mirov \u0259lilliyinin qiym\u0259tl\u0259ndirilm\u0259si \u00fc\u00e7\u00fcn ilk d\u0259f\u0259 m\u00fcraci\u0259t edir. Bu m\u00fcraci\u0259tl\u0259 ba\u011fl\u0131 da d\u0259rhal m\u00fcvafiq i\u015fl\u0259r apar\u0131l\u0131r, onun \u0259lilliyinin h\u0259rbi s\u0259b\u0259bl\u0259 \u0259laq\u0259l\u0259ndirilm\u0259si \u00fc\u00e7\u00fcn M\u00fcdafi\u0259 Nazirliyi t\u0259r\u0259find\u0259n \u015f\u0259had\u0259tnam\u0259 d\u0259 yax\u0131n g\u00fcnl\u0259rd\u0259 t\u0259qdim olunacaq. H\u0259min s\u0259n\u0259d \u0259sas\u0131nda \u018fm\u0259k v\u0259 \u018fhalinin Sosial M\u00fcdafi\u0259si Nazirliyinin tabeliyind\u0259ki D\u00f6vl\u0259t Tibbi Sosial Ekspertiza v\u0259 Reabilitasiya Agentliyi t\u0259r\u0259find\u0259n Yusif D\u0259mirovun \u0259lilliyin qiym\u0259tl\u0259ndirilm\u0259si yax\u0131n g\u00fcnl\u0259rd\u0259 apar\u0131lacaq. Yusif D\u0259mirov \u00f6z\u00fc d\u0259 onun \u0259lilliyin qiym\u0259tl\u0259ndirilm\u0259si il\u0259 ba\u011fl\u0131 he\u00e7 bir naraz\u0131l\u0131\u011f\u0131n\u0131n olmad\u0131\u011f\u0131n\u0131 bildirib&#187;- dey\u0259 qurumdan bildirilib.<\/p>\n","protected":false},"excerpt":{"rendered":"<p>&#171;Sosial \u015f\u0259b\u0259k\u0259 s\u0259hif\u0259sind\u0259 ehtiyatda olan ba\u015f leytenant D\u0259mirov Yusif El\u015fad o\u011fluna guya \u0259lillik verilm\u0259sind\u0259n imtina edilm\u0259si bar\u0259d\u0259 yay\u0131lan m\u0259lumat \u0259sass\u0131zd\u0131r&#187;. Bu bar\u0259d\u0259 D\u00f6vl\u0259t Tibbi-Sosial<\/p>\n","protected":false},"author":2,"featured_media":45247,"comment_status":"closed","ping_status":"closed","sticky":false,"template":"","format":"standard","meta":{"footnotes":""},"categories":[12],"tags":[],"class_list":["post-45246","post","type-post","status-publish","format-standard","has-post-thumbnail","hentry","category-sosial"],"aioseo_notices":[],"_links":{"self":[{"href":"https:\/\/fedai.az\/index.php?rest_route=\/wp\/v2\/posts\/45246","targetHints":{"allow":["GET"]}}],"collection":[{"href":"https:\/\/fedai.az\/index.php?rest_route=\/wp\/v2\/posts"}],"about":[{"href":"https:\/\/fedai.az\/index.php?rest_route=\/wp\/v2\/types\/post"}],"author":[{"embeddable":true,"href":"https:\/\/fedai.az\/index.php?rest_route=\/wp\/v2\/users\/2"}],"replies":[{"embeddable":true,"href":"https:\/\/fedai.az\/index.php?rest_route=%2Fwp%2Fv2%2Fcomments&post=45246"}],"version-history":[{"count":1,"href":"https:\/\/fedai.az\/index.php?rest_route=\/wp\/v2\/posts\/45246\/revisions"}],"predecessor-version":[{"id":45248,"href":"https:\/\/fedai.az\/index.php?rest_route=\/wp\/v2\/posts\/45246\/revisions\/45248"}],"wp:featuredmedia":[{"embeddable":true,"href":"https:\/\/fedai.az\/index.php?rest_route=\/wp\/v2\/media\/45247"}],"wp:attachment":[{"href":"https:\/\/fedai.az\/index.php?rest_route=%2Fwp%2Fv2%2Fmedia&parent=45246"}],"wp:term":[{"taxonomy":"category","embeddable":true,"href":"https:\/\/fedai.az\/index.php?rest_route=%2Fwp%2Fv2%2Fcategories&post=45246"},{"taxonomy":"post_tag","embeddable":true,"href":"https:\/\/fedai.az\/index.php?rest_route=%2Fwp%2Fv2%2Ftags&post=45246"}],"curies":[{"name":"wp","href":"https:\/\/api.w.org\/{rel}","templated":true}]}}