{"id":45252,"date":"2021-08-14T03:20:43","date_gmt":"2021-08-13T23:20:43","guid":{"rendered":"https:\/\/fedai.az\/?p=45252"},"modified":"2021-08-14T03:20:48","modified_gmt":"2021-08-13T23:20:48","slug":"taliban-vaksinl%c9%99rd%c9%99n-istifad%c9%99sini-qadagan-edib","status":"publish","type":"post","link":"https:\/\/fedai.az\/?p=45252","title":{"rendered":"\u201cTaliban\u201d vaksinl\u0259rd\u0259n istifad\u0259sini qada\u011fan edib"},"content":{"rendered":"\n<p><strong>\u201cTaliban\u201d h\u0259r\u0259kat\u0131 \u018ffqan\u0131stan\u0131n \u015f\u0259rqind\u0259ki Paktiya vilay\u0259tind\u0259 koronavirusa qar\u015f\u0131 vaksinl\u0259rin istifad\u0259sini qada\u011fan edib.<\/strong><\/p>\n\n\n\n<p>Bu bar\u0259d\u0259 yerli \u201cShamshad\u201d telekanal\u0131 m\u0259lumat yay\u0131b.<\/p>\n\n\n\n<p>Vilay\u0259tin s\u0259hiyy\u0259 idar\u0259sinin r\u0259hb\u0259ri V\u0259lay\u0259t Xan \u018fhm\u0259dzay art\u0131q \u00fc\u00e7 g\u00fcnd\u00fcr ki, \u0259razini \u0259l\u0259 ke\u00e7ir\u0259n talibl\u0259rin g\u00f6st\u0259ri\u015fil\u0259 x\u0259st\u0259xanan\u0131n vaksinasiya \u015f\u00f6b\u0259sinin ba\u011fland\u0131\u011f\u0131n\u0131 bildirib.<\/p>\n\n\n\n<p>Onun s\u00f6zl\u0259rin\u0259 g\u00f6r\u0259, h\u0259r\u0259kat \u00fczvl\u0259ri yerli h\u0259kiml\u0259r\u0259 d\u0259 m\u00fcvafiq x\u0259b\u0259rdarl\u0131q g\u00f6nd\u0259r\u0259r\u0259k koronavirusa qar\u015f\u0131 peyv\u0259ndin vurulmas\u0131n\u0131n qada\u011fan olundu\u011funu qeyd edibl\u0259r.<\/p>\n\n\n\n<p>M\u0259nb\u0259: oxu.az<\/p>\n","protected":false},"excerpt":{"rendered":"<p>\u201cTaliban\u201d h\u0259r\u0259kat\u0131 \u018ffqan\u0131stan\u0131n \u015f\u0259rqind\u0259ki Paktiya vilay\u0259tind\u0259 koronavirusa qar\u015f\u0131 vaksinl\u0259rin istifad\u0259sini qada\u011fan edib. Bu bar\u0259d\u0259 yerli \u201cShamshad\u201d telekanal\u0131 m\u0259lumat yay\u0131b. Vilay\u0259tin s\u0259hiyy\u0259 idar\u0259sinin r\u0259hb\u0259ri V\u0259lay\u0259t<\/p>\n","protected":false},"author":2,"featured_media":45253,"comment_status":"closed","ping_status":"closed","sticky":false,"template":"","format":"standard","meta":{"footnotes":""},"categories":[13],"tags":[],"class_list":["post-45252","post","type-post","status-publish","format-standard","has-post-thumbnail","hentry","category-xarici"],"aioseo_notices":[],"_links":{"self":[{"href":"https:\/\/fedai.az\/index.php?rest_route=\/wp\/v2\/posts\/45252","targetHints":{"allow":["GET"]}}],"collection":[{"href":"https:\/\/fedai.az\/index.php?rest_route=\/wp\/v2\/posts"}],"about":[{"href":"https:\/\/fedai.az\/index.php?rest_route=\/wp\/v2\/types\/post"}],"author":[{"embeddable":true,"href":"https:\/\/fedai.az\/index.php?rest_route=\/wp\/v2\/users\/2"}],"replies":[{"embeddable":true,"href":"https:\/\/fedai.az\/index.php?rest_route=%2Fwp%2Fv2%2Fcomments&post=45252"}],"version-history":[{"count":1,"href":"https:\/\/fedai.az\/index.php?rest_route=\/wp\/v2\/posts\/45252\/revisions"}],"predecessor-version":[{"id":45254,"href":"https:\/\/fedai.az\/index.php?rest_route=\/wp\/v2\/posts\/45252\/revisions\/45254"}],"wp:featuredmedia":[{"embeddable":true,"href":"https:\/\/fedai.az\/index.php?rest_route=\/wp\/v2\/media\/45253"}],"wp:attachment":[{"href":"https:\/\/fedai.az\/index.php?rest_route=%2Fwp%2Fv2%2Fmedia&parent=45252"}],"wp:term":[{"taxonomy":"category","embeddable":true,"href":"https:\/\/fedai.az\/index.php?rest_route=%2Fwp%2Fv2%2Fcategories&post=45252"},{"taxonomy":"post_tag","embeddable":true,"href":"https:\/\/fedai.az\/index.php?rest_route=%2Fwp%2Fv2%2Ftags&post=45252"}],"curies":[{"name":"wp","href":"https:\/\/api.w.org\/{rel}","templated":true}]}}