{"id":45261,"date":"2021-08-14T03:36:24","date_gmt":"2021-08-13T23:36:24","guid":{"rendered":"https:\/\/fedai.az\/?p=45261"},"modified":"2021-08-14T03:36:29","modified_gmt":"2021-08-13T23:36:29","slug":"i-vahabzad%c9%99-az%c9%99rbaycanlilari-qoyun-adlandiranda-t%c9%99hqir-sayilmir-m%c9%99n-donuz-dey%c9%99nd%c9%99-t%c9%99hqir-sayilir","status":"publish","type":"post","link":"https:\/\/fedai.az\/?p=45261","title":{"rendered":"\u0130. Vahabzad\u0259: \u201cAz\u0259rbaycanl\u0131lar\u0131 qoyun adland\u0131randa t\u0259hqir say\u0131lm\u0131r, m\u0259n \u201cdonuz\u201d dey\u0259nd\u0259 t\u0259hqir say\u0131l\u0131r\u201d"},"content":{"rendered":"\n<p><strong>Ke\u00e7mi\u015f diplomat \u0130sf\u0259ndiyar Vahabzad\u0259 bildirib ki, Rusiya D\u00f6vl\u0259t Dumas\u0131n\u0131n deputat\u0131 v\u0259 Liberal Demokrat Partiyas\u0131n\u0131n lideri Vladimir Jirinovskiy\u0259 \u00fcnvan\u0131na s\u00f6yl\u0259diyi fikirl\u0259rd\u0259n t\u0259\u0259ss\u00fcfl\u0259nmir.<\/strong><\/p>\n\n\n\n<p>O, \u201cOsmanq\u0131z\u0131\u201d \u0130nternet-kanal\u0131na m\u00fcsahib\u0259sind\u0259 xat\u0131rlad\u0131b ki, Jirinovski d\u0259f\u0259l\u0259rl\u0259 Az\u0259rbaycan xalq\u0131na qar\u015f\u0131 t\u0259hqiramiz fikirl\u0259r s\u0259sl\u0259ndirib. Vahabzad\u0259 Jirinovskinin indiy\u0259d\u0259k adekvat cavab almamas\u0131ndan t\u0259\u0259ss\u00fcfl\u0259ndiyini bildirib.<\/p>\n\n\n\n<p>\u201cVaxtil\u0259 deyib ki, Az\u0259rbaycanda 8 milyon qoyun ya\u015fay\u0131r. Sonra deyirdi ki, onlar\u0131n say\u0131 9 milyona \u00e7atd\u0131. Nec\u0259 olur, o, az\u0259rbaycanl\u0131lar\u0131 qoyun adland\u0131randa t\u0259hqir say\u0131lm\u0131r, m\u0259n \u201cdonuz\u201d dey\u0259nd\u0259 t\u0259hqir say\u0131l\u0131r \u201c, \u2013 Vahabzad\u0259 bildirib.<\/p>\n\n\n\n<p>O, Jirinovskinin b\u0259yanat\u0131na cavab olaraq Az\u0259rbaycan Xarici \u0130\u015fl\u0259r Nazirliyinin notas\u0131n\u0131 \u201cz\u0259if\u201d adland\u0131r\u0131b. Bu, h\u0259tta etiraz notas\u0131 da deyildi. \u201cKims\u0259 Az\u0259rbaycan\u0131n v\u0259 onun r\u0259hb\u0259rliyinin \u00fcnvan\u0131na t\u0259hqirl\u0259r\u0259 cavab verm\u0259liydi \u201c, \u2013 Vahabzad\u0259 deyib.<\/p>\n\n\n\n<p>M\u0259nb\u0259: Sozcu.az<\/p>\n","protected":false},"excerpt":{"rendered":"<p>Ke\u00e7mi\u015f diplomat \u0130sf\u0259ndiyar Vahabzad\u0259 bildirib ki, Rusiya D\u00f6vl\u0259t Dumas\u0131n\u0131n deputat\u0131 v\u0259 Liberal Demokrat Partiyas\u0131n\u0131n lideri Vladimir Jirinovskiy\u0259 \u00fcnvan\u0131na s\u00f6yl\u0259diyi fikirl\u0259rd\u0259n t\u0259\u0259ss\u00fcfl\u0259nmir. O, \u201cOsmanq\u0131z\u0131\u201d \u0130nternet-kanal\u0131na<\/p>\n","protected":false},"author":2,"featured_media":45262,"comment_status":"closed","ping_status":"closed","sticky":false,"template":"","format":"standard","meta":{"footnotes":""},"categories":[3],"tags":[],"class_list":["post-45261","post","type-post","status-publish","format-standard","has-post-thumbnail","hentry","category-gundm"],"aioseo_notices":[],"_links":{"self":[{"href":"https:\/\/fedai.az\/index.php?rest_route=\/wp\/v2\/posts\/45261","targetHints":{"allow":["GET"]}}],"collection":[{"href":"https:\/\/fedai.az\/index.php?rest_route=\/wp\/v2\/posts"}],"about":[{"href":"https:\/\/fedai.az\/index.php?rest_route=\/wp\/v2\/types\/post"}],"author":[{"embeddable":true,"href":"https:\/\/fedai.az\/index.php?rest_route=\/wp\/v2\/users\/2"}],"replies":[{"embeddable":true,"href":"https:\/\/fedai.az\/index.php?rest_route=%2Fwp%2Fv2%2Fcomments&post=45261"}],"version-history":[{"count":1,"href":"https:\/\/fedai.az\/index.php?rest_route=\/wp\/v2\/posts\/45261\/revisions"}],"predecessor-version":[{"id":45263,"href":"https:\/\/fedai.az\/index.php?rest_route=\/wp\/v2\/posts\/45261\/revisions\/45263"}],"wp:featuredmedia":[{"embeddable":true,"href":"https:\/\/fedai.az\/index.php?rest_route=\/wp\/v2\/media\/45262"}],"wp:attachment":[{"href":"https:\/\/fedai.az\/index.php?rest_route=%2Fwp%2Fv2%2Fmedia&parent=45261"}],"wp:term":[{"taxonomy":"category","embeddable":true,"href":"https:\/\/fedai.az\/index.php?rest_route=%2Fwp%2Fv2%2Fcategories&post=45261"},{"taxonomy":"post_tag","embeddable":true,"href":"https:\/\/fedai.az\/index.php?rest_route=%2Fwp%2Fv2%2Ftags&post=45261"}],"curies":[{"name":"wp","href":"https:\/\/api.w.org\/{rel}","templated":true}]}}