{"id":45265,"date":"2021-08-14T04:16:26","date_gmt":"2021-08-14T00:16:26","guid":{"rendered":"https:\/\/fedai.az\/?p=45265"},"modified":"2021-08-14T04:20:05","modified_gmt":"2021-08-14T00:20:05","slug":"m%c9%99glubiyy%c9%99t-sokundan-ayilmamis-erm%c9%99ni-polkovnikin-s%c9%99rs%c9%99ml%c9%99m%c9%99l%c9%99ri","status":"publish","type":"post","link":"https:\/\/fedai.az\/?p=45265","title":{"rendered":"M\u0259\u011flubiyy\u0259t \u015fokundan ay\u0131lmam\u0131\u015f erm\u0259ni polkovnikin s\u0259rs\u0259ml\u0259m\u0259l\u0259ri"},"content":{"rendered":"\n<p><strong>Q\u0259hr\u0259man Az\u0259rbaycan Ordusu bu qorxaq v\u0259 xain d\u00fc\u015fm\u0259ni el\u0259 g\u00fcn\u0259 qoyub ki, h\u0259l\u0259 d\u0259 kontuziyadan s\u0259rs\u0259ml\u0259yirl\u0259r. Qa\u00e7\u0131b haradasa gizl\u0259nmi\u015f erm\u0259ni polkovniki erm\u0259ni &#171;gey-r\u0259manl\u0131\u011f\u0131ndan&#187; dan\u0131\u015f\u0131r. Bu insanl\u0131\u011f\u0131 karikaturas\u0131 olan xalq\u0131n g\u00f6zl\u0259ri nec\u0259 b\u00f6y\u00fcy\u00fcbs\u0259 Az\u0259rbaycan \u0259sg\u0259rinin atd\u0131\u011f\u0131 top m\u0259rmisin\u0259 &#171;atom bombas\u0131&#187;, &#171;Kala\u015fnikov&#187; m\u0259rmisin\u0259 &#171;Smer\u00e7&#187;, Qrantamyota &#171;Ballastik raket&#187;, minamyota &#171;\u0130sg\u0259nd\u0259r&#187;, igidl\u0259rimiz\u0259 is\u0259 yad planetli dem\u0259kd\u0259dirl\u0259tr. D\u00fcnyan\u0131n h\u0259r buca\u011f\u0131ndan terror\u00e7ular\u0131 y\u0131\u011f\u0131b g\u0259tirdikl\u0259ri azm\u0131\u015f kimi \u00f6z adlar\u0131n\u0131 biz\u0259 qoyma\u011fa \u00e7al\u0131\u015f\u0131rlar. Livanl\u0131 Maral\u0131n s\u0259ng\u0259rda\u015f\u0131 h\u0259l\u0259 d\u0259 \u0259limizd\u0259yk\u0259n polkovnik gopa bas\u0131r.<\/strong><\/p>\n\n\n\n<p><br>M\u0259qal\u0259ni v\u0259 fotolar\u0131 diqq\u0259tiniz\u0259 \u00e7atd\u0131r\u0131r\u0131q. &#171;\u0130van idi domoy!&#187;, ya da bu k\u00f6p\u0259kl\u0259ri sazi\u015f\u0259 uy\u011fun olaraq \u00f6lk\u0259mizd\u0259n \u00e7\u0131xart&#8230;<\/p>\n\n\n\n<figure class=\"wp-block-gallery columns-2 is-cropped wp-block-gallery-1 is-layout-flex wp-block-gallery-is-layout-flex\"><ul class=\"blocks-gallery-grid\"><li class=\"blocks-gallery-item\"><figure><img loading=\"lazy\" decoding=\"async\" width=\"991\" height=\"910\" src=\"https:\/\/fedai.az\/wp-content\/uploads\/2021\/08\/Screenshot_2020.png\" alt=\"\" data-id=\"45266\" data-link=\"https:\/\/fedai.az\/?attachment_id=45266\" class=\"wp-image-45266\" srcset=\"https:\/\/fedai.az\/wp-content\/uploads\/2021\/08\/Screenshot_2020.png 991w, https:\/\/fedai.az\/wp-content\/uploads\/2021\/08\/Screenshot_2020-300x275.png 300w, https:\/\/fedai.az\/wp-content\/uploads\/2021\/08\/Screenshot_2020-150x138.png 150w, https:\/\/fedai.az\/wp-content\/uploads\/2021\/08\/Screenshot_2020-768x705.png 768w\" sizes=\"auto, (max-width: 991px) 100vw, 991px\" \/><\/figure><\/li><li class=\"blocks-gallery-item\"><figure><img loading=\"lazy\" decoding=\"async\" width=\"201\" height=\"251\" src=\"https:\/\/fedai.az\/wp-content\/uploads\/2021\/08\/images-5.jpg\" alt=\"\" data-id=\"45267\" data-full-url=\"https:\/\/fedai.az\/wp-content\/uploads\/2021\/08\/images-5.jpg\" data-link=\"https:\/\/fedai.az\/?attachment_id=45267\" class=\"wp-image-45267\" srcset=\"https:\/\/fedai.az\/wp-content\/uploads\/2021\/08\/images-5.jpg 201w, https:\/\/fedai.az\/wp-content\/uploads\/2021\/08\/images-5-120x150.jpg 120w\" sizes=\"auto, (max-width: 201px) 100vw, 201px\" \/><\/figure><\/li><\/ul><\/figure>\n\n\n\n<p><br>Biz T\u00fcrkiy\u0259 Silahl\u0131 Q\u00fcvv\u0259l\u0259rinin apard\u0131\u011f\u0131 hava sava\u015f\u0131nda m\u0259\u011flub olduq. Biz, ki\u00e7ik Erm\u0259nistan, ikinci NATO \u00f6lk\u0259sin\u0259 qar\u015f\u0131 h\u0259rbi g\u00fcc\u00fcm\u00fczl\u0259 m\u00fcbariz\u0259 apard\u0131q. H\u0259l\u0259 m\u00fcxt\u0259lif d\u00f6y\u00fc\u015fl\u0259rd\u0259 bacar\u0131ql\u0131 olan Suriya-Pakistan muzdlu \u0259sg\u0259rl\u0259rini demir\u0259m, Erm\u0259nistan Silahl\u0131 Q\u00fcvv\u0259l\u0259rinin polkovniki Qaqik Poqosyan, bu fikirl\u0259ri &#171;Hay Zinvor&#187; (erm\u0259ni \u0259sg\u0259ri) verdiyi m\u00fcsahib\u0259d\u0259 deyib.<\/p>\n\n\n\n<figure class=\"wp-block-gallery columns-2 is-cropped wp-block-gallery-2 is-layout-flex wp-block-gallery-is-layout-flex\"><ul class=\"blocks-gallery-grid\"><li class=\"blocks-gallery-item\"><figure><img loading=\"lazy\" decoding=\"async\" width=\"1024\" height=\"768\" src=\"https:\/\/fedai.az\/wp-content\/uploads\/2021\/08\/4-1-2-1.jpg\" alt=\"\" data-id=\"45268\" data-link=\"https:\/\/fedai.az\/?attachment_id=45268\" class=\"wp-image-45268\" srcset=\"https:\/\/fedai.az\/wp-content\/uploads\/2021\/08\/4-1-2-1.jpg 1024w, https:\/\/fedai.az\/wp-content\/uploads\/2021\/08\/4-1-2-1-300x225.jpg 300w, https:\/\/fedai.az\/wp-content\/uploads\/2021\/08\/4-1-2-1-150x113.jpg 150w, https:\/\/fedai.az\/wp-content\/uploads\/2021\/08\/4-1-2-1-768x576.jpg 768w\" sizes=\"auto, (max-width: 1024px) 100vw, 1024px\" \/><\/figure><\/li><li class=\"blocks-gallery-item\"><figure><img loading=\"lazy\" decoding=\"async\" width=\"1024\" height=\"772\" src=\"https:\/\/fedai.az\/wp-content\/uploads\/2021\/08\/hbg-1-1024x772.jpg\" alt=\"\" data-id=\"45269\" data-full-url=\"https:\/\/fedai.az\/wp-content\/uploads\/2021\/08\/hbg-1.jpg\" data-link=\"https:\/\/fedai.az\/?attachment_id=45269\" class=\"wp-image-45269\" srcset=\"https:\/\/fedai.az\/wp-content\/uploads\/2021\/08\/hbg-1-1024x772.jpg 1024w, https:\/\/fedai.az\/wp-content\/uploads\/2021\/08\/hbg-1-300x226.jpg 300w, https:\/\/fedai.az\/wp-content\/uploads\/2021\/08\/hbg-1-150x113.jpg 150w, https:\/\/fedai.az\/wp-content\/uploads\/2021\/08\/hbg-1-768x579.jpg 768w, https:\/\/fedai.az\/wp-content\/uploads\/2021\/08\/hbg-1.jpg 1080w\" sizes=\"auto, (max-width: 1024px) 100vw, 1024px\" \/><\/figure><\/li><\/ul><\/figure>\n\n\n\n<p>\u201cBu g\u00fcn Az\u0259rbaycan biz\u0259 qar\u015f\u0131 t\u0259k qalsa onu m\u0259\u011flub ed\u0259c\u0259yik. V\u0259 \u018fliyev bunu \u00e7ox yax\u015f\u0131 bilir. \u018fvv\u0259ld\u0259n d\u00fc\u015fm\u0259nin m\u0259qs\u0259di Artsax\u0131 blitskriql\u0259 tamamil\u0259 i\u015f\u011fal etm\u0259k idi. \u0130ld\u0131r\u0131m s\u00fcr\u0259tli m\u00fcharib\u0259 al\u0131nmad\u0131 v\u0259 &#171;Artsax&#187; tamamil\u0259 i\u015f\u011fal olunmad\u0131. 44 g\u00fcn \u0259rzind\u0259 m\u00fcdaxil\u0259 ed\u0259n ikinci NATO ordusuna m\u00fcqavim\u0259t g\u00f6st\u0259rdik. <\/p>\n\n\n\n<figure class=\"wp-block-gallery columns-2 is-cropped wp-block-gallery-3 is-layout-flex wp-block-gallery-is-layout-flex\"><ul class=\"blocks-gallery-grid\"><li class=\"blocks-gallery-item\"><figure><img loading=\"lazy\" decoding=\"async\" width=\"1024\" height=\"768\" src=\"https:\/\/fedai.az\/wp-content\/uploads\/2021\/08\/4-1-3.jpg\" alt=\"\" data-id=\"45270\" data-link=\"https:\/\/fedai.az\/?attachment_id=45270\" class=\"wp-image-45270\" srcset=\"https:\/\/fedai.az\/wp-content\/uploads\/2021\/08\/4-1-3.jpg 1024w, https:\/\/fedai.az\/wp-content\/uploads\/2021\/08\/4-1-3-300x225.jpg 300w, https:\/\/fedai.az\/wp-content\/uploads\/2021\/08\/4-1-3-150x113.jpg 150w, https:\/\/fedai.az\/wp-content\/uploads\/2021\/08\/4-1-3-768x576.jpg 768w\" sizes=\"auto, (max-width: 1024px) 100vw, 1024px\" \/><\/figure><\/li><li class=\"blocks-gallery-item\"><figure><img loading=\"lazy\" decoding=\"async\" width=\"526\" height=\"538\" src=\"https:\/\/fedai.az\/wp-content\/uploads\/2021\/08\/u87.jpg\" alt=\"\" data-id=\"45271\" data-full-url=\"https:\/\/fedai.az\/wp-content\/uploads\/2021\/08\/u87.jpg\" data-link=\"https:\/\/fedai.az\/?attachment_id=45271\" class=\"wp-image-45271\" srcset=\"https:\/\/fedai.az\/wp-content\/uploads\/2021\/08\/u87.jpg 526w, https:\/\/fedai.az\/wp-content\/uploads\/2021\/08\/u87-293x300.jpg 293w, https:\/\/fedai.az\/wp-content\/uploads\/2021\/08\/u87-147x150.jpg 147w\" sizes=\"auto, (max-width: 526px) 100vw, 526px\" \/><\/figure><\/li><\/ul><\/figure>\n\n\n\n<p>D\u00fc\u015fm\u0259n\u0259 vurdu\u011fumuz b\u00f6y\u00fck itkil\u0259ri h\u0259l\u0259 demir\u0259m. On qat daha \u00e7ox. C\u0259bh\u0259nin \u0259n \u00e7\u0259tin sektorlar\u0131ndan birind\u0259 d\u00f6y\u00fc\u015f tap\u015f\u0131r\u0131\u011f\u0131n\u0131 yerin\u0259 yetirdik. B\u0259li, &#171;insan itkil\u0259rimiz&#187; oldu, h\u0259rbi texnikan\u0131 itirirdik, amma itkil\u0259rimiz d\u00fc\u015fm\u0259n\u0259 verdiyimiz itkil\u0259rl\u0259 uy\u011fun g\u0259lmir. O\u011flanlar\u0131m canl\u0131 q\u0259hr\u0259mand\u0131rlar, V\u0259t\u0259ni aslanlar kimi f\u0259dakar, c\u0259sur, g\u00fccl\u00fc \u0259sg\u0259r kimi qoruyublar \u201d, &#8212; dey\u0259 polkovnik Poqosyan bildirib.<\/p>\n\n\n\n<p><strong>P.S. Erm\u0259nisev\u0259rl\u0259rimiz onlar\u0131n yalanlar\u0131na \u00e7ox inancl\u0131 olduqlar\u0131na g\u00f6r\u0259 yalanla h\u0259qiq\u0259ti qo\u015fa verdik. Polkovnik birc\u0259 \u015feyi d\u00fcz deyib ki, itkil\u0259r m\u00fcqayis\u0259y\u0259 g\u0259lm\u0259z. D\u00f6y\u00fc\u015f meydan\u0131nda 12750 le\u015f buraxan bu c\u00fcr \u015f\u0259r\u0259fsiz bir dil kar\u0131xmas\u0131 edib&#8230;<\/strong><\/p>\n\n\n\n<p><strong>Fedai.az Ara\u015fd\u0131rma Qrupu<\/strong><\/p>\n","protected":false},"excerpt":{"rendered":"<p>Q\u0259hr\u0259man Az\u0259rbaycan Ordusu bu qorxaq v\u0259 xain d\u00fc\u015fm\u0259ni el\u0259 g\u00fcn\u0259 qoyub ki, h\u0259l\u0259 d\u0259 kontuziyadan s\u0259rs\u0259ml\u0259yirl\u0259r. Qa\u00e7\u0131b haradasa gizl\u0259nmi\u015f erm\u0259ni polkovniki erm\u0259ni &#171;gey-r\u0259manl\u0131\u011f\u0131ndan&#187; dan\u0131\u015f\u0131r.<\/p>\n","protected":false},"author":2,"featured_media":45276,"comment_status":"closed","ping_status":"closed","sticky":false,"template":"","format":"standard","meta":{"footnotes":""},"categories":[4],"tags":[],"class_list":["post-45265","post","type-post","status-publish","format-standard","has-post-thumbnail","hentry","category-qarabag"],"aioseo_notices":[],"_links":{"self":[{"href":"https:\/\/fedai.az\/index.php?rest_route=\/wp\/v2\/posts\/45265","targetHints":{"allow":["GET"]}}],"collection":[{"href":"https:\/\/fedai.az\/index.php?rest_route=\/wp\/v2\/posts"}],"about":[{"href":"https:\/\/fedai.az\/index.php?rest_route=\/wp\/v2\/types\/post"}],"author":[{"embeddable":true,"href":"https:\/\/fedai.az\/index.php?rest_route=\/wp\/v2\/users\/2"}],"replies":[{"embeddable":true,"href":"https:\/\/fedai.az\/index.php?rest_route=%2Fwp%2Fv2%2Fcomments&post=45265"}],"version-history":[{"count":3,"href":"https:\/\/fedai.az\/index.php?rest_route=\/wp\/v2\/posts\/45265\/revisions"}],"predecessor-version":[{"id":45278,"href":"https:\/\/fedai.az\/index.php?rest_route=\/wp\/v2\/posts\/45265\/revisions\/45278"}],"wp:featuredmedia":[{"embeddable":true,"href":"https:\/\/fedai.az\/index.php?rest_route=\/wp\/v2\/media\/45276"}],"wp:attachment":[{"href":"https:\/\/fedai.az\/index.php?rest_route=%2Fwp%2Fv2%2Fmedia&parent=45265"}],"wp:term":[{"taxonomy":"category","embeddable":true,"href":"https:\/\/fedai.az\/index.php?rest_route=%2Fwp%2Fv2%2Fcategories&post=45265"},{"taxonomy":"post_tag","embeddable":true,"href":"https:\/\/fedai.az\/index.php?rest_route=%2Fwp%2Fv2%2Ftags&post=45265"}],"curies":[{"name":"wp","href":"https:\/\/api.w.org\/{rel}","templated":true}]}}