{"id":45299,"date":"2021-08-14T06:05:03","date_gmt":"2021-08-14T02:05:03","guid":{"rendered":"https:\/\/fedai.az\/?p=45299"},"modified":"2021-08-14T06:17:06","modified_gmt":"2021-08-14T02:17:06","slug":"t%c9%99brik-mayor-m%c9%99h%c9%99mm%c9%99d-m%c9%99mm%c9%99dov-71","status":"publish","type":"post","link":"https:\/\/fedai.az\/?p=45299","title":{"rendered":"T\u018fBR\u0130K: MAYOR M\u018fH\u018fMM\u018fD  M\u018fMM\u018fDOV &#8212; 71"},"content":{"rendered":"\n<p>&nbsp;&nbsp;&nbsp;&nbsp;&nbsp;&nbsp;&nbsp;&nbsp;&nbsp;&nbsp; <strong>AVMV\u0130B r\u0259hb\u0259rliyi, F\u0259dai az kolektivi, Az\u0259rbaycan V\u0259t\u0259n m\u00fcharib\u0259si Veteranlar\u0131 \u0130ctimai Birliyinin s\u0259dr m\u00fcavini polkovnik Salman Musayev ehtiyyatda olan tibb xidm\u0259ti mayoru M\u0259h\u0259mm\u0259d M\u0259mm\u0259dovu do\u011fum g\u00fcn\u00fc munasb\u0259til\u0259 s\u0259mimi q\u0259lbd\u0259n t\u0259brik edir, h\u0259yatda insan \u00fcc\u00fcn \u0259n \u015firin neym\u0259t olan m\u00f6hk\u0259m can sa\u011fl\u0131\u011f\u0131 v\u0259 h\u0259yat yollar\u0131nda bitib &#8212; t\u00fck\u0259nm\u0259y\u0259n nailiyy\u0259tl\u0259r arzulay\u0131r.<\/strong><\/p>\n\n\n\n<p>&nbsp;&nbsp;&nbsp;&nbsp;&nbsp;&nbsp;&nbsp;&nbsp; <strong>Qoy ya\u015f\u0131n\u0131n \u00fcst\u0259 g\u0259l\u0259n bu ya\u015f ona sevinc dolu g\u00fcnl\u0259r b\u0259x\u015f etsin, h\u0259r yeni g\u00fcn\u00fc is\u0259 \u00f6t\u0259n g\u00fcnl\u0259rd\u0259n daha g\u00f6z\u0259l ist\u0259kl\u0259rin\u0259 uy\u011fun, onu xo\u015fb\u0259xt ed\u0259c\u0259k \u015f\u0259kild\u0259 ke\u00e7sin. AM\u0130N!<\/strong><\/p>\n\n\n\n<figure class=\"wp-block-gallery columns-2 is-cropped wp-block-gallery-1 is-layout-flex wp-block-gallery-is-layout-flex\"><ul class=\"blocks-gallery-grid\"><li class=\"blocks-gallery-item\"><figure><img loading=\"lazy\" decoding=\"async\" width=\"980\" height=\"668\" src=\"https:\/\/fedai.az\/wp-content\/uploads\/2021\/08\/i80-1.jpg\" alt=\"\" data-id=\"45300\" data-link=\"https:\/\/fedai.az\/?attachment_id=45300\" class=\"wp-image-45300\" srcset=\"https:\/\/fedai.az\/wp-content\/uploads\/2021\/08\/i80-1.jpg 980w, https:\/\/fedai.az\/wp-content\/uploads\/2021\/08\/i80-1-300x204.jpg 300w, https:\/\/fedai.az\/wp-content\/uploads\/2021\/08\/i80-1-150x102.jpg 150w, https:\/\/fedai.az\/wp-content\/uploads\/2021\/08\/i80-1-768x523.jpg 768w\" sizes=\"auto, (max-width: 980px) 100vw, 980px\" \/><\/figure><\/li><li class=\"blocks-gallery-item\"><figure><img loading=\"lazy\" decoding=\"async\" width=\"768\" height=\"1024\" src=\"https:\/\/fedai.az\/wp-content\/uploads\/2021\/08\/237101124_1406599896407703_2794716185119558231_n-768x1024.jpg\" alt=\"\" data-id=\"45301\" data-full-url=\"https:\/\/fedai.az\/wp-content\/uploads\/2021\/08\/237101124_1406599896407703_2794716185119558231_n.jpg\" data-link=\"https:\/\/fedai.az\/?attachment_id=45301\" class=\"wp-image-45301\" srcset=\"https:\/\/fedai.az\/wp-content\/uploads\/2021\/08\/237101124_1406599896407703_2794716185119558231_n-768x1024.jpg 768w, https:\/\/fedai.az\/wp-content\/uploads\/2021\/08\/237101124_1406599896407703_2794716185119558231_n-225x300.jpg 225w, https:\/\/fedai.az\/wp-content\/uploads\/2021\/08\/237101124_1406599896407703_2794716185119558231_n-113x150.jpg 113w, https:\/\/fedai.az\/wp-content\/uploads\/2021\/08\/237101124_1406599896407703_2794716185119558231_n.jpg 960w\" sizes=\"auto, (max-width: 768px) 100vw, 768px\" \/><\/figure><\/li><\/ul><\/figure>\n\n\n\n<p>&nbsp;&nbsp;&nbsp;&nbsp;&nbsp;&nbsp;&nbsp;&nbsp; M\u00fcharib\u0259 veteran\u0131 M\u0259mm\u0259dov M\u0259h\u0259mm\u0259d Rasim o\u011flu 14 avqust 1952-ci ild\u0259 Qusar rayonunun K\u00f6hn\u0259 Xudat Qazmalar\u0131 k\u0259ndind\u0259 anadan olub. Orta t\u0259hsilini 1969 -cu&nbsp; ild\u0259 ba\u015fa vurub. H\u0259min ild\u0259n Az\u0259rbaycan D\u00f6vl\u0259t Tibb \u0130nustutnun m\u00fcalic\u0259 -profilaktika fak\u00fclt\u0259sin\u0259 q\u0259bul olub.<\/p>\n\n\n\n<p>&nbsp;&nbsp;&nbsp;&nbsp;&nbsp;&nbsp; O, 1975 ci ild\u0259 Az\u0259rbaycan Tibb \u0130nustitutu , 1976-ci ild\u0259 is\u0259 Respublika Klinik X\u0259st\u0259xanas\u0131nda&nbsp; internat\u0131 bitirib. T\u0259ynatla Qusar Rayon M\u0259rk\u0259zi X\u0259st\u0259xanas\u0131n\u0131n laboratoriya m\u00fcdiri v\u0259zif\u0259sin\u0259 t\u0259yin edilib.Bir m\u00fcdd\u0259t burada \u00e7al\u0131\u015fd\u0131qdan sonra, 1979-ci ild\u0259 ehtiyyatda olan zabit kimi ordu s\u0131ralar\u0131nda \u00e7al\u0131\u015faraq, Q\u0259b\u0259l\u0259 RLS-in tikinti h\u0259rbi hiss\u0259\u0259sind\u0259 xidm\u0259t\u0259 ba\u015flay\u0131b. M. M\u0259mm\u0259dovun xidm\u0259ti ba\u015fa catd\u0131qdan sonra is\u0259&nbsp; Daxili \u0130\u015fl\u0259r Nazirliyinin Bay\u0131l t\u0259cridxanas\u0131n\u0131n tibb hiss\u0259sind\u0259 ordinator,Dax\u0131l\u0131 \u0130\u015fl\u0259r Nazirliyinin 10 sayl\u0131 -\u0130slah \u0259m\u0259k m\u00fc\u0259ssis\u0259sind\u0259 v\u0259 13 sayl\u0131 v\u0259r\u0259m x\u0259st\u0259liyinin m\u00fcalic\u0259si \u00fczr\u0259 \u0130slah-\u0259m\u0259k m\u00fc\u0259ssis\u0259sind\u0259 h\u0259kim kimi i\u015fl\u0259yib.<\/p>\n\n\n\n<p>O,1992 ci ilin iyun ay\u0131ndan Daxili \u0130\u015fl\u0259r Nazirliyinin&nbsp; Daxili Qo\u015funlar\u0131n\u0131n Ba\u015f \u0130dar\u0259sinin&nbsp; Bin\u0259q\u0259di rayonunda yerl\u0259\u015f\u0259n h\u0259rbi hiss\u0259nin tibb xidm\u0259ti r\u0259si v\u0259zif\u0259l\u0259rind\u0259 xidm\u0259t edib. Daha sonra&nbsp; yeni yarad\u0131lm\u0131\u015f h\u0259rbi hiss\u0259y\u0259 d\u0259yi\u015fdirilmi\u015f v\u0259 b\u00fct\u00fcn hey\u0259tl\u0259 d\u00f6yu\u015f b\u00f6lg\u0259sin\u0259 g\u00f6nd\u0259rilmi\u015fdir. Bu vaxt A\u011fdam rayonunda&nbsp; Daxili \u0130\u015fl\u0259r Nazirliyinin Daxili Qo\u015funlar\u0131n n\u0259zdind\u0259 yarad\u0131lm\u0131\u015f \u00f6n c\u0259bh\u0259 q\u0259rargah\u0131nda tibb xidm\u0259t r\u0259si v\u0259zif\u0259sind\u0259&nbsp; olub. C\u0259fake\u015f h\u0259kimin tibb xidm\u0259tind\u0259 cavabdehliyi bu sah\u0259y\u0259 m\u0259suliyy\u0259tini daha da art\u0131rm\u0131\u015fd\u0131r. Bununla yana\u015f\u0131, Daxili Qo\u015funlar\u0131n yeni yaranm\u0131\u015f Xank\u0259ndi birqadas\u0131n\u0131n da tibb xidm\u0259ti v\u0259zif\u0259sini yerin\u0259 yetir\u0259si olmu\u015fdur. O,X\u0131nd\u0131r\u0131stan k\u0259nd orta m\u0259kt\u0259b\u0259inin binas\u0131nda yerl\u0259\u015f\u0259n&nbsp; h\u0259rbi s\u0259hra lazaretin\u0259 (tibb m\u0259t\u0259q\u0259sin\u0259) \u00f6z\u00fc r\u0259hb\u0259rlik etmi\u015fdir.<\/p>\n\n\n\n<figure class=\"wp-block-image size-large is-resized\"><img loading=\"lazy\" decoding=\"async\" src=\"https:\/\/fedai.az\/wp-content\/uploads\/2021\/08\/i809.jpg\" alt=\"\" class=\"wp-image-45302\" width=\"908\" height=\"624\" srcset=\"https:\/\/fedai.az\/wp-content\/uploads\/2021\/08\/i809.jpg 757w, https:\/\/fedai.az\/wp-content\/uploads\/2021\/08\/i809-300x206.jpg 300w, https:\/\/fedai.az\/wp-content\/uploads\/2021\/08\/i809-150x103.jpg 150w\" sizes=\"auto, (max-width: 908px) 100vw, 908px\" \/><\/figure>\n\n\n\n<p>&nbsp;&nbsp;&nbsp;&nbsp;&nbsp;&nbsp;&nbsp;&nbsp; Ehtiyyatda olan tibb xidm\u0259ti mayoru M\u0259h\u0259mm\u0259d M\u0259mm\u0259dov Daxili Qo\u015funlar\u0131n Ba\u015f idar\u0259sinin&nbsp; Bin\u0259q\u0259di, A\u011fdam,A\u011fd\u0259r\u0259 rayonlar\u0131nda yerl\u0259\u015f\u0259n h\u0259rbi hiss\u0259l\u0259rd\u0259 v\u0259 Xank\u0259ndi birqadas\u0131nda tibb xidm\u0259ti r\u0259isi , Daxili Qo\u015funlar\u0131n Bas \u0130dar\u0259sinin tibb \u015f\u00f6b\u0259sind\u0259 ba\u015f zabit,&nbsp;&nbsp; Daxili Qosunlar\u0131n h\u0259rbi hospital\u0131nda is\u0259 ba\u015f ordinator v\u0259zif\u0259l\u0259rind\u0259 xidm\u0259t etd\u0259rk\u0259n s\u0259m\u0259r\u0259li f\u0259aliyy\u0259ti il\u0259, t\u0259\u015fk\u0131lat\u00e7\u0131l\u0131q bacar\u0131\u011f\u0131 il\u0259, i\u015fg\u00fczarl\u0131q v\u0259 m\u0259n\u0259vi keyfiyy\u0259til\u0259 Daxili Qo\u015funlar Komandanl\u0131gn\u0131n daimi diqq\u0259t m\u0259rk\u0259zind\u0259 olmu\u015fdur.<\/p>\n\n\n\n<figure class=\"wp-block-image size-large is-resized\"><img loading=\"lazy\" decoding=\"async\" src=\"https:\/\/fedai.az\/wp-content\/uploads\/2021\/08\/IMG-20210812-WA0009.jpg\" alt=\"\" class=\"wp-image-45312\" width=\"908\" height=\"1038\" srcset=\"https:\/\/fedai.az\/wp-content\/uploads\/2021\/08\/IMG-20210812-WA0009.jpg 637w, https:\/\/fedai.az\/wp-content\/uploads\/2021\/08\/IMG-20210812-WA0009-263x300.jpg 263w, https:\/\/fedai.az\/wp-content\/uploads\/2021\/08\/IMG-20210812-WA0009-131x150.jpg 131w\" sizes=\"auto, (max-width: 908px) 100vw, 908px\" \/><\/figure>\n\n\n\n<p>&nbsp;&nbsp;&nbsp;&nbsp;&nbsp;&nbsp;&nbsp;&nbsp;&nbsp;&nbsp; <strong>O,&nbsp; \u00f6m\u00fcr\u00fcn \u0259n \u015f\u0259r\u0259fli&nbsp; anlar\u0131n\u0131 V\u0259t\u0259nin m\u00fcdafi\u0259sind\u0259 kecir\u0259n h\u0259kim xidm\u0259tini \u015f\u0259r\u0259fl\u0259 ba\u015fa vuraraq&nbsp; 2000- ci ilin son ay\u0131nda&nbsp; s\u0131ralar\u0131m\u0131zdan ehtiyyatda burax\u0131l\u0131b .Onun xidm\u0259t etdiyi h\u0259rbi hiss\u0259d\u0259&nbsp; bir tibb xidm\u0259ti r\u0259si kimi Az\u0259rbaycan\u0131n\u0131 \u0259razi b\u00fct\u00f6vl\u00fcy\u00fc u\u011frunda ged\u0259n d\u00f6y\u00fc\u015fl\u0259rd\u0259 b\u00f6yuk rolu olmu\u015fdur.<\/strong><\/p>\n\n\n\n<p><strong>&nbsp;&nbsp;&nbsp;&nbsp;&nbsp;&nbsp;&nbsp;&nbsp; Ehtiyyatda olan tibb xidm\u0259ti mayoru M\u0259h\u0259mm\u0259d M\u0259mm\u0259dov Pe\u015f\u0259karl\u0131\u011f\u0131 v\u0259 humanistliyi il\u0259 secil\u0259n \u0259n m\u0259hsuldar d\u00f6vr\u00fcn\u00fcn&nbsp; 52 illk \u015f\u0259r\u0259fli xidm\u0259t yolunun 6 (alti) ilini Az\u0259rbaycan&nbsp; D\u00f6vl\u0259t Tibb&nbsp; inustutunda, 46 (q\u0131r\u0131x alt\u0131 ilin is\u0259 h\u0259rbi xidm\u0259td\u0259&nbsp; v\u0259 tibb m\u00fc\u0259ssis\u0259l\u0259rind\u0259 f\u0259aliyy\u0259tini davam etdirm\u0259kd\u0259dir.<\/strong><\/p>\n\n\n\n<figure class=\"wp-block-image size-large\"><img loading=\"lazy\" decoding=\"async\" width=\"1013\" height=\"712\" src=\"https:\/\/fedai.az\/wp-content\/uploads\/2021\/08\/b6-1.jpg\" alt=\"\" class=\"wp-image-45305\" srcset=\"https:\/\/fedai.az\/wp-content\/uploads\/2021\/08\/b6-1.jpg 1013w, https:\/\/fedai.az\/wp-content\/uploads\/2021\/08\/b6-1-300x211.jpg 300w, https:\/\/fedai.az\/wp-content\/uploads\/2021\/08\/b6-1-150x105.jpg 150w, https:\/\/fedai.az\/wp-content\/uploads\/2021\/08\/b6-1-768x540.jpg 768w\" sizes=\"auto, (max-width: 1013px) 100vw, 1013px\" \/><\/figure>\n\n\n\n<p>&nbsp;&nbsp;&nbsp;&nbsp;&nbsp;&nbsp;&nbsp; O, Daxili Qo\u015funlara v\u0259 xidm\u0259t etdiyi h\u0259rbi his\u0259l\u0259r\u0259 h\u0259val\u0259 edilmi\u015f v\u0259zif\u0259l\u0259rin yerin\u0259 yetirilm\u0259sind\u0259, Cinay\u0259tgarl\u0131ga qar\u015f\u0131 m\u00fcbariz\u0259d\u0259, ictimai \u0259sayi\u015fin qorunmas\u0131nda, ictimai t\u0259hl\u00fck\u0259sizliyin t\u0259min edilm\u0259sind\u0259, el\u0259c\u0259d\u0259 Az\u0259rbaycan Respublikas\u0131n\u0131n \u0259razi b\u00fct\u00f6vl\u00fcy\u00fc&nbsp;&nbsp; u\u011frunda&nbsp; ged\u0259n d\u00f6y\u00fc\u015f \u0259m\u0259liyyatlar\u0131nda&nbsp; tibb xidm\u0259tin\u0259 h\u0259val\u0259 edilmi\u015f v\u0259zif\u0259l\u0259rin yerin\u0259 yetirilm\u0259sin\u0259&nbsp; m\u0259suliyy\u0259tl\u0259 yana\u015fm\u0131\u015fd\u0131r.<\/p>\n\n\n\n<p>&nbsp;&nbsp;<strong>M\u00fcharib\u0259 Veteran\u0131 M\u0259h\u0259mm\u0259d M\u0259mm\u0259dov&nbsp;&nbsp; Daxili Qo\u015funlar\u0131nda xidm\u0259t etdiyi m\u00fcdd\u0259td\u0259 \u015f\u0259xs\u0259n Az\u0259rbaycan Respublikas\u0131n\u0131n Konstitusiyas\u0131na v\u0259 qanunlar\u0131na, h\u0259rbi and\u0131n ( h\u0259kim&nbsp; and\u0131n ), h\u0259rbi nizam\u0259l\u0259rin t\u0259l\u0259bl\u0259rin\u0259 v\u0259 v\u0259zif\u0259 borcuna \u0259m\u0259l etm\u0259kd\u0259&nbsp; tabeliyind\u0259kil\u0259r \u00fcc\u00fcn n\u00fcmun\u0259 olmu\u015fdur.<\/strong><\/p>\n\n\n\n<p>&nbsp;&nbsp;&nbsp;&nbsp;&nbsp;&nbsp; M\u0259h\u0259mm\u0259d M\u0259mm\u0259dov Daxili \u0130\u015fl\u0259r Nazirliyinin \u0130slah \u0259m\u0259k (c\u0259za\u00e7\u0259km\u0259) m\u00fc\u0259ssis\u0259l\u0259rind\u0259, Daxili \u0130\u015fl\u0259r Nazirliyinin Daxili Qo\u015funlar\u0131nda xidm\u0259t etdiyi m\u00fcdd\u0259td\u0259 ill\u0259r \u0259rzind\u0259, Xidm\u0259td\u0259 f\u0259riql\u0259ndiyin\u0259 g\u00f6r\u0259 O, Daxili \u0130\u015fl\u0259r Nazirinin, Daxili Qo\u015funlar Komandan\u0131n, xidm\u0259t etdiyi h\u0259rbi hiss\u0259 komandirinin v\u0259 islah \u0259m\u0259k ( c\u0259za\u00e7\u0259km\u0259) m\u00fc\u0259ssis\u0259sinin r\u0259isinin m\u00fcvafiq \u0259mrl\u0259ri il\u0259 mukafland\u0131r\u0131l\u0131b.<\/p>\n\n\n\n<p>&nbsp; Ehtiyyatda olan Tibb Xidm\u0259ti mayoru hal-haz\u0131rda Qusar rayonunda OK\u0130 x\u0259st\u0259xanas\u0131nda psixatriya \u015f\u00f6b\u0259sind\u0259 \u00e7al\u0131\u015f\u0131r.<\/p>\n\n\n\n<p><strong>&nbsp;&nbsp;D\u00d6\u011eUM G\u00dcN\u00dcN\u00dcZ M\u00dcBR\u018fK M\u018fH\u018fMM\u018fD H\u018fK\u0130M!<\/strong> <strong>HE\u00c7 VAXT D\u018fRD Q\u018fM G\u00d6RM\u018fY\u018fS\u018fN!<\/strong><\/p>\n\n\n\n<p><strong>&nbsp;&nbsp;ALLAH H\u018fR ZAMAN Q\u018fLB\u0130N\u0130 SIXINTIDAN, B\u018fDB\u0130NL\u0130KD\u018fN QORUSUN!<\/strong><\/p>\n\n\n\n<p><strong>&nbsp;100 YA\u015eA, ALLAH S\u018fN\u0130 QORUSUN ! AM\u0130N !<\/strong><\/p>\n\n\n\n<p><strong>&nbsp;D\u0259rin h\u00f6rm\u0259tl\u0259, Az\u0259rbaycan V\u0259t\u0259n M\u00fcharib\u0259si Veteranlar\u0131 \u0130ctimai Birliyinin s\u0259dr m\u00fcavini polkovnik Salman Musayev<\/strong><\/p>\n\n\n\n<figure class=\"wp-block-gallery columns-2 is-cropped wp-block-gallery-2 is-layout-flex wp-block-gallery-is-layout-flex\"><ul class=\"blocks-gallery-grid\"><li class=\"blocks-gallery-item\"><figure><img loading=\"lazy\" decoding=\"async\" width=\"712\" height=\"807\" src=\"https:\/\/fedai.az\/wp-content\/uploads\/2021\/08\/p0p.jpg\" alt=\"\" data-id=\"45303\" data-link=\"https:\/\/fedai.az\/?attachment_id=45303\" class=\"wp-image-45303\" srcset=\"https:\/\/fedai.az\/wp-content\/uploads\/2021\/08\/p0p.jpg 712w, https:\/\/fedai.az\/wp-content\/uploads\/2021\/08\/p0p-265x300.jpg 265w, https:\/\/fedai.az\/wp-content\/uploads\/2021\/08\/p0p-132x150.jpg 132w\" sizes=\"auto, (max-width: 712px) 100vw, 712px\" \/><\/figure><\/li><li class=\"blocks-gallery-item\"><figure><img loading=\"lazy\" decoding=\"async\" width=\"600\" height=\"600\" src=\"https:\/\/fedai.az\/wp-content\/uploads\/2021\/08\/8265a327389da9fe4fdc2714b309120e-2-9.jpg\" alt=\"\" data-id=\"45304\" data-full-url=\"https:\/\/fedai.az\/wp-content\/uploads\/2021\/08\/8265a327389da9fe4fdc2714b309120e-2-9.jpg\" data-link=\"https:\/\/fedai.az\/?attachment_id=45304\" class=\"wp-image-45304\" srcset=\"https:\/\/fedai.az\/wp-content\/uploads\/2021\/08\/8265a327389da9fe4fdc2714b309120e-2-9.jpg 600w, https:\/\/fedai.az\/wp-content\/uploads\/2021\/08\/8265a327389da9fe4fdc2714b309120e-2-9-300x300.jpg 300w, https:\/\/fedai.az\/wp-content\/uploads\/2021\/08\/8265a327389da9fe4fdc2714b309120e-2-9-150x150.jpg 150w, https:\/\/fedai.az\/wp-content\/uploads\/2021\/08\/8265a327389da9fe4fdc2714b309120e-2-9-215x215.jpg 215w\" sizes=\"auto, (max-width: 600px) 100vw, 600px\" \/><\/figure><\/li><\/ul><\/figure>\n","protected":false},"excerpt":{"rendered":"<p>&nbsp;&nbsp;&nbsp;&nbsp;&nbsp;&nbsp;&nbsp;&nbsp;&nbsp;&nbsp; AVMV\u0130B r\u0259hb\u0259rliyi, F\u0259dai az kolektivi, Az\u0259rbaycan V\u0259t\u0259n m\u00fcharib\u0259si Veteranlar\u0131 \u0130ctimai Birliyinin s\u0259dr m\u00fcavini polkovnik Salman Musayev ehtiyyatda olan tibb xidm\u0259ti mayoru M\u0259h\u0259mm\u0259d M\u0259mm\u0259dovu<\/p>\n","protected":false},"author":2,"featured_media":45306,"comment_status":"closed","ping_status":"closed","sticky":false,"template":"","format":"standard","meta":{"footnotes":""},"categories":[5],"tags":[],"class_list":["post-45299","post","type-post","status-publish","format-standard","has-post-thumbnail","hentry","category-veteran"],"aioseo_notices":[],"_links":{"self":[{"href":"https:\/\/fedai.az\/index.php?rest_route=\/wp\/v2\/posts\/45299","targetHints":{"allow":["GET"]}}],"collection":[{"href":"https:\/\/fedai.az\/index.php?rest_route=\/wp\/v2\/posts"}],"about":[{"href":"https:\/\/fedai.az\/index.php?rest_route=\/wp\/v2\/types\/post"}],"author":[{"embeddable":true,"href":"https:\/\/fedai.az\/index.php?rest_route=\/wp\/v2\/users\/2"}],"replies":[{"embeddable":true,"href":"https:\/\/fedai.az\/index.php?rest_route=%2Fwp%2Fv2%2Fcomments&post=45299"}],"version-history":[{"count":2,"href":"https:\/\/fedai.az\/index.php?rest_route=\/wp\/v2\/posts\/45299\/revisions"}],"predecessor-version":[{"id":45313,"href":"https:\/\/fedai.az\/index.php?rest_route=\/wp\/v2\/posts\/45299\/revisions\/45313"}],"wp:featuredmedia":[{"embeddable":true,"href":"https:\/\/fedai.az\/index.php?rest_route=\/wp\/v2\/media\/45306"}],"wp:attachment":[{"href":"https:\/\/fedai.az\/index.php?rest_route=%2Fwp%2Fv2%2Fmedia&parent=45299"}],"wp:term":[{"taxonomy":"category","embeddable":true,"href":"https:\/\/fedai.az\/index.php?rest_route=%2Fwp%2Fv2%2Fcategories&post=45299"},{"taxonomy":"post_tag","embeddable":true,"href":"https:\/\/fedai.az\/index.php?rest_route=%2Fwp%2Fv2%2Ftags&post=45299"}],"curies":[{"name":"wp","href":"https:\/\/api.w.org\/{rel}","templated":true}]}}