{"id":45330,"date":"2021-08-14T12:12:27","date_gmt":"2021-08-14T08:12:27","guid":{"rendered":"https:\/\/fedai.az\/?p=45330"},"modified":"2021-08-14T12:17:00","modified_gmt":"2021-08-14T08:17:00","slug":"45330","status":"publish","type":"post","link":"https:\/\/fedai.az\/?p=45330","title":{"rendered":"HE\u00c7 K\u0130M UNUDULMUR!"},"content":{"rendered":"\n<p><strong>Az\u0259rbaycan D\u00f6vl\u0259t Pedaqoji Universitetinin \u015eamax\u0131 filial\u0131n\u0131n direktoru T\u00fcnzal\u0259 Yusifova Az\u0259rbaycan V\u0259t\u0259n M\u00fcharib\u0259si Veteranlar\u0131 \u0130ctimai Birliyinin (AVMV\u0130B) F\u0259xri f\u0259rman\u0131yla t\u0259ltif olunub.<\/strong><\/p>\n\n\n\n<p><br>Bu bar\u0259d\u0259 sayta V\u0259t\u0259n M\u00fcharib\u0259si Veteranlar\u0131 \u0130ctimai Birliyi (AVMV\u0130B) \u015eamax\u0131 rayon \u015f\u00f6b\u0259sinin s\u0259dri Fuad S\u0259miyev m\u0259lumat verib.<\/p>\n\n\n\n<figure class=\"wp-block-gallery columns-2 is-cropped wp-block-gallery-1 is-layout-flex wp-block-gallery-is-layout-flex\"><ul class=\"blocks-gallery-grid\"><li class=\"blocks-gallery-item\"><figure><img loading=\"lazy\" decoding=\"async\" width=\"713\" height=\"499\" src=\"https:\/\/fedai.az\/wp-content\/uploads\/2021\/08\/g65.jpg\" alt=\"\" data-id=\"45335\" data-full-url=\"https:\/\/fedai.az\/wp-content\/uploads\/2021\/08\/g65.jpg\" data-link=\"https:\/\/fedai.az\/?attachment_id=45335\" class=\"wp-image-45335\" srcset=\"https:\/\/fedai.az\/wp-content\/uploads\/2021\/08\/g65.jpg 713w, https:\/\/fedai.az\/wp-content\/uploads\/2021\/08\/g65-300x210.jpg 300w, https:\/\/fedai.az\/wp-content\/uploads\/2021\/08\/g65-150x105.jpg 150w\" sizes=\"auto, (max-width: 713px) 100vw, 713px\" \/><\/figure><\/li><li class=\"blocks-gallery-item\"><figure><img loading=\"lazy\" decoding=\"async\" width=\"720\" height=\"632\" src=\"https:\/\/fedai.az\/wp-content\/uploads\/2021\/08\/g78.jpg\" alt=\"\" data-id=\"45334\" data-link=\"https:\/\/fedai.az\/?attachment_id=45334\" class=\"wp-image-45334\" srcset=\"https:\/\/fedai.az\/wp-content\/uploads\/2021\/08\/g78.jpg 720w, https:\/\/fedai.az\/wp-content\/uploads\/2021\/08\/g78-300x263.jpg 300w, https:\/\/fedai.az\/wp-content\/uploads\/2021\/08\/g78-150x132.jpg 150w\" sizes=\"auto, (max-width: 720px) 100vw, 720px\" \/><\/figure><\/li><\/ul><\/figure>\n\n\n\n<p><br>O, bildirdi ki, xan\u0131m T\u00fcnzal\u0259 Yusifova, 44 g\u00fcnl\u00fck V\u0259t\u0259n m\u00fcharib\u0259si g\u00fcnl\u0259rind\u0259 Ordumuza v\u0259 c\u0259bh\u0259d\u0259n geri d\u00f6nm\u00fc\u015f qazil\u0259rimiz\u0259 verdiyi d\u0259st\u0259y\u0259 g\u00f6r\u0259 F\u0259xri f\u0259rmanla t\u0259ltif olunub. Bu g\u00fcn d\u0259 v\u0259t\u0259np\u0259rv\u0259r xan\u0131m T. Yusifovan\u0131n r\u0259hb\u0259rlik etdiyi kollektiv \u00f6z xeyirxah i\u015fl\u0259rini davam etdirir. \u015e\u0259hid ail\u0259l\u0259ri v\u0259 qazil\u0259rimizi unutmurlar.<\/p>\n\n\n\n<p>T\u0259ltif m\u0259rasimind\u0259 Ordumuzun v\u0259 m\u00fcz\u0259ff\u0259r Ali Ba\u015f Komandan\u0131m\u0131z\u0131n 44 g\u00fcn \u0259rzind\u0259 xalq\u0131m\u0131za Z\u0259f\u0259r m\u00fcjd\u0259si verm\u0259l\u0259rinin b\u00f6y\u00fck \u0259h\u0259miyy\u0259tind\u0259n dan\u0131\u015f\u0131ld\u0131. AVMV\u0130B \u015eamax\u0131 rayon \u015f\u00f6b\u0259sinin s\u0259dri Fuad S\u0259miyev veteranlar ad\u0131ndan t\u0259ltif m\u00fcnasib\u0259tiyl\u0259 T\u00fcnzal\u0259 Yusifovu t\u0259brik etdi v\u0259 \u00f6z minn\u0259tdarl\u0131\u011f\u0131n\u0131 bildirdi.<\/p>\n\n\n\n<p><br><strong>T\u0259brik edirik!<\/strong><\/p>\n\n\n\n<p><strong><br>Elnur S\u0259lim<\/strong><\/p>\n\n\n\n<figure class=\"wp-block-image size-large is-resized\"><img loading=\"lazy\" decoding=\"async\" src=\"https:\/\/fedai.az\/wp-content\/uploads\/2021\/08\/236010067_3023261301332761_6801912903416879767_n.jpg\" alt=\"\" class=\"wp-image-45333\" width=\"909\" height=\"1103\" srcset=\"https:\/\/fedai.az\/wp-content\/uploads\/2021\/08\/236010067_3023261301332761_6801912903416879767_n.jpg 720w, https:\/\/fedai.az\/wp-content\/uploads\/2021\/08\/236010067_3023261301332761_6801912903416879767_n-247x300.jpg 247w, https:\/\/fedai.az\/wp-content\/uploads\/2021\/08\/236010067_3023261301332761_6801912903416879767_n-124x150.jpg 124w\" sizes=\"auto, (max-width: 909px) 100vw, 909px\" \/><\/figure>\n","protected":false},"excerpt":{"rendered":"<p>Az\u0259rbaycan D\u00f6vl\u0259t Pedaqoji Universitetinin \u015eamax\u0131 filial\u0131n\u0131n direktoru T\u00fcnzal\u0259 Yusifova Az\u0259rbaycan V\u0259t\u0259n M\u00fcharib\u0259si Veteranlar\u0131 \u0130ctimai Birliyinin (AVMV\u0130B) F\u0259xri f\u0259rman\u0131yla t\u0259ltif olunub. Bu bar\u0259d\u0259 sayta V\u0259t\u0259n<\/p>\n","protected":false},"author":2,"featured_media":45338,"comment_status":"closed","ping_status":"closed","sticky":false,"template":"","format":"standard","meta":{"footnotes":""},"categories":[5],"tags":[],"class_list":["post-45330","post","type-post","status-publish","format-standard","has-post-thumbnail","hentry","category-veteran"],"aioseo_notices":[],"_links":{"self":[{"href":"https:\/\/fedai.az\/index.php?rest_route=\/wp\/v2\/posts\/45330","targetHints":{"allow":["GET"]}}],"collection":[{"href":"https:\/\/fedai.az\/index.php?rest_route=\/wp\/v2\/posts"}],"about":[{"href":"https:\/\/fedai.az\/index.php?rest_route=\/wp\/v2\/types\/post"}],"author":[{"embeddable":true,"href":"https:\/\/fedai.az\/index.php?rest_route=\/wp\/v2\/users\/2"}],"replies":[{"embeddable":true,"href":"https:\/\/fedai.az\/index.php?rest_route=%2Fwp%2Fv2%2Fcomments&post=45330"}],"version-history":[{"count":2,"href":"https:\/\/fedai.az\/index.php?rest_route=\/wp\/v2\/posts\/45330\/revisions"}],"predecessor-version":[{"id":45339,"href":"https:\/\/fedai.az\/index.php?rest_route=\/wp\/v2\/posts\/45330\/revisions\/45339"}],"wp:featuredmedia":[{"embeddable":true,"href":"https:\/\/fedai.az\/index.php?rest_route=\/wp\/v2\/media\/45338"}],"wp:attachment":[{"href":"https:\/\/fedai.az\/index.php?rest_route=%2Fwp%2Fv2%2Fmedia&parent=45330"}],"wp:term":[{"taxonomy":"category","embeddable":true,"href":"https:\/\/fedai.az\/index.php?rest_route=%2Fwp%2Fv2%2Fcategories&post=45330"},{"taxonomy":"post_tag","embeddable":true,"href":"https:\/\/fedai.az\/index.php?rest_route=%2Fwp%2Fv2%2Ftags&post=45330"}],"curies":[{"name":"wp","href":"https:\/\/api.w.org\/{rel}","templated":true}]}}