{"id":45340,"date":"2021-08-14T13:11:23","date_gmt":"2021-08-14T09:11:23","guid":{"rendered":"https:\/\/fedai.az\/?p=45340"},"modified":"2021-08-14T13:12:55","modified_gmt":"2021-08-14T09:12:55","slug":"pol-qobl-az%c9%99rbaycan-turkiy%c9%99-il%c9%99-h%c9%99rbi-baza-danisiqlarina-baslamalidir","status":"publish","type":"post","link":"https:\/\/fedai.az\/?p=45340","title":{"rendered":"Pol Qobl: &#171;Az\u0259rbaycan T\u00fcrkiy\u0259 il\u0259 h\u0259rbi baza dan\u0131\u015f\u0131qlar\u0131na ba\u015flamal\u0131d\u0131r&#187;"},"content":{"rendered":"\n<p>M\u0259rk\u0259zi Stokholmda yerl\u0259\u015f\u0259n S\u0130PR\u0130 S\u00fclh Ara\u015fd\u0131rmalar\u0131 M\u0259rk\u0259zinin hesabatlar\u0131na g\u00f6r\u0259, 2019-2020-ci ill\u0259rd\u0259 Erm\u0259nistan \u00fcmumilikd\u0259 250-y\u0259 yax\u0131n raket, raketd\u0259n m\u00fcdafi\u0259 sisteml\u0259ri v\u0259 t\u0259yyar\u0259 al\u0131b. Bu silahlar\u0131n b\u00f6y\u00fck hiss\u0259si is\u0259 Rusiyadan g\u0259lib.<\/p>\n\n\n\n<p>44 g\u00fcnl\u00fck m\u00fcharib\u0259ni uduzan v\u0259 h\u0259rbi texnikan\u0131n \u0259h\u0259miyy\u0259tli hiss\u0259sini itir\u0259n Erm\u0259nistan\u0131n \u00f6z ordusunu d\u00fcr\u00e7\u0259ltm\u0259k plan\u0131 davam edir. AB\u015e-da ke\u00e7mi\u015f diplomat Pol Qobl hesab edir ki, Rusiya m\u00fcharib\u0259d\u0259n sonra Erm\u0259nistan\u0131 d\u0259st\u0259kl\u0259m\u0259kl\u0259 Qaraba\u011fda neytral s\u00fclh yaratmaq missiyas\u0131 niyy\u0259ti olmad\u0131\u011f\u0131n\u0131 g\u00f6st\u0259rir:<\/p>\n\n\n\n<p>\u201cRusiya bir daha g\u00f6st\u0259rdi ki, m\u00fcnaqi\u015f\u0259d\u0259 neytral deyil v\u0259 Erm\u0259nistan-Az\u0259rbaycan aras\u0131nda iddia etdiyi kimi mediatr v\u0259zif\u0259sini yerin\u0259 yetir\u0259 bilm\u0259y\u0259c\u0259k. Bak\u0131 bu halda \u0259n az\u0131 q\u0259tiyy\u0259tli bir \u015f\u0259kild\u0259 reaksiya verm\u0259lidir. Bundan ba\u015fqa, r\u0259smi Bak\u0131 g\u0259r\u0259k T\u00fcrkiy\u0259 h\u0259rbi bazas\u0131n\u0131n Az\u0259rbaycanda yarad\u0131lmas\u0131 il\u0259 ba\u011fl\u0131 Ankara il\u0259 dan\u0131\u015f\u0131qlara ba\u015flas\u0131n\u201d.<\/p>\n\n\n\n<p>Rusiyadan olan h\u0259rbi ekspert Pavel Felgenhauer is\u0259 bel\u0259 d\u00fc\u015f\u00fcnm\u00fcr. o deyir ki, Rusiya tam m\u0259nas\u0131 il\u0259 Erm\u0259nistan\u0131n yan\u0131nda deyil: \u201cErm\u0259nistan\u0131ln tanklar\u0131 da k\u00f6hn\u0259dir. Rusiya bu tanklar\u0131 modernizasiya etm\u0259k \u00fc\u00e7\u00fcn onu \u00f6z \u0259razisin\u0259 aparmal\u0131d\u0131r. Amma nec\u0259? G\u00fcrc\u00fcstan \u0259z \u0259razisind\u0259n buna icaz\u0259\u0131 verm\u0259y\u0259c\u0259k.\u0130ran \u00fcz\u0259rind\u0259n t\u0259yyar\u0259 il\u0259 aparmal\u0131 olacaq. Amma bu da praktik deyil. B\u0259lk\u0259 d\u0259 Erm\u0259nistan \u0259razisind\u0259 zavodda bunu etm\u0259k olar. Amma ki, bunun da \u00fcz\u0259rind\u0259 i\u015fl\u0259m\u0259k laz\u0131md\u0131r\u201d.<\/p>\n\n\n\n<p>H\u0259rbi t\u0259hlil\u00e7i deyir ki, Rusiyan\u0131n he\u00e7 \u00f6z\u00fcn\u00fcn Bayraktar v\u0259 Harop kimi m\u00fcasir silahlar\u0131 yoxdur.<\/p>\n\n\n\n<p>Erm\u0259nistan\u0131n h\u0259rbi eksperti Ri\u00e7ard Kirakosyan is\u0259 \u201cAzadl\u0131q\u201d radiosuna a\u00e7\u0131qlamas\u0131nda vur\u011fulay\u0131b ki, Pa\u015finyan\u0131 daha \u00e7ox diplomatioya d\u00fc\u015f\u00fcnd\u00fcr\u00fcr, n\u0259inki h\u0259rbi quruculuq. \u00c7\u00fcnki Erm\u0259nistan ordusunun yenid\u0259n qurulmas\u0131 il\u0259 ba\u011fl\u0131 mpvcud hakimiyy\u0259tin he\u00e7 bir a\u00e7\u0131qlamas\u0131na v\u0259 \u015f\u0259rhin\u0259 rast g\u0259linm\u0259yib.<\/p>\n\n\n\n<p><strong>Natiq S\u0259lim<\/strong><\/p>\n\n\n\n<p>M\u0259nb\u0259: Konkret.az<\/p>\n","protected":false},"excerpt":{"rendered":"<p>M\u0259rk\u0259zi Stokholmda yerl\u0259\u015f\u0259n S\u0130PR\u0130 S\u00fclh Ara\u015fd\u0131rmalar\u0131 M\u0259rk\u0259zinin hesabatlar\u0131na g\u00f6r\u0259, 2019-2020-ci ill\u0259rd\u0259 Erm\u0259nistan \u00fcmumilikd\u0259 250-y\u0259 yax\u0131n raket, raketd\u0259n m\u00fcdafi\u0259 sisteml\u0259ri v\u0259 t\u0259yyar\u0259 al\u0131b. Bu silahlar\u0131n<\/p>\n","protected":false},"author":2,"featured_media":45341,"comment_status":"closed","ping_status":"closed","sticky":false,"template":"","format":"standard","meta":{"footnotes":""},"categories":[4,1],"tags":[],"class_list":["post-45340","post","type-post","status-publish","format-standard","has-post-thumbnail","hentry","category-qarabag","category-siyast"],"aioseo_notices":[],"_links":{"self":[{"href":"https:\/\/fedai.az\/index.php?rest_route=\/wp\/v2\/posts\/45340","targetHints":{"allow":["GET"]}}],"collection":[{"href":"https:\/\/fedai.az\/index.php?rest_route=\/wp\/v2\/posts"}],"about":[{"href":"https:\/\/fedai.az\/index.php?rest_route=\/wp\/v2\/types\/post"}],"author":[{"embeddable":true,"href":"https:\/\/fedai.az\/index.php?rest_route=\/wp\/v2\/users\/2"}],"replies":[{"embeddable":true,"href":"https:\/\/fedai.az\/index.php?rest_route=%2Fwp%2Fv2%2Fcomments&post=45340"}],"version-history":[{"count":3,"href":"https:\/\/fedai.az\/index.php?rest_route=\/wp\/v2\/posts\/45340\/revisions"}],"predecessor-version":[{"id":45344,"href":"https:\/\/fedai.az\/index.php?rest_route=\/wp\/v2\/posts\/45340\/revisions\/45344"}],"wp:featuredmedia":[{"embeddable":true,"href":"https:\/\/fedai.az\/index.php?rest_route=\/wp\/v2\/media\/45341"}],"wp:attachment":[{"href":"https:\/\/fedai.az\/index.php?rest_route=%2Fwp%2Fv2%2Fmedia&parent=45340"}],"wp:term":[{"taxonomy":"category","embeddable":true,"href":"https:\/\/fedai.az\/index.php?rest_route=%2Fwp%2Fv2%2Fcategories&post=45340"},{"taxonomy":"post_tag","embeddable":true,"href":"https:\/\/fedai.az\/index.php?rest_route=%2Fwp%2Fv2%2Ftags&post=45340"}],"curies":[{"name":"wp","href":"https:\/\/api.w.org\/{rel}","templated":true}]}}