{"id":45345,"date":"2021-08-14T13:41:26","date_gmt":"2021-08-14T09:41:26","guid":{"rendered":"https:\/\/fedai.az\/?p=45345"},"modified":"2021-08-14T13:41:30","modified_gmt":"2021-08-14T09:41:30","slug":"serj-sarkisyan-rus-isgalcilarinin-musaiyy%c9%99ti-il%c9%99-amarasda-olub","status":"publish","type":"post","link":"https:\/\/fedai.az\/?p=45345","title":{"rendered":"Serj Sarkisyan rus i\u015f\u011fal\u00e7\u0131lar\u0131n\u0131n m\u00fc\u015faiyy\u0259ti il\u0259 Amarasda olub"},"content":{"rendered":"\n<p><strong>Erm\u0259nistan\u0131n \u00fc\u00e7\u00fcnc\u00fc prezidentini 13 avqust 2021-ci il Da\u011fl\u0131q Qaraba\u011f\u0131n ke\u00e7mi\u015f prezidenti v\u0259 Erm\u0259ni Apostol Kils\u0259sinin Artsax yeparxiyas\u0131n\u0131n r\u0259hb\u0259ri m\u00fc\u015fayi\u0259t edib.<\/strong><\/p>\n\n\n\n<p>Bu m\u0259lumat\u0131 Simonyan\u0131n Sputnik-i yay\u0131b. \u00dc\u00e7\u00fcnc\u00fc prezidentin m\u0259tbuat xidm\u0259tind\u0259n veril\u0259n m\u0259lumata g\u00f6r\u0259, Erm\u0259nistan\u0131n ke\u00e7mi\u015f prezidenti Serj Sarqsyan Xocav\u0259nd rayonunda Amaras monast\u0131r kompleksini ziyar\u0259t edib.<\/p>\n\n\n\n<figure class=\"wp-block-image size-large\"><img loading=\"lazy\" decoding=\"async\" width=\"1000\" height=\"541\" src=\"https:\/\/fedai.az\/wp-content\/uploads\/2021\/08\/28665567.jpg\" alt=\"\" class=\"wp-image-45346\" srcset=\"https:\/\/fedai.az\/wp-content\/uploads\/2021\/08\/28665567.jpg 1000w, https:\/\/fedai.az\/wp-content\/uploads\/2021\/08\/28665567-300x162.jpg 300w, https:\/\/fedai.az\/wp-content\/uploads\/2021\/08\/28665567-150x81.jpg 150w, https:\/\/fedai.az\/wp-content\/uploads\/2021\/08\/28665567-768x415.jpg 768w\" sizes=\"auto, (max-width: 1000px) 100vw, 1000px\" \/><\/figure>\n\n\n\n<p>Sarkisyan\u0131 Da\u011fl\u0131q Qaraba\u011f\u0131n ke\u00e7mi\u015f prezidenti Bako Saakyan v\u0259 Erm\u0259ni Apostol Kils\u0259sinin Artsax Yeparxiyas\u0131n\u0131n r\u0259hb\u0259ri Vrtanes Abrahamyan m\u00fc\u015fayi\u0259t edirdi. S\u0259f\u0259r zaman\u0131 monast\u0131r\u0131n b\u0259rpa i\u015fl\u0259ri il\u0259 tan\u0131\u015f oldular.<\/p>\n\n\n\n<p>Qeyd ed\u0259k ki, z\u0259vvarlar rus s\u00fclhm\u0259raml\u0131lar\u0131n\u0131n m\u00fc\u015fayi\u0259ti il\u0259 Amaras monast\u0131r\u0131n\u0131 ziyar\u0259t edirl\u0259r. T\u0259kc\u0259 ke\u00e7\u0259n h\u0259ft\u0259 1000 -d\u0259n \u00e7ox z\u0259vvar v\u0259 yerli sakin ziyar\u0259t edib.<\/p>\n\n\n\n<p><strong>Qeyd: Niy\u0259 Jirinovskiy\u0259 mirz\u0259lik ed\u0259nl\u0259r bu rus h\u0259ngam\u0259sind\u0259n yazmay\u0131blar? Niy\u0259 Musab\u0259yov v\u0259 onun xisl\u0259tind\u0259 olan rusba\u015fl\u0131lar qarda\u015flar\u0131 v\u0259 a\u011falar\u0131 olan rus i\u015f\u011fal g\u00fccl\u0259rin\u0259 etiraz etm\u0259yibl\u0259r. Jirikin \u00e7\u00f6r\u0259yi tutsun sizi&#8230;<\/strong><\/p>\n\n\n\n<p><strong>\u018fli N\u0259sib Z\u0259rdabi<\/strong><\/p>\n\n\n\n<figure class=\"wp-block-image size-large is-resized\"><img loading=\"lazy\" decoding=\"async\" src=\"https:\/\/fedai.az\/wp-content\/uploads\/2021\/08\/236866202_4476024155807308_631326835093269058_n.jpg\" alt=\"\" class=\"wp-image-45347\" width=\"905\" height=\"1096\" srcset=\"https:\/\/fedai.az\/wp-content\/uploads\/2021\/08\/236866202_4476024155807308_631326835093269058_n.jpg 526w, https:\/\/fedai.az\/wp-content\/uploads\/2021\/08\/236866202_4476024155807308_631326835093269058_n-248x300.jpg 248w, https:\/\/fedai.az\/wp-content\/uploads\/2021\/08\/236866202_4476024155807308_631326835093269058_n-124x150.jpg 124w\" sizes=\"auto, (max-width: 905px) 100vw, 905px\" \/><\/figure>\n","protected":false},"excerpt":{"rendered":"<p>Erm\u0259nistan\u0131n \u00fc\u00e7\u00fcnc\u00fc prezidentini 13 avqust 2021-ci il Da\u011fl\u0131q Qaraba\u011f\u0131n ke\u00e7mi\u015f prezidenti v\u0259 Erm\u0259ni Apostol Kils\u0259sinin Artsax yeparxiyas\u0131n\u0131n r\u0259hb\u0259ri m\u00fc\u015fayi\u0259t edib. Bu m\u0259lumat\u0131 Simonyan\u0131n Sputnik-i<\/p>\n","protected":false},"author":2,"featured_media":45348,"comment_status":"closed","ping_status":"closed","sticky":false,"template":"","format":"standard","meta":{"footnotes":""},"categories":[4],"tags":[],"class_list":["post-45345","post","type-post","status-publish","format-standard","has-post-thumbnail","hentry","category-qarabag"],"aioseo_notices":[],"_links":{"self":[{"href":"https:\/\/fedai.az\/index.php?rest_route=\/wp\/v2\/posts\/45345","targetHints":{"allow":["GET"]}}],"collection":[{"href":"https:\/\/fedai.az\/index.php?rest_route=\/wp\/v2\/posts"}],"about":[{"href":"https:\/\/fedai.az\/index.php?rest_route=\/wp\/v2\/types\/post"}],"author":[{"embeddable":true,"href":"https:\/\/fedai.az\/index.php?rest_route=\/wp\/v2\/users\/2"}],"replies":[{"embeddable":true,"href":"https:\/\/fedai.az\/index.php?rest_route=%2Fwp%2Fv2%2Fcomments&post=45345"}],"version-history":[{"count":1,"href":"https:\/\/fedai.az\/index.php?rest_route=\/wp\/v2\/posts\/45345\/revisions"}],"predecessor-version":[{"id":45349,"href":"https:\/\/fedai.az\/index.php?rest_route=\/wp\/v2\/posts\/45345\/revisions\/45349"}],"wp:featuredmedia":[{"embeddable":true,"href":"https:\/\/fedai.az\/index.php?rest_route=\/wp\/v2\/media\/45348"}],"wp:attachment":[{"href":"https:\/\/fedai.az\/index.php?rest_route=%2Fwp%2Fv2%2Fmedia&parent=45345"}],"wp:term":[{"taxonomy":"category","embeddable":true,"href":"https:\/\/fedai.az\/index.php?rest_route=%2Fwp%2Fv2%2Fcategories&post=45345"},{"taxonomy":"post_tag","embeddable":true,"href":"https:\/\/fedai.az\/index.php?rest_route=%2Fwp%2Fv2%2Ftags&post=45345"}],"curies":[{"name":"wp","href":"https:\/\/api.w.org\/{rel}","templated":true}]}}