{"id":45360,"date":"2021-08-15T00:30:19","date_gmt":"2021-08-14T20:30:19","guid":{"rendered":"https:\/\/fedai.az\/?p=45360"},"modified":"2021-08-15T00:30:22","modified_gmt":"2021-08-14T20:30:22","slug":"jirinovskinin-cixisina-gor%c9%99-az%c9%99rbaycandan-uzr-ist%c9%99yir%c9%99m-sergey-markov","status":"publish","type":"post","link":"https:\/\/fedai.az\/?p=45360","title":{"rendered":"\u201cJirinovskinin \u00e7\u0131x\u0131\u015f\u0131na g\u00f6r\u0259 Az\u0259rbaycandan \u00fczr ist\u0259yir\u0259m\u201d \u2013 Sergey Markov"},"content":{"rendered":"\n<p><strong>\u201cAz\u0259rbaycan, G\u00fcrc\u00fcstan v\u0259 Erm\u0259nistana qar\u015f\u0131 Vladimir Jirinovskinin &nbsp;kobud v\u0259 t\u0259hqiredici \u00e7\u0131x\u0131\u015f\u0131 q\u0259ti \u015f\u0259kild\u0259 Kremlin m\u00f6vqeyini \u0259ks etdirmir. Bu tamamil\u0259 onun \u00f6z m\u00f6vqeyidir. Jirinovskinin t\u0259bli\u011fat kampaniyas\u0131n\u0131n m\u00fcdd\u0259ti azd\u0131r, ona g\u00f6r\u0259 d\u0259 bu kimi \u00e7\u0131x\u0131\u015flarla o, \u00f6z se\u00e7icil\u0259rini c\u0259lb etm\u0259y\u0259 \u00e7al\u0131\u015f\u0131r\u201d.<\/strong><\/p>\n\n\n\n<p>Bu s\u00f6zl\u0259ri Yenisabah.az-a a\u00e7\u0131qlamas\u0131nda Rusiyan\u0131n tan\u0131nm\u0131\u015f ictimai xadimi, Siyasi Ara\u015fd\u0131rmalar \u0130nstitutunun ba\u015f direktoru Sergey Markov deyib.<\/p>\n\n\n\n<p>\u201cOnun se\u00e7icil\u0259rinin \u0259ks\u0259riyy\u0259ti ki\u015fil\u0259r, y\u00fcks\u0259k t\u0259hsilli v\u0259 az maa\u015fl\u0131 \u015f\u0259xsl\u0259rdir v\u0259 onlarda bu tip \u00e7\u0131x\u0131\u015flar daha y\u00fcks\u0259k \u0259hval-ruhiyy\u0259 yarad\u0131r. Buna g\u00f6r\u0259 d\u0259 Jirinovski s\u0259rt \u00e7\u0131x\u0131\u015flar ed\u0259r\u0259k onlar\u0131 c\u0259lb edir. Lakin dediyim kimi, onun bu \u00e7\u0131x\u0131\u015flar\u0131 q\u0259ti \u015f\u0259kild\u0259 Rusiya siyas\u0259ti deyil, \u015f\u0259xsi fikirl\u0259ridir\u201d,-dey\u0259 politoloq bildirib.<\/p>\n\n\n\n<p>H\u0259ms\u00f6hb\u0259timiz g\u00fcman edir ki, Jirinovski t\u0259bli\u011fat kampaniyas\u0131 bitdikd\u0259n sonra Az\u0259rbaycandan \u00fczr ist\u0259y\u0259c\u0259k v\u0259 ya daha yum\u015faq \u00e7\u0131x\u0131\u015f\u0131 il\u0259 \u00f6z\u00fcn\u00fc Az\u0259rbaycana \u0259fv etdirm\u0259y\u0259 \u00e7al\u0131\u015facaq:<\/p>\n\n\n\n<p>\u201c\u015e\u0259xs\u0259n m\u0259n Jirinovskinin \u00e7\u0131x\u0131\u015f\u0131na g\u00f6r\u0259 b\u00fct\u00fcn rus politoloqlar ad\u0131ndan Az\u0259rbaycandan \u00fczr ist\u0259yir\u0259m. H\u0259m\u00e7inin Az\u0259rbaycana qar\u015f\u0131 kobud v\u0259 yara\u015fmayan fikirl\u0259r s\u0259sl\u0259ndir\u0259n b\u00fct\u00fcn rus siyas\u0259t\u00e7il\u0259rin ad\u0131nda da \u00fczr ist\u0259yir\u0259m. Onun bu \u00e7\u0131x\u0131\u015f\u0131 Az\u0259rbaycan\u0131 sevm\u0259diyi anlam\u0131na g\u0259lmir, m\u0259n \u0259min\u0259m ki, Jirinovski Az\u0259rbaycan\u0131 \u00e7ox sevir, \u0130lham \u018fliyev\u0259 qar\u015f\u0131 b\u00f6y\u00fck r\u0259\u011fb\u0259t b\u0259sl\u0259yir. Y\u0259qin ki, kampaniya bit\u0259nd\u0259n sonra o uy\u011fun add\u0131m atacaq. &nbsp;Siz onu ba\u011f\u0131\u015flay\u0131n\u201d.<\/p>\n\n\n\n<p><strong>Sayad H\u018fS\u018fNL\u0130<\/strong><\/p>\n","protected":false},"excerpt":{"rendered":"<p>\u201cAz\u0259rbaycan, G\u00fcrc\u00fcstan v\u0259 Erm\u0259nistana qar\u015f\u0131 Vladimir Jirinovskinin &nbsp;kobud v\u0259 t\u0259hqiredici \u00e7\u0131x\u0131\u015f\u0131 q\u0259ti \u015f\u0259kild\u0259 Kremlin m\u00f6vqeyini \u0259ks etdirmir. Bu tamamil\u0259 onun \u00f6z m\u00f6vqeyidir. Jirinovskinin t\u0259bli\u011fat<\/p>\n","protected":false},"author":2,"featured_media":45361,"comment_status":"closed","ping_status":"closed","sticky":false,"template":"","format":"standard","meta":{"footnotes":""},"categories":[3],"tags":[],"class_list":["post-45360","post","type-post","status-publish","format-standard","has-post-thumbnail","hentry","category-gundm"],"aioseo_notices":[],"_links":{"self":[{"href":"https:\/\/fedai.az\/index.php?rest_route=\/wp\/v2\/posts\/45360","targetHints":{"allow":["GET"]}}],"collection":[{"href":"https:\/\/fedai.az\/index.php?rest_route=\/wp\/v2\/posts"}],"about":[{"href":"https:\/\/fedai.az\/index.php?rest_route=\/wp\/v2\/types\/post"}],"author":[{"embeddable":true,"href":"https:\/\/fedai.az\/index.php?rest_route=\/wp\/v2\/users\/2"}],"replies":[{"embeddable":true,"href":"https:\/\/fedai.az\/index.php?rest_route=%2Fwp%2Fv2%2Fcomments&post=45360"}],"version-history":[{"count":1,"href":"https:\/\/fedai.az\/index.php?rest_route=\/wp\/v2\/posts\/45360\/revisions"}],"predecessor-version":[{"id":45362,"href":"https:\/\/fedai.az\/index.php?rest_route=\/wp\/v2\/posts\/45360\/revisions\/45362"}],"wp:featuredmedia":[{"embeddable":true,"href":"https:\/\/fedai.az\/index.php?rest_route=\/wp\/v2\/media\/45361"}],"wp:attachment":[{"href":"https:\/\/fedai.az\/index.php?rest_route=%2Fwp%2Fv2%2Fmedia&parent=45360"}],"wp:term":[{"taxonomy":"category","embeddable":true,"href":"https:\/\/fedai.az\/index.php?rest_route=%2Fwp%2Fv2%2Fcategories&post=45360"},{"taxonomy":"post_tag","embeddable":true,"href":"https:\/\/fedai.az\/index.php?rest_route=%2Fwp%2Fv2%2Ftags&post=45360"}],"curies":[{"name":"wp","href":"https:\/\/api.w.org\/{rel}","templated":true}]}}