{"id":45363,"date":"2021-08-15T00:34:00","date_gmt":"2021-08-14T20:34:00","guid":{"rendered":"https:\/\/fedai.az\/?p=45363"},"modified":"2021-08-15T00:34:04","modified_gmt":"2021-08-14T20:34:04","slug":"solovyov-da-jirinovski-d%c9%99-qulaginin-dibini-gor%c9%99r-diplomatdan-vahabzad%c9%99y%c9%99-d%c9%99st%c9%99k","status":"publish","type":"post","link":"https:\/\/fedai.az\/?p=45363","title":{"rendered":"\u201cSolovyov da, Jirinovski d\u0259 qula\u011f\u0131n\u0131n dibini g\u00f6r\u0259r&#8230;\u201d \u2014 Diplomatdan Vahabzad\u0259y\u0259 d\u0259st\u0259k"},"content":{"rendered":"\n<p><strong>\u201cSolovyov da, Jirinovski d\u0259 qula\u011f\u0131n\u0131n dibini g\u00f6r\u0259r ki, \u0130sf\u0259ndiyar Vahabzad\u0259 c\u0259zaland\u0131r\u0131ls\u0131n\u201d.<\/strong><\/p>\n\n\n\n<p>Bu s\u00f6zl\u0259ri Yenisabah.az-a siyasi xadim, Az\u0259rbaycan\u0131n \u0130stanbuldak\u0131 ke\u00e7mi\u015f ba\u015f konsulu Xeyr\u0259ddin Qoca deyib. Sabiq ba\u015f konsul bildirib ki, bu g\u00fcn \u00f6lk\u0259d\u0259ki rusba\u015fl\u0131lar \u0130sf\u0259ndiyar Vahabzad\u0259nin \u0259leyhin\u0259 kampaniya ba\u015flatmaq q\u00fcdr\u0259tind\u0259 deyill\u0259r:<\/p>\n\n\n\n<p>\u201c\u0130sf\u0259ndiyar Vahabzad\u0259nin \u0259leyhin\u0259 kampaniya ba\u015flad\u0131ld\u0131\u011f\u0131n\u0131 d\u00fc\u015f\u00fcnm\u00fcr\u0259m. He\u00e7 el\u0259 bir \u015feyin ola bilm\u0259 ehtimal\u0131 da yoxdur. \u00c7\u00fcnki kampaniya aparanlar\u0131n el\u0259 bir q\u00fcdr\u0259ti yoxdur ki, \u0130sf\u0259ndiyar Vahabzad\u0259y\u0259 cavab versinl\u0259r.<\/p>\n\n\n\n<p>B\u0259li, do\u011frudur ki, \u0130sf\u0259ndiyar Vahabzad\u0259 el\u0259 bir ifad\u0259 i\u015fl\u0259dib. Amma vaxtil\u0259 donuza ox\u015fayan Jirinovski Az\u0259rbaycan xalq\u0131na qoyun deyib. Onda niy\u0259 demirdil\u0259r ki, Jirinovski Az\u0259rbaycan xalq\u0131n\u0131 t\u0259hqir edib? Bu g\u00fcn \u00e7\u0131x\u0131\u015f ed\u0259n rusba\u015flar onda niy\u0259 \u00e7\u0131x\u0131\u015f etmirdil\u0259r? Niy\u0259 demirdil\u0259r ki, Jirinovski, s\u0259ni h\u0259bs etm\u0259k, 50 il Az\u0259rbaycana qoymamaq laz\u0131md\u0131r?<\/p>\n\n\n\n<p>M\u0259n bu g\u00fcn yazm\u0131\u015fam ki, Jirinovski 100 il Az\u0259rbaycana g\u0259lm\u0259sin. B\u00fct\u00fcn insanlar da m\u0259nl\u0259 raz\u0131d\u0131r, he\u00e7 kim etiraz etm\u0259yib. Solovyov haqq\u0131nda da yazm\u0131\u015fam ki, donuz Jirinovskiy\u0259 ox\u015fayan Solovyov kimdir ki, \u201c\u0130sf\u0259ndiyar Vahabzad\u0259 g\u0259lsin, burada m\u00fchakim\u0259 olunsun\u201d,-deyir?\u201d<\/p>\n\n\n\n<p>H\u0259ms\u00f6hb\u0259timiz ruslar\u0131n Az\u0259rbaycana yana\u015fmas\u0131n\u0131n h\u0259mi\u015f\u0259 b\u0259lli oldu\u011funu vur\u011fulay\u0131b:<\/p>\n\n\n\n<p>\u201cAz\u0259rbaycan Xarici \u0130\u015fl\u0259r Nazirliyi yaz\u0131r ki, \u0130sf\u0259ndiyar Vahabzad\u0259 bizim diplomat deyil. Amma reall\u0131q odur ki, Xarici \u0130\u015fl\u0259r Nazirliyind\u0259n bunu soru\u015fan yoxdur. X\u0130N \u00f6z\u00fcn\u00fc s\u0131\u011fortalay\u0131r v\u0259 Rusiyan\u0131n qar\u015f\u0131s\u0131nda hesabat verir. Ay\u0131b deyil?<\/p>\n\n\n\n<p>\u0130sf\u0259ndiyar Vahabzad\u0259 el\u0259 indi d\u0259 diplomatd\u0131r. Onun diplomat r\u00fctb\u0259si h\u0259l\u0259 d\u0259 qal\u0131r. Xarici \u0130\u015fl\u0259r Nazirliyi bel\u0259 b\u0259yanat yaymaqla savads\u0131zl\u0131\u011f\u0131n\u0131 b\u00fcruz\u0259 verir. \u0130ndi ki azad s\u00f6z vaxt\u0131d\u0131r, m\u0259n d\u0259 \u00f6z fikrimi deyir\u0259m.<\/p>\n\n\n\n<p>Bir ne\u00e7\u0259 g\u00fcn \u0259vv\u0259l Jirinovski Az\u0259rbaycan xalq\u0131n\u0131 a\u015fa\u011f\u0131lay\u0131b, t\u0259hqir v\u0259 t\u0259hdid edib. \u201cKomsomolskaya Pravda\u201d radiosunun \u201c\u0130toqi s Jirinovskim\u201d proqram\u0131nda Az\u0259rbaycan d\u00f6vl\u0259t\u00e7iliyi v\u0259 r\u0259hb\u0259rliyinin \u00fcnvan\u0131na q\u0259r\u0259zli v\u0259 t\u0259hqiramiz fikirl\u0259r s\u0259sl\u0259ndirib. Az\u0259rbaycan Xarici \u0130\u015fl\u0259r Nazirliyi d\u0259 Rusiya Federasiyasinin \u00f6lk\u0259mizd\u0259ki s\u0259firliyinin m\u00fcv\u0259qq\u0259ti i\u015fl\u0259r v\u0259kilini \u00e7a\u011f\u0131r\u0131b v\u0259 bunu onun diqq\u0259tin\u0259 \u00e7atd\u0131r\u0131b. Diqq\u0259tin\u0259 \u00e7atd\u0131rmaq is\u0259 azd\u0131r, n\u0259s\u0259 i\u015f g\u00f6rm\u0259k laz\u0131md\u0131r ki, Jirinovski bir d\u0259 bu add\u0131m\u0131 atmas\u0131n. Bu \u015feyl\u0259ri etm\u0259m\u0259k bizim z\u0259ifliyimizi g\u00f6st\u0259rib. Ayd\u0131n &nbsp;m\u0259s\u0259l\u0259ydi ki, biz m\u00fcv\u0259qq\u0259ti i\u015fl\u0259r v\u0259kilini d\u00f6y\u0259si deyildik, onun diqq\u0259tin\u0259 \u00e7atd\u0131rmal\u0131yd\u0131q, amma i\u015fi davam etdirm\u0259k laz\u0131m idi\u201d.<\/p>\n\n\n\n<p>Dilomat diqq\u0259t\u0259 \u00e7atd\u0131r\u0131b ki, Rusiyan\u0131n biz\u0259 qar\u015f\u0131 bu m\u00fcnasib\u0259tini \u0130sf\u0259ndiyar Vahabzad\u0259 yaratmay\u0131b:<\/p>\n\n\n\n<p>\u201c\u0130sf\u0259ndiyar Vahabzad\u0259y\u0259 he\u00e7 min il d\u0259 Rusiya laz\u0131m deyil. He\u00e7 biz\u0259 d\u0259 laz\u0131m deyil, kim\u0259 laz\u0131md\u0131rsa, onlar ba\u015f qo\u015fsunlar. Biz d\u00f6vl\u0259t\u00e7iliyi g\u00f6z\u0259l bilirik. \u0130nsanlar \u0130sf\u0259ndiyar Vahabzad\u0259ni t\u0259qdir edirl\u0259r. Onun \u0259leyhin\u0259 kampaniya aparmaq ist\u0259y\u0259nl\u0259r Rasim Musab\u0259yov kimil\u0259rdir. Onlar\u0131n babalar\u0131 Q\u0259z\u0259nf\u0259r Musab\u0259yov, \u018fliheyd\u0259r Qarayev Az\u0259rbaycan xalq\u0131n\u0131n satq\u0131nlar\u0131 olublar. Musab\u0259yovun Milli M\u0259clisd\u0259 i\u015fi yoxdur. Bu rusba\u015fl\u0131lar r\u0259dd olub Az\u0259rbaycandan getm\u0259lidirl\u0259r. Ruslar\u0131n biz\u0259 n\u0259 xeyiri var ax\u0131? \u0130ndi d\u0259 s\u00fclhm\u0259raml\u0131 ad\u0131 il\u0259 erm\u0259nil\u0259ri biz\u0259 qar\u015f\u0131 qald\u0131r\u0131rlar, h\u00fccumlar edirl\u0259r. El\u0259 s\u00fclhm\u0259raml\u0131lar da r\u0259dd olmal\u0131d\u0131r\u201d.<\/p>\n","protected":false},"excerpt":{"rendered":"<p>\u201cSolovyov da, Jirinovski d\u0259 qula\u011f\u0131n\u0131n dibini g\u00f6r\u0259r ki, \u0130sf\u0259ndiyar Vahabzad\u0259 c\u0259zaland\u0131r\u0131ls\u0131n\u201d. Bu s\u00f6zl\u0259ri Yenisabah.az-a siyasi xadim, Az\u0259rbaycan\u0131n \u0130stanbuldak\u0131 ke\u00e7mi\u015f ba\u015f konsulu Xeyr\u0259ddin Qoca deyib.<\/p>\n","protected":false},"author":2,"featured_media":45364,"comment_status":"closed","ping_status":"closed","sticky":false,"template":"","format":"standard","meta":{"footnotes":""},"categories":[3],"tags":[],"class_list":["post-45363","post","type-post","status-publish","format-standard","has-post-thumbnail","hentry","category-gundm"],"aioseo_notices":[],"_links":{"self":[{"href":"https:\/\/fedai.az\/index.php?rest_route=\/wp\/v2\/posts\/45363","targetHints":{"allow":["GET"]}}],"collection":[{"href":"https:\/\/fedai.az\/index.php?rest_route=\/wp\/v2\/posts"}],"about":[{"href":"https:\/\/fedai.az\/index.php?rest_route=\/wp\/v2\/types\/post"}],"author":[{"embeddable":true,"href":"https:\/\/fedai.az\/index.php?rest_route=\/wp\/v2\/users\/2"}],"replies":[{"embeddable":true,"href":"https:\/\/fedai.az\/index.php?rest_route=%2Fwp%2Fv2%2Fcomments&post=45363"}],"version-history":[{"count":1,"href":"https:\/\/fedai.az\/index.php?rest_route=\/wp\/v2\/posts\/45363\/revisions"}],"predecessor-version":[{"id":45365,"href":"https:\/\/fedai.az\/index.php?rest_route=\/wp\/v2\/posts\/45363\/revisions\/45365"}],"wp:featuredmedia":[{"embeddable":true,"href":"https:\/\/fedai.az\/index.php?rest_route=\/wp\/v2\/media\/45364"}],"wp:attachment":[{"href":"https:\/\/fedai.az\/index.php?rest_route=%2Fwp%2Fv2%2Fmedia&parent=45363"}],"wp:term":[{"taxonomy":"category","embeddable":true,"href":"https:\/\/fedai.az\/index.php?rest_route=%2Fwp%2Fv2%2Fcategories&post=45363"},{"taxonomy":"post_tag","embeddable":true,"href":"https:\/\/fedai.az\/index.php?rest_route=%2Fwp%2Fv2%2Ftags&post=45363"}],"curies":[{"name":"wp","href":"https:\/\/api.w.org\/{rel}","templated":true}]}}